{"id":394,"date":"2013-03-29T12:51:00","date_gmt":"2013-03-29T12:51:00","guid":{"rendered":"https:\/\/www.bfv.cloud\/ajedrezeuropa\/index.php\/2013\/03\/29\/20-ajedrecistas-de-nuestros-clubes-en-el-regional-por-edades-de-tomelloso\/"},"modified":"2025-11-20T10:17:06","modified_gmt":"2025-11-20T10:17:06","slug":"20-ajedrecistas-de-nuestros-clubes-en-el-regional-por-edades-de-tomelloso","status":"publish","type":"post","link":"https:\/\/www.bfv.cloud\/ajedrezeuropa\/20-ajedrecistas-de-nuestros-clubes-en-el-regional-por-edades-de-tomelloso\/","title":{"rendered":"20 AJEDRECISTAS DE NUESTROS CLUBES EN EL REGIONAL POR EDADES DE TOMELLOSO"},"content":{"rendered":"<div class=\"separator\" style=\"clear: both;text-align: center\">\n<a href=\"https:\/\/www.bfv.cloud\/ajedrezeuropa\/wp-content\/uploads\/2013\/03\/CARTELCONPATROCINADORES.jpg\" style=\"clear: left;float: left;margin-bottom: 1em;margin-right: 1em\"><img fetchpriority=\"high\" decoding=\"async\" border=\"0\" height=\"400\" src=\"https:\/\/blogger.googleusercontent.com\/img\/b\/R29vZ2xl\/AVvXsEi6SPFn41vJwKiO8zRJVcl_2Q9rZ_2zlz5nUc2PjKu15Qr2C7EQObLo2ZXDcQdVGRW7PlBnt7zctLFempLlqH6TqnN2q2qnnEitCZhBxICGCLy521x4YrGWsT3NFmd47s6_Aqx_a9oDBNs\/s400\/CARTEL+CON+PATROCINADORES.jpg\" width=\"282\" \/><\/a><\/div>\n<p><span style=\"font-family: Verdana, sans-serif\"><i>Con el Campeonato de Castilla-La Mancha por Edades comienzan a disputarse las competiciones regionales de ajedrez de esta temporada.En menos de una semana, Tomelloso, albergar\u00e1 por primera vez el auton\u00f3mico desde la categor\u00eda sub-8 a la sub-18 con unas inscripciones de 144 jugadores, a d\u00eda de hoy. Es muy importante y meritorio el esfuerzo que &nbsp;el club de ajedrez Tomelloso est\u00e1 realizando para sacar adelante la organizaci\u00f3n de la competici\u00f3n con mayor n\u00famero de participantes de cuantas se juegan en el ajedrez castellano-manchego.<\/i><\/span><br \/>\n<span style=\"font-family: Verdana, sans-serif\"><i>Por n\u00famero de inscritos destacan los 40 del propio club tomellosero y los 20 pertenecientes a nuestros clubes y escuelas de Alc\u00e1zar y Villafranca. Tambi\u00e9n &nbsp;es muy notable la progresi\u00f3n que en n\u00famero de ajedrecistas han experimentado las poblaciones de Valdepe\u00f1as y Villarrobledo, con 13 y 10 inscritos respectivamente.<\/i><\/span><br \/>\n<span style=\"font-family: Verdana, sans-serif\"><i><br \/><\/i><\/span><br \/>\n<\/p>\n<div style=\"text-align: center\">\n<span style=\"font-family: Verdana, sans-serif\"><b><i><u>Nuestro Ajedrez en Europa<\/u><\/i><\/b><\/span><\/div>\n<div style=\"text-align: center\">\n<span style=\"font-family: Verdana, sans-serif\"><b><i><u>vuelve a ser una<\/u><\/i><\/b><\/span><\/div>\n<div style=\"text-align: center\">\n<span style=\"font-family: Verdana, sans-serif\"><b><i><u>de las 2 representaciones m\u00e1s numerosas<\/u><\/i><\/b><\/span><\/div>\n<div style=\"text-align: left\">\n<span style=\"font-family: Verdana, sans-serif\"><i><br \/><\/i><\/span><\/div>\n<div style=\"text-align: left\">\n<span style=\"font-family: Verdana, sans-serif\"><i>Al igual que en a\u00f1os anteriores han sido muy numerosos los ajedrecistas del proyecto que han querido compartir la experiencia deportiva de este regional desde dentro, aunque algunos otros no vayan a poder por distintas razones. De este modo, 20 chicos y chicas de las escuelas de ajedrez de Alc\u00e1zar y Villafranca se repartir\u00e1n por las 6 categor\u00edas de edades, optando a todos los t\u00edtulos excepto a 2 donde no habr\u00e1 ning\u00fan representante: uno en el masculino sub-8 y el otro en el femenino sub-18.<\/i><\/span><\/div>\n<div style=\"text-align: left\">\n<span style=\"font-family: Verdana, sans-serif\"><i>Estos son todos los jugadores de Nuestro Ajedrez en Europa que disputar\u00e1n este regional por edades, comenzando por las categor\u00edas de mayor edad:<\/i><\/span><\/div>\n<div style=\"text-align: center\">\n<span style=\"color: blue;font-family: Verdana, sans-serif\"><i><b><u>Sub-18<\/u><\/b><\/i><\/span><\/div>\n<div style=\"text-align: center\">\n<span style=\"color: blue;font-family: Verdana, sans-serif\"><i><b>Jorge Sim\u00f3n Escalona (campe\u00f3n de Toledo)<\/b><\/i><\/span><\/div>\n<div style=\"text-align: center\">\n<span style=\"color: blue;font-family: Verdana, sans-serif\"><i><b>Daniel P\u00edriz Fern\u00e1ndez (subcampe\u00f3n de Toledo)<\/b><\/i><\/span><\/div>\n<div style=\"text-align: center\">\n<span style=\"color: blue;font-family: Verdana, sans-serif\"><i><b>Jos\u00e9 \u00c1ngel Vela Horcajada (subcampe\u00f3n de Ciudad Real)<\/b><\/i><\/span><\/div>\n<div style=\"text-align: center\">\n<span style=\"color: blue;font-family: Verdana, sans-serif\"><i><b>Carlos \u00c1lvarez Serrano<\/b><\/i><\/span><\/div>\n<div style=\"text-align: center\">\n<span style=\"color: blue;font-family: Verdana, sans-serif\"><i><b>Jes\u00fas M\u00aa Bricio Garc\u00eda de la Torre<\/b><\/i><\/span><\/div>\n<div style=\"text-align: center\">\n<span style=\"color: blue;font-family: Verdana, sans-serif\"><i><b><u>Sub-16<\/u><\/b><\/i><\/span><\/div>\n<div style=\"text-align: center\">\n<span style=\"color: blue;font-family: Verdana, sans-serif\"><b><i>Cosimo Leonardo de Giorgi Benavent (campe\u00f3n de Ciudad Real)<\/i><\/b><\/span><\/div>\n<div style=\"text-align: center\">\n<span style=\"color: blue;font-family: Verdana, sans-serif\"><b><i>Isaac Lozano Osorio (campe\u00f3n de Toledo)<\/i><\/b><\/span><\/div>\n<div style=\"text-align: center\">\n<span style=\"color: blue;font-family: Verdana, sans-serif\"><b><i>Silvia Toribio Camu\u00f1as (subcampeona de Toledo)<\/i><\/b><\/span><\/div>\n<div style=\"text-align: center\">\n<span style=\"color: blue;font-family: Verdana, sans-serif\"><b><i><u>Sub-14<\/u><\/i><\/b><\/span><\/div>\n<div style=\"text-align: center\">\n<span style=\"color: blue;font-family: Verdana, sans-serif\"><b><i>Javier Valdepe\u00f1as Octavio (subcampe\u00f3n &nbsp;de Ciudad Real)<\/i><\/b><\/span><\/div>\n<div style=\"text-align: center\">\n<span style=\"color: blue;font-family: Verdana, sans-serif\"><b><i>Irene Sim\u00f3n Escalona (campeona de Toledo)<\/i><\/b><\/span><\/div>\n<div style=\"text-align: center\">\n<span style=\"color: blue;font-family: Verdana, sans-serif\"><b><i>Alba P\u00edriz Fern\u00e1ndez (subcampeona de Toledo)<\/i><\/b><\/span><\/div>\n<div style=\"text-align: center\">\n<span style=\"color: blue;font-family: Verdana, sans-serif\"><b><i><u>Sub-12<\/u><\/i><\/b><\/span><\/div>\n<div style=\"text-align: center\">\n<span style=\"color: blue;font-family: Verdana, sans-serif\"><b><i>M\u00aa Isabel Marcos-Alberca Lizcano (subcampeona de Ciudad Real)<\/i><\/b><\/span><\/div>\n<div style=\"text-align: center\">\n<span style=\"color: blue;font-family: Verdana, sans-serif\"><b><i>Enrique Velasco Aragon\u00e9s<\/i><\/b><\/span><\/div>\n<div style=\"text-align: center\">\n<span style=\"color: blue;font-family: Verdana, sans-serif\"><b><i>Julia Meza Osorio<\/i><\/b><\/span><\/div>\n<div style=\"text-align: center\">\n<span style=\"color: blue;font-family: Verdana, sans-serif\"><b><i>Julio M\u00e9rida Ortiz<\/i><\/b><\/span><\/div>\n<div style=\"text-align: center\">\n<span style=\"color: blue;font-family: Verdana, sans-serif\"><b><i>Arturo Mate Mart\u00edn<\/i><\/b><\/span><\/div>\n<div style=\"text-align: center\">\n<span style=\"color: blue;font-family: Verdana, sans-serif\"><b><i>Pablo Vela Adri\u00e1n<\/i><\/b><\/span><\/div>\n<div style=\"text-align: center\">\n<span style=\"color: blue;font-family: Verdana, sans-serif\"><b><i><u>Sub-10<\/u><\/i><\/b><\/span><\/div>\n<div style=\"text-align: center\">\n<span style=\"color: blue;font-family: Verdana, sans-serif\"><b><i>Mar\u00eda Oliver Ropero (campeona de Toledo)<\/i><\/b><\/span><\/div>\n<div style=\"text-align: center\">\n<span style=\"color: blue;font-family: Verdana, sans-serif\"><b><i>\u00d3scar Roncero Gonz\u00e1lez&nbsp;<\/i><\/b><\/span><\/div>\n<div style=\"text-align: center\">\n<span style=\"color: blue;font-family: Verdana, sans-serif\"><b><i><u>Sub-8<\/u><\/i><\/b><\/span><\/div>\n<div style=\"text-align: center\">\n<span style=\"color: blue;font-family: Verdana, sans-serif\"><b><i>Nuria Lozano Serrano (campeona de Ciudad Real)<\/i><\/b><\/span><\/div>\n<div style=\"text-align: center\">\n<span style=\"color: blue;font-family: Verdana, sans-serif\"><b><i><br \/><\/i><\/b><\/span><\/div>\n<div style=\"text-align: left\">\n<span style=\"font-family: Verdana, sans-serif\"><i>\u00a1\u00a1 Mucha suerte a todos y feliz campeonato\u00a1\u00a1<\/i><\/span><br \/>\n<span style=\"font-family: Verdana, sans-serif\"><i><br \/><\/i><\/span><\/p>\n<div style=\"text-align: center\">\n<span style=\"font-family: Verdana, sans-serif\"><i>Sigue aqu\u00ed 10 partidas en cada ronda<\/i><\/span><\/div>\n<div style=\"text-align: center\">\n<span style=\"font-family: Verdana, sans-serif\"><i><br \/><\/i><\/span><\/div>\n<div style=\"text-align: center\">\n<span style=\"font-family: Verdana, sans-serif\"><i><a href=\"https:\/\/dl.dropbox.com\/u\/77841117\/tomelloso_Sub_2013\/index.html\">PARTIDAS EN DIRECTO REGIONAL EDADES<\/a><\/i><\/span><\/div>\n<\/div>\n<div style=\"text-align: left\">\n<span style=\"font-family: Verdana, sans-serif\"><i><br \/><\/i><\/span><\/div>\n<div style=\"text-align: left\">\n<span style=\"font-family: Verdana, sans-serif\"><i>Para facilitar el seguimiento de los resultados y las clasificaciones, os dejamos los enlaces con Chess-Results.<\/i><\/span><\/div>\n<div style=\"text-align: center\">\n<span style=\"font-family: Verdana, sans-serif\"><i><a href=\"http:\/\/chess-results.com\/tnr95076.aspx?lan=2\">Categor\u00eda sub-8<\/a><\/i><\/span><\/div>\n<div style=\"text-align: center\">\n<span style=\"font-family: Verdana, sans-serif\"><a href=\"http:\/\/chess-results.com\/tnr95077.aspx?art=0&amp;lan=2&amp;wi=821\">Categor\u00eda sub-10<\/a><\/span><\/div>\n<div style=\"text-align: center\">\n<span style=\"font-family: Verdana, sans-serif\"><a href=\"http:\/\/chess-results.com\/tnr95078.aspx?art=0&amp;lan=2&amp;wi=821\">Categor\u00eda sub-12<\/a><\/span><\/div>\n<div style=\"text-align: center\">\n<span style=\"font-family: Verdana, sans-serif\"><a href=\"http:\/\/chess-results.com\/tnr95079.aspx?art=0&amp;lan=2&amp;wi=821\">Categor\u00eda sub-14<\/a><\/span><\/div>\n<div style=\"text-align: center\">\n<span style=\"font-family: Verdana, sans-serif\"><a href=\"http:\/\/chess-results.com\/tnr95082.aspx?art=0&amp;lan=2&amp;wi=821\">Categor\u00eda sub-16<\/a><\/span><\/div>\n<div style=\"text-align: center\">\n<a href=\"http:\/\/chess-results.com\/tnr95083.aspx?art=0&amp;lan=2&amp;wi=821\"><span style=\"font-family: Verdana, sans-serif\">Categor\u00eda sub-18<\/span><\/a><\/div>\n<div style=\"text-align: center\">\n<\/div>\n","protected":false},"excerpt":{"rendered":"<p>Con el Campeonato de Castilla-La Mancha por Edades comienzan a disputarse las competiciones regionales de ajedrez de esta temporada.En menos de una semana, Tomelloso, albergar\u00e1 por primera vez el auton\u00f3mico desde la categor\u00eda sub-8 a la sub-18 con unas inscripciones de 144 jugadores, a d\u00eda de hoy. Es muy importante y meritorio el esfuerzo que [&hellip;]<\/p>\n","protected":false},"author":1,"featured_media":395,"comment_status":"open","ping_status":"closed","sticky":false,"template":"","format":"standard","meta":{"footnotes":""},"categories":[1],"tags":[],"class_list":["post-394","post","type-post","status-publish","format-standard","has-post-thumbnail","hentry","category-noticias"],"_links":{"self":[{"href":"https:\/\/www.bfv.cloud\/ajedrezeuropa\/wp-json\/wp\/v2\/posts\/394","targetHints":{"allow":["GET"]}}],"collection":[{"href":"https:\/\/www.bfv.cloud\/ajedrezeuropa\/wp-json\/wp\/v2\/posts"}],"about":[{"href":"https:\/\/www.bfv.cloud\/ajedrezeuropa\/wp-json\/wp\/v2\/types\/post"}],"author":[{"embeddable":true,"href":"https:\/\/www.bfv.cloud\/ajedrezeuropa\/wp-json\/wp\/v2\/users\/1"}],"replies":[{"embeddable":true,"href":"https:\/\/www.bfv.cloud\/ajedrezeuropa\/wp-json\/wp\/v2\/comments?post=394"}],"version-history":[{"count":1,"href":"https:\/\/www.bfv.cloud\/ajedrezeuropa\/wp-json\/wp\/v2\/posts\/394\/revisions"}],"predecessor-version":[{"id":396,"href":"https:\/\/www.bfv.cloud\/ajedrezeuropa\/wp-json\/wp\/v2\/posts\/394\/revisions\/396"}],"wp:featuredmedia":[{"embeddable":true,"href":"https:\/\/www.bfv.cloud\/ajedrezeuropa\/wp-json\/wp\/v2\/media\/395"}],"wp:attachment":[{"href":"https:\/\/www.bfv.cloud\/ajedrezeuropa\/wp-json\/wp\/v2\/media?parent=394"}],"wp:term":[{"taxonomy":"category","embeddable":true,"href":"https:\/\/www.bfv.cloud\/ajedrezeuropa\/wp-json\/wp\/v2\/categories?post=394"},{"taxonomy":"post_tag","embeddable":true,"href":"https:\/\/www.bfv.cloud\/ajedrezeuropa\/wp-json\/wp\/v2\/tags?post=394"}],"curies":[{"name":"wp","href":"https:\/\/api.w.org\/{rel}","templated":true}]}}