{"id":3942,"date":"2013-07-08T13:30:00","date_gmt":"2013-07-08T13:30:00","guid":{"rendered":"https:\/\/www.bfv.cloud\/ajedrezeuropa\/index.php\/2013\/07\/08\/isabel-marcos-alberca-lizcano-en-el-campeonato-de-espana-sub-12\/"},"modified":"2025-11-20T11:09:57","modified_gmt":"2025-11-20T11:09:57","slug":"isabel-marcos-alberca-lizcano-en-el-campeonato-de-espana-sub-12","status":"publish","type":"post","link":"https:\/\/www.bfv.cloud\/ajedrezeuropa\/isabel-marcos-alberca-lizcano-en-el-campeonato-de-espana-sub-12\/","title":{"rendered":"ISABEL MARCOS-ALBERCA LIZCANO EN EL CAMPEONATO DE ESPA\u00d1A SUB-12"},"content":{"rendered":"<div class=\"separator\" style=\"clear: both;text-align: center\">\n<a href=\"https:\/\/www.bfv.cloud\/ajedrezeuropa\/wp-content\/uploads\/2013\/07\/Copiadefotosciudadreal010.jpg\" style=\"clear: left;float: left;margin-bottom: 1em;margin-right: 1em\"><img fetchpriority=\"high\" decoding=\"async\" border=\"0\" height=\"300\" src=\"https:\/\/blogger.googleusercontent.com\/img\/b\/R29vZ2xl\/AVvXsEjorTf1PF1-rXPPHsf9l7qCNl2FYjTvbI5xEpZe-W3mpAv22I8hAPnwNZt69G3B-rnCLsHgPl5tHh3IY4Z0mTD-m-uBz6oGuEIp0Vl0egu-8UFXKP1s8wl99zZq3SYzVA2sMp3w0rlZ-OU\/s400\/Copia+de+fotos+ciudad+real+010.jpg\" width=\"400\" \/><\/a><\/div>\n<div class=\"MsoBodyText\">\n<span style=\"font-family: Verdana, sans-serif\"><b>Un total de 135 jugadores (105 chicos y 30 chicas) han<br \/>\niniciado hoy en Salobre\u00f1a el Campeonato de Espa\u00f1a de la categor\u00eda sub-12. Son 7<br \/>\nlos ajedrecistas castellano-manchegos que participan y, de entre ellos, la<br \/>\n\u00fanica chica, es nuestra alumna de la escuela de Alc\u00e1zar, M\u00aa Isabel<br \/>\nMarcos-\u00c1lberca Lizcano. Isabel es integrante del equipo sub-16 del club Nuestro<br \/>\nAjedrez por la Igualdad y, este a\u00f1o, se proclam\u00f3 campeona regional sub-12 en<br \/>\nTomelloso. Esta es su primera participaci\u00f3n en una competici\u00f3n nacional y<br \/>\nasiste despu\u00e9s de haber debutado en el Escolar de Castilla-La Mancha y el<br \/>\nprovincial de Toledo por clubes sub-16. Seguro que la experiencia de sus<br \/>\nhermanos, Manuel y Fernando, que la acompa\u00f1an en Salobre\u00f1a, va a resultarle muy<br \/>\nbeneficiosa para el entrenamiento y preparaci\u00f3n en cada ronda de juego.<\/b><\/span><\/div>\n<p><\/p>\n<div class=\"MsoBodyText\">\n<span style=\"font-family: Verdana, sans-serif\"><b>&nbsp;&nbsp;&nbsp;&nbsp;&nbsp;&nbsp;&nbsp;&nbsp;&nbsp;&nbsp;&nbsp; Aqu\u00ed<br \/>\ndejamos los enlaces para poder seguir las partidas retransmitidas en directo y<br \/>\nlos resultados y clasificaciones a trav\u00e9s de la p\u00e1gina de Chess-Results.&nbsp;<\/b><\/span><\/div>\n<div class=\"MsoBodyText\" style=\"text-align: center\">\n<span style=\"font-family: Verdana, sans-serif\"><b><a href=\"http:\/\/www.soloajedrez.com\/feda\/2013\/sub12.html\">PARTIDAS EN DIRECTO<\/a><\/b><\/span><\/div>\n<div class=\"MsoBodyText\" style=\"text-align: center\">\n<span style=\"font-family: Verdana, sans-serif\"><a href=\"http:\/\/www.chess-results.com\/tnr104201.aspx?art=0&amp;lan=2&amp;turdet=YES&amp;flag=30&amp;wi=984\">RESULTADOS Y CLASIFICACIONES SUB-12<\/a><\/span><\/div>\n<div class=\"MsoBodyText\" style=\"text-align: center\">\n<\/div>\n<h2>\n<div style=\"text-align: center\">\n<b><u><span style=\"color: #274e13\">CONFIRMADO EL CALENDARIO DE COMPETICIONES<\/span><\/u><\/b><\/div>\n<p><b><\/p>\n<div style=\"text-align: center\">\n<b><u><span style=\"color: #274e13\">PARA LOS CAMPEONATOS POR EQUIPOS SUB-16<\/span><\/u><\/b><\/div>\n<div style=\"text-align: center\">\n<b><u><span style=\"color: blue\"><br \/><\/span><\/u><\/b><\/div>\n<div class=\"MsoBodyText\">\n<b><span style=\"color: #274e13\">El pasado s\u00e1bado nos<br \/>\ncomunicaban el lugar y fechas definitivas para el Campeonato Regional por<br \/>\nEquipos sub-16. Al parecer, la direcci\u00f3n general de deportes de la Junta de Castilla-La<br \/>\nMancha, ha concedido el albergue de San Servando en Toledo para su celebraci\u00f3n<br \/>\ndurante los d\u00edas 8, 9, 10 y 11 de septiembre. Esta ser\u00e1 la 4\u00aa edici\u00f3n en la que<br \/>\nse disputar\u00e1 y, de nuevo, contar\u00e1 con la presencia del equipo sub-16 de Nuestro<br \/>\nAjedrez en Europa. <\/span><\/b><\/div>\n<p><span style=\"color: #274e13\"><br \/>\n<\/span><\/p>\n<div class=\"MsoBodyText\">\n<b><span style=\"color: #274e13\">Por otra parte, la direcci\u00f3n<br \/>\nt\u00e9cnica de la FEDA, tambi\u00e9n nos ha confirmado la celebraci\u00f3n del VI CAMPEONATO<br \/>\nDE ESPA\u00d1A POR EQUIPOS DE CLUB SUB-16 en el hotel Bali de Benidorm, durante las<br \/>\nfechas tradicionales del puente de la Constituci\u00f3n en el mes de diciembre. Una<br \/>\nvez establecido este calendario, vamos a proponer las fechas para los torneos<br \/>\nde feria de Alc\u00e1zar y Villafranca. En el momento que ya est\u00e9n fijadas os lo<br \/>\ncomunicaremos.&nbsp;<\/span><span style=\"color: blue\"><\/span><\/b><\/div>\n<p><\/b><\/h2>\n<div class=\"MsoBodyText\" style=\"text-align: center\">\n<\/div>\n","protected":false},"excerpt":{"rendered":"<p>Un total de 135 jugadores (105 chicos y 30 chicas) han iniciado hoy en Salobre\u00f1a el Campeonato de Espa\u00f1a de la categor\u00eda sub-12. Son 7 los ajedrecistas castellano-manchegos que participan y, de entre ellos, la \u00fanica chica, es nuestra alumna de la escuela de Alc\u00e1zar, M\u00aa Isabel Marcos-\u00c1lberca Lizcano. Isabel es integrante del equipo sub-16 [&hellip;]<\/p>\n","protected":false},"author":1,"featured_media":3943,"comment_status":"open","ping_status":"closed","sticky":false,"template":"","format":"standard","meta":{"footnotes":""},"categories":[1],"tags":[],"class_list":["post-3942","post","type-post","status-publish","format-standard","has-post-thumbnail","hentry","category-noticias"],"_links":{"self":[{"href":"https:\/\/www.bfv.cloud\/ajedrezeuropa\/wp-json\/wp\/v2\/posts\/3942","targetHints":{"allow":["GET"]}}],"collection":[{"href":"https:\/\/www.bfv.cloud\/ajedrezeuropa\/wp-json\/wp\/v2\/posts"}],"about":[{"href":"https:\/\/www.bfv.cloud\/ajedrezeuropa\/wp-json\/wp\/v2\/types\/post"}],"author":[{"embeddable":true,"href":"https:\/\/www.bfv.cloud\/ajedrezeuropa\/wp-json\/wp\/v2\/users\/1"}],"replies":[{"embeddable":true,"href":"https:\/\/www.bfv.cloud\/ajedrezeuropa\/wp-json\/wp\/v2\/comments?post=3942"}],"version-history":[{"count":1,"href":"https:\/\/www.bfv.cloud\/ajedrezeuropa\/wp-json\/wp\/v2\/posts\/3942\/revisions"}],"predecessor-version":[{"id":3944,"href":"https:\/\/www.bfv.cloud\/ajedrezeuropa\/wp-json\/wp\/v2\/posts\/3942\/revisions\/3944"}],"wp:featuredmedia":[{"embeddable":true,"href":"https:\/\/www.bfv.cloud\/ajedrezeuropa\/wp-json\/wp\/v2\/media\/3943"}],"wp:attachment":[{"href":"https:\/\/www.bfv.cloud\/ajedrezeuropa\/wp-json\/wp\/v2\/media?parent=3942"}],"wp:term":[{"taxonomy":"category","embeddable":true,"href":"https:\/\/www.bfv.cloud\/ajedrezeuropa\/wp-json\/wp\/v2\/categories?post=3942"},{"taxonomy":"post_tag","embeddable":true,"href":"https:\/\/www.bfv.cloud\/ajedrezeuropa\/wp-json\/wp\/v2\/tags?post=3942"}],"curies":[{"name":"wp","href":"https:\/\/api.w.org\/{rel}","templated":true}]}}