{"id":3945,"date":"2025-04-04T18:05:00","date_gmt":"2025-04-04T18:05:00","guid":{"rendered":"https:\/\/www.bfv.cloud\/ajedrezeuropa\/index.php\/2025\/04\/04\/alonso-lopez-nunez-campeon-provincial-de-toledo\/"},"modified":"2025-11-20T11:10:00","modified_gmt":"2025-11-20T11:10:00","slug":"alonso-lopez-nunez-campeon-provincial-de-toledo","status":"publish","type":"post","link":"https:\/\/www.bfv.cloud\/ajedrezeuropa\/alonso-lopez-nunez-campeon-provincial-de-toledo\/","title":{"rendered":"ALONSO L\u00d3PEZ N\u00da\u00d1EZ, CAMPE\u00d3N PROVINCIAL DE TOLEDO"},"content":{"rendered":"<p>&nbsp;<\/p>\n<table cellpadding=\"0\" cellspacing=\"0\" class=\"tr-caption-container\" style=\"float: left\">\n<tbody>\n<tr>\n<td style=\"text-align: center\"><a href=\"https:\/\/www.bfv.cloud\/ajedrezeuropa\/wp-content\/uploads\/2025\/04\/120ALONSO20CON20EL20TROFEO-1.jpg\" style=\"clear: left;margin-bottom: 1em;margin-left: auto;margin-right: auto\"><img fetchpriority=\"high\" decoding=\"async\" border=\"0\" data-original-height=\"2048\" data-original-width=\"1029\" height=\"640\" src=\"https:\/\/blogger.googleusercontent.com\/img\/b\/R29vZ2xl\/AVvXsEhB_b0AHmXq_zmy2GfCKQkG6b_yjJnfa_kNFCaw3Y-K9bxCvJOhKqmLir7TDMHr5VgsnrlK-QGJr3PPRF0IicnAjmywNOgsmKKlMPvCzT8aKjaWgq60lXVuY-xLpnoU8NugQLrgx7_Vvjn16uMlpVMpTXeZgaHWhxo4Yg5kq20kOOL_immQw51d94HG7mY\/w322-h640\/1%20ALONSO%20CON%20EL%20TROFEO.jpg\" width=\"322\" \/><\/a><\/td>\n<\/tr>\n<tr>\n<td class=\"tr-caption\" style=\"text-align: center\">Alonso L\u00f3pez N\u00fa\u00f1ez<\/td>\n<\/tr>\n<\/tbody>\n<\/table>\n<p><span style=\"font-family: arial;font-size: large\">El pasado fin de semana finaliz\u00f3 en Toledo el Campeonato Provincial Individual Absoluto, Femenino y Veterano, alz\u00e1ndose con el t\u00edtulo absoluto Alonso L\u00f3pez N\u00fa\u00f1ez, Alonso es de Mora y lleva m\u00e1s de 10 a\u00f1os como alumno de la Escuela de Ajedrez de Villafranca y vinculado al club Nuestro Ajedrez en Europa. Actualmente tambi\u00e9n es subcampe\u00f3n provincial de Toledo por clubes y 7\u00ba clasificado con el equipo sub18 de Nuestro Ajedrez en Europa en la \u00faltima Copa de Espa\u00f1a celebrada en diciembre de 2024 en Benidorm. Por otra parte, en el pr\u00f3ximo Campeonato de Castilla-La Mancha por edades que se celebrar\u00e1 en Villarrobledo del 11 al 14 de abril, ser\u00e1 uno de los entrenadores de los 15 participantes con los que contar\u00e1n las escuelas deportivas de ajedrez de Illescas, Alc\u00e1zar de San Juan, Consuegra y Villafranca de los Caballeros.<\/span><\/p>\n<p><span style=\"font-family: arial;font-size: large\"><i><u>El equipo del IES El Bosco de Alc\u00e1zar de San Juan se proclama subcampe\u00f3n del Torneo Intercentros<\/u><\/i><\/span><\/p>\n<table align=\"center\" cellpadding=\"0\" cellspacing=\"0\" class=\"tr-caption-container\" style=\"margin-left: auto;margin-right: auto\">\n<tbody>\n<tr>\n<td style=\"text-align: center\"><a href=\"https:\/\/www.bfv.cloud\/ajedrezeuropa\/wp-content\/uploads\/2025\/04\/EQUIPO20SUBCAMPEON20TORNEO.jpg\" style=\"margin-left: auto;margin-right: auto\"><img decoding=\"async\" border=\"0\" data-original-height=\"1071\" data-original-width=\"1112\" height=\"616\" src=\"https:\/\/blogger.googleusercontent.com\/img\/b\/R29vZ2xl\/AVvXsEggrtUWlk6SLquzWnMJV4nuAD5LwVPKs79ufmdl0V5jDvjkfKcWZv0TaNQBTy5Lsr8Je0bE3exN8f5aIbrIM-jZSUYPy5YDXnjdQ5JkCbS6OeR8fP4Z1oEKMUU8TXByetYUbb__4UH4vlbEJyjSAZ-abwa_Fxlpy7_g3Wdp4ADS970vaoemmnM-Fzv6mgM\/w640-h616\/EQUIPO%20SUBCAMPEON%20TORNEO.jpg\" width=\"640\" \/><\/a><\/td>\n<\/tr>\n<tr>\n<td class=\"tr-caption\" style=\"text-align: center\">El equipo formado por Alejandro Katwala, Diego Katwala y Jorge Rodr\u00edguez<\/td>\n<\/tr>\n<\/tbody>\n<\/table>\n<p><span style=\"font-family: arial;font-size: x-large\"><\/span><\/p>\n<p>El pasado mi\u00e9rcoles la segunda edici\u00f3n del Torneo Intercentros organizado por el IES El Bosco, con el profesor Juan Luis Esquinas como principal promotor y organizador. El torneo cont\u00f3 con 18 equipos de institutos de Alc\u00e1zar de San Juan y otras poblaciones cercanas.<\/p>\n<\/p>\n<p><span style=\"font-family: arial;font-size: large\">El equipo subcampe\u00f3n fue el formado por 3 alumnos del IES El Bosco, que adem\u00e1s son alumnos de la Escuela de Ajedrez de Alc\u00e1zar de San Juan; Jorge Rodr\u00edguez, Diego Katwala y Alejandro Katwala. Enhorabuena a los tres por ese brillante resultado.<\/span><\/p>\n<p><span style=\"font-family: arial;font-size: large\">Desde aqu\u00ed queremos agradecer el esfuerzo que realizan algunos docentes por acercar el ajedrez al alumnado, junto con la dedicaci\u00f3n que muestran organizando este tipo de torneos tan interesantes para trabajar la convivencia y el respeto entre los adolescentes y los j\u00f3venes.<\/span><\/p>\n","protected":false},"excerpt":{"rendered":"<p>&nbsp; Alonso L\u00f3pez N\u00fa\u00f1ez El pasado fin de semana finaliz\u00f3 en Toledo el Campeonato Provincial Individual Absoluto, Femenino y Veterano, alz\u00e1ndose con el t\u00edtulo absoluto Alonso L\u00f3pez N\u00fa\u00f1ez, Alonso es de Mora y lleva m\u00e1s de 10 a\u00f1os como alumno de la Escuela de Ajedrez de Villafranca y vinculado al club Nuestro Ajedrez en Europa. [&hellip;]<\/p>\n","protected":false},"author":1,"featured_media":3946,"comment_status":"open","ping_status":"closed","sticky":false,"template":"","format":"standard","meta":{"footnotes":""},"categories":[1],"tags":[],"class_list":["post-3945","post","type-post","status-publish","format-standard","has-post-thumbnail","hentry","category-noticias"],"_links":{"self":[{"href":"https:\/\/www.bfv.cloud\/ajedrezeuropa\/wp-json\/wp\/v2\/posts\/3945","targetHints":{"allow":["GET"]}}],"collection":[{"href":"https:\/\/www.bfv.cloud\/ajedrezeuropa\/wp-json\/wp\/v2\/posts"}],"about":[{"href":"https:\/\/www.bfv.cloud\/ajedrezeuropa\/wp-json\/wp\/v2\/types\/post"}],"author":[{"embeddable":true,"href":"https:\/\/www.bfv.cloud\/ajedrezeuropa\/wp-json\/wp\/v2\/users\/1"}],"replies":[{"embeddable":true,"href":"https:\/\/www.bfv.cloud\/ajedrezeuropa\/wp-json\/wp\/v2\/comments?post=3945"}],"version-history":[{"count":1,"href":"https:\/\/www.bfv.cloud\/ajedrezeuropa\/wp-json\/wp\/v2\/posts\/3945\/revisions"}],"predecessor-version":[{"id":3948,"href":"https:\/\/www.bfv.cloud\/ajedrezeuropa\/wp-json\/wp\/v2\/posts\/3945\/revisions\/3948"}],"wp:featuredmedia":[{"embeddable":true,"href":"https:\/\/www.bfv.cloud\/ajedrezeuropa\/wp-json\/wp\/v2\/media\/3946"}],"wp:attachment":[{"href":"https:\/\/www.bfv.cloud\/ajedrezeuropa\/wp-json\/wp\/v2\/media?parent=3945"}],"wp:term":[{"taxonomy":"category","embeddable":true,"href":"https:\/\/www.bfv.cloud\/ajedrezeuropa\/wp-json\/wp\/v2\/categories?post=3945"},{"taxonomy":"post_tag","embeddable":true,"href":"https:\/\/www.bfv.cloud\/ajedrezeuropa\/wp-json\/wp\/v2\/tags?post=3945"}],"curies":[{"name":"wp","href":"https:\/\/api.w.org\/{rel}","templated":true}]}}