{"id":3949,"date":"2019-02-07T20:03:00","date_gmt":"2019-02-07T20:03:00","guid":{"rendered":"https:\/\/www.bfv.cloud\/ajedrezeuropa\/index.php\/2019\/02\/07\/el-deporte-en-edad-escolar-y-federado-de-toledo-despues-de-3-jornadas\/"},"modified":"2025-11-20T11:10:12","modified_gmt":"2025-11-20T11:10:12","slug":"el-deporte-en-edad-escolar-y-federado-de-toledo-despues-de-3-jornadas","status":"publish","type":"post","link":"https:\/\/www.bfv.cloud\/ajedrezeuropa\/el-deporte-en-edad-escolar-y-federado-de-toledo-despues-de-3-jornadas\/","title":{"rendered":"EL DEPORTE EN EDAD ESCOLAR Y FEDERADO DE TOLEDO DESPU\u00c9S DE 3 JORNADAS"},"content":{"rendered":"<table cellpadding=\"0\" cellspacing=\"0\" class=\"tr-caption-container\" style=\"float: right;margin-left: 1em;text-align: right\">\n<tbody>\n<tr>\n<td style=\"text-align: center\"><a href=\"https:\/\/www.bfv.cloud\/ajedrezeuropa\/wp-content\/uploads\/2019\/02\/GRUPO.jpg\" style=\"clear: right;margin-bottom: 1em;margin-left: auto;margin-right: auto\"><img fetchpriority=\"high\" decoding=\"async\" border=\"0\" data-original-height=\"1140\" data-original-width=\"1387\" height=\"328\" src=\"https:\/\/blogger.googleusercontent.com\/img\/b\/R29vZ2xl\/AVvXsEjWrP9KjklwAdGLc3xi-kbXRtRbKoYHUX8qm2oNU1_tEa3BFJjIenFP6OFZWT6lKPhd1HL8tsV6zrP34_JVA5j1qVsU1E4v2SOKiBwcV73RudiCVwowPpQAi9gayEEpSHqUGmvGZg20tG0\/s400\/GRUPO.jpg\" width=\"400\" \/><\/a><\/td>\n<\/tr>\n<tr>\n<td class=\"tr-caption\" style=\"text-align: center\">Crist\u00f3bal, Julio, Nicol\u00e1s, Diego y Roberto Fdez, entrenando una<br \/>\nvez finalizada una ronda<\/td>\n<\/tr>\n<\/tbody>\n<\/table>\n<p><span style=\", serif;font-size: large\">El s\u00e1bado 16 de febrero se celebrar\u00e1 la \u00faltima jornada del provincial de Toledo Escolar y del Federado por edades valederos para la temporada 2019.&nbsp;<\/span><br \/>\n<span style=\", serif;font-size: large\">Despu\u00e9s de los 3 fines de semana consecutivos de competici\u00f3n, las opciones de clasificaci\u00f3n para varios de los chicos y chicas de la escuela de ajedrez de Villafranca de los Caballeros son altas.&nbsp;<\/span><br \/>\n<span style=\", serif;font-size: large\">As\u00ed est\u00e1n las clasificaciones en los diferentes torneos:<\/span><br \/>\n<span style=\", serif;font-size: large\"><u>CAMPEONATO PROVINCIAL JUVENIL (SUB-18)<\/u><\/span><\/p>\n<table align=\"center\" cellpadding=\"0\" cellspacing=\"0\" class=\"tr-caption-container\" style=\"float: left;margin-right: 1em;text-align: left\">\n<tbody>\n<tr>\n<td style=\"text-align: center\"><a href=\"https:\/\/www.bfv.cloud\/ajedrezeuropa\/wp-content\/uploads\/2019\/02\/ADRIANYROBERTO.jpg\" style=\"clear: right;margin-bottom: 1em;margin-left: auto;margin-right: auto\"><img decoding=\"async\" border=\"0\" data-original-height=\"997\" data-original-width=\"1541\" height=\"256\" src=\"https:\/\/blogger.googleusercontent.com\/img\/b\/R29vZ2xl\/AVvXsEisB0kS5JLcNFdzINi7ouP1IgBlge3eR5Py9KJc8NKqkfbFpoNJNWCUXzhTURULuKZnb_hfZGBPDLRDnm4h4m7Gbf9dLAK2i2eSrUB3B1Sd7pEdva_IgauXJoZiU_FHYrQjXJnPMbyAZ-4\/s400\/ADRIAN+Y+ROBERTO.jpg\" width=\"400\" \/><\/a><\/td>\n<\/tr>\n<tr>\n<td class=\"tr-caption\" style=\"text-align: center\">Adri\u00e1n vs Roberto al comienzo de la 3\u00aa ronda<\/td>\n<\/tr>\n<\/tbody>\n<\/table>\n<p><span style=\"font-family: georgia, times new roman, serif;font-size: large\">La categor\u00eda juvenil est\u00e1 dominada por Roberto L\u00f3pez con 3 puntos, situ\u00e1ndose en 3\u00aa posici\u00f3n, Adri\u00e1n Alonso, tras el enfrentamiento que mantuvieron en la 3\u00aa ronda. Adri\u00e1n y Roberto son los actuales tableros 1 y 2 del equipo sub-18 de Nuestro Ajedrez en Europa.<\/span><\/p>\n<div class=\"separator\" style=\"clear: both;text-align: center\">\n<a href=\"https:\/\/www.bfv.cloud\/ajedrezeuropa\/wp-content\/uploads\/2019\/02\/CLASIFICACIONSUB18R-3_001.jpg\" style=\"margin-left: 1em;margin-right: 1em\"><img decoding=\"async\" border=\"0\" data-original-height=\"471\" data-original-width=\"542\" height=\"552\" src=\"https:\/\/blogger.googleusercontent.com\/img\/b\/R29vZ2xl\/AVvXsEiChrb8SMslFioLyy6w77Em80dZnCfRdl8D1HqJicHkZyLxN9uz6yjtC6UaX8UETqsoL4PZw-IuK66ZPSeWBPE_aaxsNUrwITL00C7Pq4TU5MubpoTvKWgaw9_qiswdUYRCrPSJN9OOJzw\/s640\/CLASIFICACION+SUB18+R-3_001.jpg\" width=\"640\" \/><\/a><\/div>\n<p><span style=\"font-family: georgia, times new roman, serif;font-size: large\"><u>DEPORTE EN EDAD ESCOLAR CADETE (SUB-16)<\/p>\n<table cellpadding=\"0\" cellspacing=\"0\" class=\"tr-caption-container\" style=\"float: right;margin-left: 1em;text-align: right\">\n<tbody>\n<tr>\n<td style=\"text-align: center\"><a href=\"https:\/\/www.bfv.cloud\/ajedrezeuropa\/wp-content\/uploads\/2019\/02\/ALFREDO.jpg\" style=\"clear: right;margin-bottom: 1em;margin-left: auto;margin-right: auto\"><img loading=\"lazy\" decoding=\"async\" border=\"0\" data-original-height=\"1107\" data-original-width=\"646\" height=\"320\" src=\"https:\/\/blogger.googleusercontent.com\/img\/b\/R29vZ2xl\/AVvXsEgZjrH3e6RZ_UbLdzBU7NM4H1lBLATXsxCvOCijs4z-wVBZ-eff4ujY1OKxiQdZpwTplVVftDxYdEku6mQ77-nIJd6OhXLzCfMDBTHkK1DCapMS8dmDmGo55AlSq_yArAzYkwryd0RYYC8\/s320\/ALFREDO.jpg\" width=\"184\" \/><\/a><\/td>\n<\/tr>\n<tr>\n<td class=\"tr-caption\" style=\"text-align: center\">Alfredo Amador<\/td>\n<\/tr>\n<\/tbody>\n<\/table>\n<p><\/u><\/span><\/p>\n<table cellpadding=\"0\" cellspacing=\"0\" class=\"tr-caption-container\" style=\"float: left;text-align: left\">\n<tbody>\n<tr>\n<td style=\"text-align: center\"><a href=\"https:\/\/www.bfv.cloud\/ajedrezeuropa\/wp-content\/uploads\/2019\/02\/MONICA.jpg\" style=\"clear: left;margin-bottom: 1em;margin-left: auto;margin-right: auto\"><img loading=\"lazy\" decoding=\"async\" border=\"0\" data-original-height=\"1279\" data-original-width=\"837\" height=\"320\" src=\"https:\/\/blogger.googleusercontent.com\/img\/b\/R29vZ2xl\/AVvXsEh9bGnJqXZxIdx5ibeU46po3I_BQ8J1I_wm3WDl0RML8IuQzZJWRSkY-MpAqV9Y-2z1x2gJkJhdmWsX9v_gIhMxSCn5QZBHt0_DCowyru-AfwcSNIFP9iOpJQaeBh-2KkDZIyoobnCX4wM\/s320\/MONICA.jpg\" width=\"205\" \/><\/a><\/td>\n<\/tr>\n<tr>\n<td class=\"tr-caption\" style=\"text-align: center\">M\u00f3nica Monreal en su 2\u00ba escolar<\/td>\n<\/tr>\n<\/tbody>\n<\/table>\n<p><span style=\"font-family: georgia, times new roman, serif;font-size: large\">Alfredo Amador se encuentra en cabeza de la categor\u00eda cadete, con 5 puntos en otras tantas rondas, a falta de una \u00fanica partida. Alfredo tiene al alcance alzarse por primera vez con el t\u00edtulo en un escolar cadete. En las competiciones por equipos, es el tercer tablero del juvenil de Nuestro Ajedrez en Europa.&nbsp;<\/span><br \/>\n<span style=\"font-family: georgia, times new roman, serif;font-size: large\">Por su parte, M\u00f3nica Monreal, depende de su resultado en la \u00faltima ronda para clasificarse entre para la fase regional del CRDEE.<\/span><\/p>\n<div class=\"separator\" style=\"clear: both;text-align: center\">\n<a href=\"https:\/\/www.bfv.cloud\/ajedrezeuropa\/wp-content\/uploads\/2019\/02\/CLASIFVILLAFRANCACADETER-5_001.jpg\" style=\"margin-left: 1em;margin-right: 1em\"><img loading=\"lazy\" decoding=\"async\" border=\"0\" data-original-height=\"598\" data-original-width=\"551\" height=\"640\" src=\"https:\/\/blogger.googleusercontent.com\/img\/b\/R29vZ2xl\/AVvXsEgljC9WE5q8gnxtQCkAri9hMP94xR2yxDqDLF3KQKrAHiuDyfbyKgISUMVZG6ZxyM-oorrnteClKeJJsPv_7Ho0hf8arbJha2iiX5StDhbQSMEKhZwu8hzPGXfp0iY0xzZuX2z9w44Es0U\/s640\/CLASIF+VILLAFRANCA+CADETE+R-5_001.jpg\" width=\"587\" \/><\/a><\/div>\n<div class=\"separator\" style=\"clear: both;text-align: left\">\n<u style=\", serif;font-size: x-large\">DEPORTE EN EDAD ESCOLAR INFANTIL (SUB-14) (SUB-12) (SUB-10)<\/u><\/div>\n<div class=\"separator\" style=\"clear: both;text-align: left\">\n<table cellpadding=\"0\" cellspacing=\"0\" class=\"tr-caption-container\" style=\"clear: right;float: right;margin-bottom: 1em;margin-left: 1em;text-align: right\">\n<tbody>\n<tr>\n<td style=\"text-align: center\"><a href=\"https:\/\/www.bfv.cloud\/ajedrezeuropa\/wp-content\/uploads\/2019\/02\/CARLOSPEREZ.jpg\" style=\"clear: right;margin-bottom: 1em;margin-left: auto;margin-right: auto\"><img loading=\"lazy\" decoding=\"async\" border=\"0\" data-original-height=\"1040\" data-original-width=\"1080\" height=\"191\" src=\"https:\/\/blogger.googleusercontent.com\/img\/b\/R29vZ2xl\/AVvXsEi1S5plg_ia1qZMTeKqahE7GjGELAxoLMOh9owjG9ejF7Ld2msAr9Ey0AZ3IPNOaF1LXiB9G9bmPj8Cc5-iUqrhD8lTEnSHRNxygVSquL2QzkoYumm0jpPem1269clfEPGVtNkG75Sxrg0\/s200\/CARLOS+PEREZ.jpg\" width=\"200\" \/><\/a><\/td>\n<\/tr>\n<tr>\n<td class=\"tr-caption\" style=\"text-align: center\">Carlos P\u00e9rez<\/td>\n<\/tr>\n<\/tbody>\n<\/table>\n<table cellpadding=\"0\" cellspacing=\"0\" class=\"tr-caption-container\" style=\"clear: left;float: left;margin-bottom: 1em;margin-right: 1em;text-align: left\">\n<tbody>\n<tr>\n<td style=\"text-align: center\"><a href=\"https:\/\/www.bfv.cloud\/ajedrezeuropa\/wp-content\/uploads\/2019\/02\/ALONSO.jpg\" style=\"clear: left;margin-bottom: 1em;margin-left: auto;margin-right: auto\"><img loading=\"lazy\" decoding=\"async\" border=\"0\" data-original-height=\"1156\" data-original-width=\"1052\" height=\"200\" src=\"https:\/\/blogger.googleusercontent.com\/img\/b\/R29vZ2xl\/AVvXsEg7j9fxLWga1Lfmbku3sm1O19xEbb4a7-co1v38Dn86PekEiKAqHiEyetH1IsClJvdOK95xgofn_JSGsf-ckjKiILHe9JYiB-f09PPWHD-he6k8u2QepWwIKvKAYqps17aeyylCnG4eXac\/s200\/ALONSO.jpg\" width=\"181\" \/><\/a><\/td>\n<\/tr>\n<tr>\n<td class=\"tr-caption\" style=\"text-align: center\">Alonso L\u00f3pez<\/td>\n<\/tr>\n<\/tbody>\n<\/table>\n<p><span style=\", serif;font-size: large\">En las categor\u00edas de menor edad todav\u00eda no hay nada claro tras 6 rondas disputadas y a falta de 2 en la \u00faltima jornada.<\/span><span style=\", serif;font-size: large\">En el numeroso grupo de 5 puntos, a solo medio punto de la cabeza, se encuentran: Alonso L\u00f3pez y Carlos P\u00e9rez. Con 4 puntos: \u00c1ngel Javier Pozos y Gabriel Amador; Nicol\u00e1s Corrales (3,5); Con 3 puntos, los sub-12: Roberto Fern\u00e1ndez-Mazarambroz y Crist\u00f3bal Corrales, as\u00ed como el sub-10, Julio Oliver. Aurora Corrales suma 2,5 puntos, mientras Diego Garc\u00eda obtiene medio punto en su primer escolar.<\/span><\/div>\n<div class=\"separator\" style=\"clear: both;text-align: left\">\n<table align=\"center\" cellpadding=\"0\" cellspacing=\"0\" class=\"tr-caption-container\" style=\"clear: left;float: left;margin-bottom: 1em;margin-right: 1em;text-align: left\">\n<tbody>\n<tr>\n<td style=\"text-align: center\"><a href=\"https:\/\/www.bfv.cloud\/ajedrezeuropa\/wp-content\/uploads\/2019\/02\/GABRIELAMADOR.jpg\" style=\"margin-left: auto;margin-right: auto\"><img loading=\"lazy\" decoding=\"async\" border=\"0\" data-original-height=\"1101\" data-original-width=\"631\" height=\"320\" src=\"https:\/\/blogger.googleusercontent.com\/img\/b\/R29vZ2xl\/AVvXsEjzrk0GurbGUHYyRPPWScnMyS5ceEvc4dOlKfOevaWNnU16bTc8tU7NAPne2KGfasXpb8UrZ7d5yBeEzJ2BnqUgdO8xAKsA9-VDEp9CRWY31Wcc11G2LpbSgIawWu3ORgIT67ZpElBtz1s\/s320\/GABRIEL+AMADOR.jpg\" width=\"182\" \/><\/a><\/td>\n<\/tr>\n<tr>\n<td class=\"tr-caption\" style=\"text-align: center\">Gabriel Amador<\/td>\n<\/tr>\n<\/tbody>\n<\/table>\n<table align=\"center\" cellpadding=\"0\" cellspacing=\"0\" class=\"tr-caption-container\" style=\"clear: right;float: right;margin-bottom: 1em;margin-left: 1em;text-align: right\">\n<tbody>\n<tr>\n<td style=\"text-align: center\"><a href=\"https:\/\/www.bfv.cloud\/ajedrezeuropa\/wp-content\/uploads\/2019\/02\/ANGELJAVIERPOZOS.jpg\" style=\"margin-left: auto;margin-right: auto\"><img loading=\"lazy\" decoding=\"async\" border=\"0\" data-original-height=\"1101\" data-original-width=\"756\" height=\"320\" src=\"https:\/\/blogger.googleusercontent.com\/img\/b\/R29vZ2xl\/AVvXsEgC-Oa4XglYQAGlj0sxInf8Lyizz1JtJtg5r_CBC0Y9jHnsflD7cQRP4dfVlO6isIcdp-ZteOqowqrEOK_akjmtTv_lXv5ln8e24feAEhZvK3SfS_tyLw6VbYZEsw-gUboWLGlR2IjvHz8\/s320\/ANGEL+JAVIER+POZOS.jpg\" width=\"214\" \/><\/a><\/td>\n<\/tr>\n<tr>\n<td class=\"tr-caption\" style=\"text-align: center\">\u00c1ngel Javier Pozos<\/td>\n<\/tr>\n<\/tbody>\n<\/table>\n<table align=\"center\" cellpadding=\"0\" cellspacing=\"0\" class=\"tr-caption-container\" style=\"clear: left;margin-bottom: 1em;margin-left: auto;margin-right: auto;text-align: center\">\n<tbody>\n<tr>\n<td style=\"text-align: center\"><a href=\"https:\/\/www.bfv.cloud\/ajedrezeuropa\/wp-content\/uploads\/2019\/02\/AURORA.jpg\" style=\"margin-left: auto;margin-right: auto\"><img loading=\"lazy\" decoding=\"async\" border=\"0\" data-original-height=\"1264\" data-original-width=\"889\" height=\"320\" src=\"https:\/\/blogger.googleusercontent.com\/img\/b\/R29vZ2xl\/AVvXsEglv3vNJd6FLTDHT2bEAhnh6ejnJ2n1qi_FFIzdmh7cASENKt6wiOIspKLmKBT7XeF5FnY5G6GpeXQZg1GYb5Pm1J1BZopD1dOIVPUNiOLS337NJaXkYF2JQoBVPNSTpW1KdZk_omnmUUc\/s320\/AURORA.jpg\" width=\"224\" \/><\/a><\/td>\n<\/tr>\n<tr>\n<td class=\"tr-caption\" style=\"text-align: center\">Aurora Corrales<\/td>\n<\/tr>\n<\/tbody>\n<\/table>\n<p><span style=\"font-family: georgia, times new roman, serif;font-size: large\">El s\u00e1bado 16 de febrero tendr\u00e1 lugar la \u00faltima jornada de esta fase provincial del Deporte en Edad Escolar y de la competici\u00f3n federada por edades.&nbsp; Las rondas finales ya se pueden consultar en los siguientes enlaces:&nbsp;<\/span><\/div>\n<div class=\"separator\" style=\"clear: both;text-align: left\">\n<span style=\"color: #990000;, serif;font-size: large\">&nbsp;<\/span><a href=\"https:\/\/info64.org\/campeonato-provincial-sub-18-toledo-2019\/4\" style=\", serif;font-size: x-large\"><span style=\"color: #990000\">CAMPEONATO PROVINCIAL SUB-18 (RONDA 4)<\/span><\/a><span style=\"color: #990000;, serif;font-size: large\">&nbsp; &nbsp;<\/span><\/div>\n<div class=\"separator\" style=\"clear: both;text-align: left\">\n<span style=\"font-family: georgia, times new roman, serif;font-size: large\">&nbsp;&nbsp;<span style=\"color: blue\"><a href=\"https:\/\/info64.org\/campeonato-deporte-escolar-cadete-2019\/6\">DEPORTE EN EDAD ESCOLAR CADETE (RONDA 6)<\/a>&nbsp;<\/span> &nbsp;&nbsp;<\/span><\/div>\n<div class=\"separator\" style=\"clear: both;text-align: left\">\n<span style=\"font-family: georgia, times new roman, serif;font-size: large\">&nbsp; &nbsp; &nbsp;&nbsp;<a href=\"https:\/\/info64.org\/cameponato-deporte-escolar-infantil-toledo-2010\/7\"><span style=\"color: #274e13\">DEPORTE EN EDAD ESCOLAR INFANTIL (RONDA 7)<\/span><\/a><\/span><\/div>\n<div class=\"separator\" style=\"clear: both;text-align: left\">\n<span style=\"font-family: georgia, times new roman, serif;font-size: large\">&nbsp; &nbsp; &nbsp; &nbsp; &nbsp; &nbsp;<\/span><span style=\", serif;font-size: large\">\u00a1\u00a1Buenas partidas y mucha suerte para nuestros 14 ajedrecistas!!<\/span><\/div>\n<div class=\"separator\" style=\"clear: both;text-align: left\">\n<span style=\"font-family: georgia, times new roman, serif;font-size: large\"><br \/><\/span><\/div>\n<div class=\"separator\" style=\"clear: both;text-align: center\">\n<a href=\"https:\/\/www.bfv.cloud\/ajedrezeuropa\/wp-content\/uploads\/2019\/02\/CLASIFVILLAFRANCAINFR-6_001.jpg\" style=\"margin-left: 1em;margin-right: 1em\"><img loading=\"lazy\" decoding=\"async\" border=\"0\" data-original-height=\"468\" data-original-width=\"559\" height=\"530\" src=\"https:\/\/blogger.googleusercontent.com\/img\/b\/R29vZ2xl\/AVvXsEi8jh127NAlSRR_Wdc68qwW3OQlrKRAbaTxf-_SOHF4mPT_CtgonzImLZEHGSUWqLQC51clve_bSwQSJQ3CN8k7WvSjAXTLl5plJg-rs9ZC2VinUNVuMvHRSogUwghocQapW87ciNBNBGA\/s640\/CLASIF+VILLAFRANCA+INF+R-6_001.jpg\" width=\"640\" \/><\/a><\/div>\n<p><\/p>\n<div class=\"separator\" style=\"clear: both;text-align: center\">\n<\/div>\n","protected":false},"excerpt":{"rendered":"<p>Crist\u00f3bal, Julio, Nicol\u00e1s, Diego y Roberto Fdez, entrenando una vez finalizada una ronda El s\u00e1bado 16 de febrero se celebrar\u00e1 la \u00faltima jornada del provincial de Toledo Escolar y del Federado por edades valederos para la temporada 2019.&nbsp; Despu\u00e9s de los 3 fines de semana consecutivos de competici\u00f3n, las opciones de clasificaci\u00f3n para varios de [&hellip;]<\/p>\n","protected":false},"author":1,"featured_media":3950,"comment_status":"open","ping_status":"closed","sticky":false,"template":"","format":"standard","meta":{"footnotes":""},"categories":[1],"tags":[],"class_list":["post-3949","post","type-post","status-publish","format-standard","has-post-thumbnail","hentry","category-noticias"],"_links":{"self":[{"href":"https:\/\/www.bfv.cloud\/ajedrezeuropa\/wp-json\/wp\/v2\/posts\/3949","targetHints":{"allow":["GET"]}}],"collection":[{"href":"https:\/\/www.bfv.cloud\/ajedrezeuropa\/wp-json\/wp\/v2\/posts"}],"about":[{"href":"https:\/\/www.bfv.cloud\/ajedrezeuropa\/wp-json\/wp\/v2\/types\/post"}],"author":[{"embeddable":true,"href":"https:\/\/www.bfv.cloud\/ajedrezeuropa\/wp-json\/wp\/v2\/users\/1"}],"replies":[{"embeddable":true,"href":"https:\/\/www.bfv.cloud\/ajedrezeuropa\/wp-json\/wp\/v2\/comments?post=3949"}],"version-history":[{"count":1,"href":"https:\/\/www.bfv.cloud\/ajedrezeuropa\/wp-json\/wp\/v2\/posts\/3949\/revisions"}],"predecessor-version":[{"id":3962,"href":"https:\/\/www.bfv.cloud\/ajedrezeuropa\/wp-json\/wp\/v2\/posts\/3949\/revisions\/3962"}],"wp:featuredmedia":[{"embeddable":true,"href":"https:\/\/www.bfv.cloud\/ajedrezeuropa\/wp-json\/wp\/v2\/media\/3950"}],"wp:attachment":[{"href":"https:\/\/www.bfv.cloud\/ajedrezeuropa\/wp-json\/wp\/v2\/media?parent=3949"}],"wp:term":[{"taxonomy":"category","embeddable":true,"href":"https:\/\/www.bfv.cloud\/ajedrezeuropa\/wp-json\/wp\/v2\/categories?post=3949"},{"taxonomy":"post_tag","embeddable":true,"href":"https:\/\/www.bfv.cloud\/ajedrezeuropa\/wp-json\/wp\/v2\/tags?post=3949"}],"curies":[{"name":"wp","href":"https:\/\/api.w.org\/{rel}","templated":true}]}}