{"id":3965,"date":"2012-04-18T21:38:00","date_gmt":"2012-04-18T21:38:00","guid":{"rendered":"https:\/\/www.bfv.cloud\/ajedrezeuropa\/index.php\/2012\/04\/18\/informacion-de-campeonatos-en-juego-y-proximo-regional-escolar\/"},"modified":"2025-11-20T11:10:16","modified_gmt":"2025-11-20T11:10:16","slug":"informacion-de-campeonatos-en-juego-y-proximo-regional-escolar","status":"publish","type":"post","link":"https:\/\/www.bfv.cloud\/ajedrezeuropa\/informacion-de-campeonatos-en-juego-y-proximo-regional-escolar\/","title":{"rendered":"INFORMACI\u00d3N DE CAMPEONATOS EN JUEGO Y PR\u00d3XIMO REGIONAL ESCOLAR"},"content":{"rendered":"<table cellpadding=\"0\" cellspacing=\"0\" class=\"tr-caption-container\" style=\"float: right;margin-left: 1em;text-align: right\">\n<tbody>\n<tr>\n<td style=\"text-align: center\"><a href=\"https:\/\/www.bfv.cloud\/ajedrezeuropa\/wp-content\/uploads\/2012\/04\/regionaledades2012039.jpg\" style=\"clear: right;margin-bottom: 1em;margin-left: auto;margin-right: auto\"><img fetchpriority=\"high\" decoding=\"async\" border=\"0\" height=\"240\" src=\"https:\/\/blogger.googleusercontent.com\/img\/b\/R29vZ2xl\/AVvXsEhNwoJcI4JvwhW0N2xz_j3QcBzCErVOnSrrx4Vx8J_i4N8VATJ04r8hzgLFOC5Dau-2KXCiv5aJ837uqcrdMnBWQ-2lI6bZhLn9ypmGWUkUuXxJCw4ur4HBlclzewkIpoCNk50Qieg2F3k\/s320\/regional+edades+2012+039.jpg\" width=\"320\" \/><\/a><\/td>\n<\/tr>\n<tr>\n<td class=\"tr-caption\" style=\"text-align: center\">Carlos ser\u00e1 el encargado de defender el primer tablero<br \/>\ndel equipo sub-16 de Nuestro Ajedrez en Europa<\/td>\n<\/tr>\n<\/tbody>\n<\/table>\n<p>&nbsp;<strong><u><span style=\"font-family: Georgia\">Campeonato Absoluto de Ciudad Real:<\/span><\/u><\/strong><br \/>\n<span style=\"font-family: Georgia\">El pasado fin de semana comenzaba en Ciudad Real el provincial en su categor\u00eda absoluta. La presencia de 2 de nuestros j\u00f3venes valores, Carlos \u00c1lvarez y Jos\u00e9 \u00c1ngel Vela, nos proporciona un&nbsp;especial inter\u00e9s en su evoluci\u00f3n y desarrollo. En las 3 primeras rondas ambos ya se han enfrentado con el jugador n\u00ba 1 del ranking, Angel Espinosa (mi), y durante el pr\u00f3ximo s\u00e1bado y domingo se decidir\u00e1n sus posiciones en la clasificaci\u00f3n final. Tanto a Jos\u00e9 \u00c1ngel como a Carlos les deseamos unas buenas jornadas ajedrec\u00edsticas y una buena recompensa en cuanto a resultados. Estos son los enlaces para seguir los resultados y la retransmisi\u00f3n de las partidas en directo:<\/span><\/p>\n<div align=\"center\"><a href=\"http:\/\/chess-results.com\/tnr68219.aspx?art=2&amp;rd=4&amp;lan=2\"><span style=\"color: red\">Resultados y clasificaciones en Chess-Results<\/span><\/a>\ufeff<\/div>\n<div align=\"center\"><a href=\"http:\/\/retransmision.zzl.org\/\"><span style=\"color: purple\">Retransmisi\u00f3n en directo de los 5 primeros tableros<\/span><\/a>\n<\/div>\n<p>\ufeff <\/p>\n<table cellpadding=\"0\" cellspacing=\"0\" class=\"tr-caption-container\" style=\"float: right;margin-left: 1em;text-align: right\">\n<tbody>\n<tr>\n<td style=\"text-align: center\"><a href=\"https:\/\/www.bfv.cloud\/ajedrezeuropa\/wp-content\/uploads\/2012\/04\/regionaledades2012036.jpg\" style=\"clear: right;margin-bottom: 1em;margin-left: auto;margin-right: auto\"><img decoding=\"async\" border=\"0\" height=\"240\" src=\"https:\/\/blogger.googleusercontent.com\/img\/b\/R29vZ2xl\/AVvXsEiEvycyLlhZ1N1fKHm71szWiKAPX0sr2heKVGSgMj7Qx6f-byLoHwKIf4eFH-psawEfbZs_Dna4SJNmhwtRS_xP8HgzWQKFncXhGeoDqJ8nYmH6B9Xr0TMzJFGJ107711CZF49qroQxAx0\/s320\/regional+edades+2012+036.jpg\" width=\"320\" \/><\/a><\/td>\n<\/tr>\n<tr>\n<td class=\"tr-caption\" style=\"text-align: center\">Jos\u00e9 \u00c1ngel sigue con su buen ritmo de preparaci\u00f3n.<br \/>\nSu trabajo y dedicaci\u00f3n es un ejemplo para todos<br \/>\nnuestros ajedrecistas<\/td>\n<\/tr>\n<\/tbody>\n<\/table>\n<p>\ufeff <strong><u><span style=\", serif\">Campeonato Escolar de Castilla-La Mancha:<\/span><\/u><\/strong><br \/>\n<span style=\"font-family: Georgia\">Tambi\u00e9n aprovechamos para informaros de la celebraci\u00f3n en Daimiel de una nueva edici\u00f3n del regional escolar. La residencia \u00abVirgen de las Cruces\u00bb volver\u00e1 a servir de sede desde el 28 de abril hasta el 1 de mayo. Los 5 ajedrecistas clasificados de nuestras escuelas son:<\/span><\/p>\n<div align=\"center\"><span style=\"background-color: white;color: blue;font-family: Georgia\">Carlos \u00c1lvarez Serrano<\/span><\/div>\n<div align=\"center\"><span style=\"background-color: white;color: blue;font-family: Georgia\">Cosimo Leonaro de Giorgi Benavent<\/span><\/div>\n<div align=\"center\"><span style=\"background-color: white;color: blue;font-family: Georgia\">Irene Sim\u00f3n Escalona<\/span><\/div>\n<div align=\"center\"><span style=\"background-color: white;color: blue;font-family: Georgia\">Isaac Lozano Osorio<\/span><\/div>\n<div align=\"center\"><span style=\"background-color: white;color: blue;font-family: Georgia\">Jes\u00fas M\u00aa Bricio G\u00aa de la Torre<\/span>\n<\/div>\n<div style=\"text-align: left\"><span style=\"font-family: Georgia\">Pr\u00f3ximamente incluiremos los enlaces para seguir los resultados. Por supuesto, queremos&nbsp;concluir prestando nuestro mayor apoyo a todos en este importante campeonato.<\/span>\ufeff<\/div>\n","protected":false},"excerpt":{"rendered":"<p>Carlos ser\u00e1 el encargado de defender el primer tablero del equipo sub-16 de Nuestro Ajedrez en Europa &nbsp;Campeonato Absoluto de Ciudad Real: El pasado fin de semana comenzaba en Ciudad Real el provincial en su categor\u00eda absoluta. La presencia de 2 de nuestros j\u00f3venes valores, Carlos \u00c1lvarez y Jos\u00e9 \u00c1ngel Vela, nos proporciona un&nbsp;especial inter\u00e9s [&hellip;]<\/p>\n","protected":false},"author":1,"featured_media":3966,"comment_status":"open","ping_status":"closed","sticky":false,"template":"","format":"standard","meta":{"footnotes":""},"categories":[1],"tags":[],"class_list":["post-3965","post","type-post","status-publish","format-standard","has-post-thumbnail","hentry","category-noticias"],"_links":{"self":[{"href":"https:\/\/www.bfv.cloud\/ajedrezeuropa\/wp-json\/wp\/v2\/posts\/3965","targetHints":{"allow":["GET"]}}],"collection":[{"href":"https:\/\/www.bfv.cloud\/ajedrezeuropa\/wp-json\/wp\/v2\/posts"}],"about":[{"href":"https:\/\/www.bfv.cloud\/ajedrezeuropa\/wp-json\/wp\/v2\/types\/post"}],"author":[{"embeddable":true,"href":"https:\/\/www.bfv.cloud\/ajedrezeuropa\/wp-json\/wp\/v2\/users\/1"}],"replies":[{"embeddable":true,"href":"https:\/\/www.bfv.cloud\/ajedrezeuropa\/wp-json\/wp\/v2\/comments?post=3965"}],"version-history":[{"count":1,"href":"https:\/\/www.bfv.cloud\/ajedrezeuropa\/wp-json\/wp\/v2\/posts\/3965\/revisions"}],"predecessor-version":[{"id":3968,"href":"https:\/\/www.bfv.cloud\/ajedrezeuropa\/wp-json\/wp\/v2\/posts\/3965\/revisions\/3968"}],"wp:featuredmedia":[{"embeddable":true,"href":"https:\/\/www.bfv.cloud\/ajedrezeuropa\/wp-json\/wp\/v2\/media\/3966"}],"wp:attachment":[{"href":"https:\/\/www.bfv.cloud\/ajedrezeuropa\/wp-json\/wp\/v2\/media?parent=3965"}],"wp:term":[{"taxonomy":"category","embeddable":true,"href":"https:\/\/www.bfv.cloud\/ajedrezeuropa\/wp-json\/wp\/v2\/categories?post=3965"},{"taxonomy":"post_tag","embeddable":true,"href":"https:\/\/www.bfv.cloud\/ajedrezeuropa\/wp-json\/wp\/v2\/tags?post=3965"}],"curies":[{"name":"wp","href":"https:\/\/api.w.org\/{rel}","templated":true}]}}