{"id":3969,"date":"2017-10-13T11:28:00","date_gmt":"2017-10-13T11:28:00","guid":{"rendered":"https:\/\/www.bfv.cloud\/ajedrezeuropa\/index.php\/2017\/10\/13\/irene-simon-entre-los-finalistas-de-la-gala-del-deporte-de-alcazar\/"},"modified":"2025-11-20T11:10:17","modified_gmt":"2025-11-20T11:10:17","slug":"irene-simon-entre-los-finalistas-de-la-gala-del-deporte-de-alcazar","status":"publish","type":"post","link":"https:\/\/www.bfv.cloud\/ajedrezeuropa\/irene-simon-entre-los-finalistas-de-la-gala-del-deporte-de-alcazar\/","title":{"rendered":"IRENE SIM\u00d3N ENTRE LOS FINALISTAS DE LA GALA DEL DEPORTE DE ALC\u00c1ZAR"},"content":{"rendered":"<div class=\"separator\" style=\"clear: both;text-align: center\">\n<a href=\"https:\/\/www.bfv.cloud\/ajedrezeuropa\/wp-content\/uploads\/2017\/10\/cartel_gala-1.jpg\" style=\"clear: left;float: left;margin-bottom: 1em;margin-right: 1em\"><img fetchpriority=\"high\" decoding=\"async\" border=\"0\" data-original-height=\"596\" data-original-width=\"843\" height=\"282\" src=\"https:\/\/blogger.googleusercontent.com\/img\/b\/R29vZ2xl\/AVvXsEg2zoHWalRHXEP3axvW5Q3aRY6jp0apAf1B_2Lf-S98ud8gRLI22G7yprkd7ymvPkfZoWjqm96CUDAeQD3DTK-6YRoYh4JP-HpSttLxV8OKomZF0dBBrQzU5Ogc56lx71HeG44KcFU4DFw\/s400\/cartel_gala.jpg\" width=\"400\" \/><\/a><\/div>\n<p><span style=\"font-family: Verdana, sans-serif;font-size: large\">Nuestra jugadora, Irene Sim\u00f3n Escalona, ha sido elegida entre los 3 nominados al premio a la mejor temporada en el Deporte en Edad Escolar. El viernes 20 de diciembre el auditorio de Alc\u00e1zar de San Juan celebrar\u00e1 la Gala del Deporte 2017 donde se dar\u00e1n a conocer los premiados en las 4 categor\u00edas.<\/span><br \/>\n<span style=\"font-family: Verdana, sans-serif;font-size: large\">En esta ocasi\u00f3n, Roberto L\u00f3pez y Nuria Lozano, que estaban entre los 5 finalistas, han estado muy cerca de las nominaciones pero no han llegado a entrar.<\/span><br \/>\n<span style=\"font-family: Verdana, sans-serif;font-size: large\">\u00a1\u00a1Felicitamos a nuestros 3 ajedrecistas por sus destacadas temporadas y a Irene le deseamos lo mejor para la Gala!!<\/span><\/p>\n","protected":false},"excerpt":{"rendered":"<p>Nuestra jugadora, Irene Sim\u00f3n Escalona, ha sido elegida entre los 3 nominados al premio a la mejor temporada en el Deporte en Edad Escolar. El viernes 20 de diciembre el auditorio de Alc\u00e1zar de San Juan celebrar\u00e1 la Gala del Deporte 2017 donde se dar\u00e1n a conocer los premiados en las 4 categor\u00edas. En esta [&hellip;]<\/p>\n","protected":false},"author":1,"featured_media":3970,"comment_status":"open","ping_status":"closed","sticky":false,"template":"","format":"standard","meta":{"footnotes":""},"categories":[1],"tags":[],"class_list":["post-3969","post","type-post","status-publish","format-standard","has-post-thumbnail","hentry","category-noticias"],"_links":{"self":[{"href":"https:\/\/www.bfv.cloud\/ajedrezeuropa\/wp-json\/wp\/v2\/posts\/3969","targetHints":{"allow":["GET"]}}],"collection":[{"href":"https:\/\/www.bfv.cloud\/ajedrezeuropa\/wp-json\/wp\/v2\/posts"}],"about":[{"href":"https:\/\/www.bfv.cloud\/ajedrezeuropa\/wp-json\/wp\/v2\/types\/post"}],"author":[{"embeddable":true,"href":"https:\/\/www.bfv.cloud\/ajedrezeuropa\/wp-json\/wp\/v2\/users\/1"}],"replies":[{"embeddable":true,"href":"https:\/\/www.bfv.cloud\/ajedrezeuropa\/wp-json\/wp\/v2\/comments?post=3969"}],"version-history":[{"count":1,"href":"https:\/\/www.bfv.cloud\/ajedrezeuropa\/wp-json\/wp\/v2\/posts\/3969\/revisions"}],"predecessor-version":[{"id":3971,"href":"https:\/\/www.bfv.cloud\/ajedrezeuropa\/wp-json\/wp\/v2\/posts\/3969\/revisions\/3971"}],"wp:featuredmedia":[{"embeddable":true,"href":"https:\/\/www.bfv.cloud\/ajedrezeuropa\/wp-json\/wp\/v2\/media\/3970"}],"wp:attachment":[{"href":"https:\/\/www.bfv.cloud\/ajedrezeuropa\/wp-json\/wp\/v2\/media?parent=3969"}],"wp:term":[{"taxonomy":"category","embeddable":true,"href":"https:\/\/www.bfv.cloud\/ajedrezeuropa\/wp-json\/wp\/v2\/categories?post=3969"},{"taxonomy":"post_tag","embeddable":true,"href":"https:\/\/www.bfv.cloud\/ajedrezeuropa\/wp-json\/wp\/v2\/tags?post=3969"}],"curies":[{"name":"wp","href":"https:\/\/api.w.org\/{rel}","templated":true}]}}