{"id":3972,"date":"2023-04-24T16:55:00","date_gmt":"2023-04-24T16:55:00","guid":{"rendered":"https:\/\/www.bfv.cloud\/ajedrezeuropa\/index.php\/2023\/04\/24\/entrega-a-la-fundacion-luzon-de-la-donacion-recogida-en-el-torneo-castillo-de-consuegra\/"},"modified":"2025-11-20T11:10:20","modified_gmt":"2025-11-20T11:10:20","slug":"entrega-a-la-fundacion-luzon-de-la-donacion-recogida-en-el-torneo-castillo-de-consuegra","status":"publish","type":"post","link":"https:\/\/www.bfv.cloud\/ajedrezeuropa\/entrega-a-la-fundacion-luzon-de-la-donacion-recogida-en-el-torneo-castillo-de-consuegra\/","title":{"rendered":"ENTREGA A LA FUNDACI\u00d3N LUZ\u00d3N DE LA DONACI\u00d3N RECOGIDA EN EL TORNEO CASTILLO DE CONSUEGRA"},"content":{"rendered":"<p><span style=\"font-family: Open Sans\"><\/p>\n<table align=\"center\" cellpadding=\"0\" cellspacing=\"0\" class=\"tr-caption-container\" style=\"font-size: x-large;margin-left: auto;margin-right: auto\">\n<tbody>\n<tr>\n<td style=\"text-align: center\"><a href=\"https:\/\/www.bfv.cloud\/ajedrezeuropa\/wp-content\/uploads\/2023\/04\/320ENTREGA20CHEQUE20A20F20LUZON20AMPLIADA.jpg\" style=\"margin-left: auto;margin-right: auto\"><img fetchpriority=\"high\" decoding=\"async\" border=\"0\" data-original-height=\"1106\" data-original-width=\"829\" height=\"640\" src=\"https:\/\/blogger.googleusercontent.com\/img\/b\/R29vZ2xl\/AVvXsEj_Gcc40ddNK1ymAJGGHav2v8vqYAsO6pUO71E5KP7YTn4L2ack6rKnbT5TkxEvWef0FPqdGciG__ShcoK31O5QZqc7eL-MN-kURcxugnoplhUq3hUfpM8Ejw_413bjsFsGY1RmuBnGYZWuH2DVDkGrF2z_zlJjt8Qvk_aFcoAet9Mhz2iX1tkkYwj-\/w480-h640\/3%20ENTREGA%20CHEQUE%20A%20F%20LUZON%20AMPLIADA.jpg\" width=\"480\" \/><\/a><\/td>\n<\/tr>\n<tr>\n<td class=\"tr-caption\" style=\"text-align: center\">Esther Portillo, recibe el tal\u00f3n de 600\u20ac correspondiente<br \/>a la donaci\u00f3n realizada por Nuestro Ajedrez en Europa<br \/>a la Fundaci\u00f3n Luz\u00f3n<\/td>\n<\/tr>\n<\/tbody>\n<\/table>\n<p><span style=\"font-size: large\">El sal\u00f3n de plenos del ayuntamiento de Consuegra acogi\u00f3 el pasado 18 de abril el acto de entrega de la donaci\u00f3n a la Fundaci\u00f3n Luz\u00f3n de las cuotas recogidas por la participaci\u00f3n en el \u00abI Torneo de Ajedrez Castillo de Consuegra\u00bb, en beneficio de la investigaci\u00f3n de la esclerosis lateral amiotr\u00f3fica (ELA). Esther Portillo, maestra de profesi\u00f3n y vecina de la localidad, actu\u00f3 en representaci\u00f3n de la Fundaci\u00f3n Luz\u00f3n, recibiendo de manos del alcalde, Jos\u00e9 Manuel Quijorna, y del responsable del proyecto Nuestro Ajedrez en Europa, F\u00e9lix Toribio, el tal\u00f3n representativo de la donaci\u00f3n. Esther expres\u00f3 su gratitud por tener presente, desde el primer momento de la organizaci\u00f3n del torneo, el objetivo de destinar las inscripciones a la investigaci\u00f3n de la ELA, a trav\u00e9s de la Fundaci\u00f3n Luz\u00f3n. Tambi\u00e9n quiso resaltar la necesidad de que las instituciones p\u00fablicas y privadas se sensibilicen e impulsen la investigaci\u00f3n sobre la ELA, con el fin de acelerar una soluci\u00f3n que cronifique esta enfermedad. Por su parte, Jos\u00e9 Manuel Quijorna, destac\u00f3 lo positivo de unir la historia del milenario castillo del Cerro Calderico con el ajedrez y a\u00f1adir una causa ben\u00e9fica tan destacada como la lucha contra la ELA. Para finalizar, F\u00e9lix Toribio, manifest\u00f3 su gratitud por la colaboraci\u00f3n de los servicios de turismo y deportes de Consuegra en la puesta en marcha y organizaci\u00f3n del torneo, a la vez que valor\u00f3 muy positivamente el acercamiento del mundo del ajedrez a causas de gran calado social. Para los tres es importante consolidar el torneo de forma que el castillo medieval de Consuegra re\u00fana al milenario juego del ajedrez con objetivos de mejora en las condiciones de vida de los sectores m\u00e1s necesitados.<\/span><\/span><\/p>\n<\/p>\n<div class=\"separator\" style=\"clear: both;text-align: center\"><a href=\"https:\/\/www.bfv.cloud\/ajedrezeuropa\/wp-content\/uploads\/2023\/04\/120ENTREGA20CHEQUE20A20F20LUZON.jpeg\" style=\"margin-left: 1em;margin-right: 1em\"><img decoding=\"async\" border=\"0\" data-original-height=\"1212\" data-original-width=\"868\" height=\"640\" src=\"https:\/\/blogger.googleusercontent.com\/img\/b\/R29vZ2xl\/AVvXsEhmxNfkdq7ePNEksHtKieedn9HtdfnkJe-oNKQ3pD0IhUQJBZ9ff3IEymBY4_UaG0IBo65wjAFvmaIf99yTLGQst5LeT3wXYSe8FeYvyHYYpDycmSuS1fYtaPf5utX8TSgcUQ3UYhFHkql_HuSYDU0fd3Nds3V0H4k8rVK85-vTOoInu1ixZXbO-bXs\/w458-h640\/1%20ENTREGA%20CHEQUE%20A%20F%20LUZON.jpeg\" width=\"458\" \/><\/a><\/div>\n<p><span style=\"font-family: Open Sans;font-size: large\"><br \/><\/span><\/p>\n","protected":false},"excerpt":{"rendered":"<p>Esther Portillo, recibe el tal\u00f3n de 600\u20ac correspondientea la donaci\u00f3n realizada por Nuestro Ajedrez en Europaa la Fundaci\u00f3n Luz\u00f3n El sal\u00f3n de plenos del ayuntamiento de Consuegra acogi\u00f3 el pasado 18 de abril el acto de entrega de la donaci\u00f3n a la Fundaci\u00f3n Luz\u00f3n de las cuotas recogidas por la participaci\u00f3n en el \u00abI Torneo [&hellip;]<\/p>\n","protected":false},"author":1,"featured_media":3973,"comment_status":"open","ping_status":"closed","sticky":false,"template":"","format":"standard","meta":{"footnotes":""},"categories":[1],"tags":[],"class_list":["post-3972","post","type-post","status-publish","format-standard","has-post-thumbnail","hentry","category-noticias"],"_links":{"self":[{"href":"https:\/\/www.bfv.cloud\/ajedrezeuropa\/wp-json\/wp\/v2\/posts\/3972","targetHints":{"allow":["GET"]}}],"collection":[{"href":"https:\/\/www.bfv.cloud\/ajedrezeuropa\/wp-json\/wp\/v2\/posts"}],"about":[{"href":"https:\/\/www.bfv.cloud\/ajedrezeuropa\/wp-json\/wp\/v2\/types\/post"}],"author":[{"embeddable":true,"href":"https:\/\/www.bfv.cloud\/ajedrezeuropa\/wp-json\/wp\/v2\/users\/1"}],"replies":[{"embeddable":true,"href":"https:\/\/www.bfv.cloud\/ajedrezeuropa\/wp-json\/wp\/v2\/comments?post=3972"}],"version-history":[{"count":1,"href":"https:\/\/www.bfv.cloud\/ajedrezeuropa\/wp-json\/wp\/v2\/posts\/3972\/revisions"}],"predecessor-version":[{"id":3975,"href":"https:\/\/www.bfv.cloud\/ajedrezeuropa\/wp-json\/wp\/v2\/posts\/3972\/revisions\/3975"}],"wp:featuredmedia":[{"embeddable":true,"href":"https:\/\/www.bfv.cloud\/ajedrezeuropa\/wp-json\/wp\/v2\/media\/3973"}],"wp:attachment":[{"href":"https:\/\/www.bfv.cloud\/ajedrezeuropa\/wp-json\/wp\/v2\/media?parent=3972"}],"wp:term":[{"taxonomy":"category","embeddable":true,"href":"https:\/\/www.bfv.cloud\/ajedrezeuropa\/wp-json\/wp\/v2\/categories?post=3972"},{"taxonomy":"post_tag","embeddable":true,"href":"https:\/\/www.bfv.cloud\/ajedrezeuropa\/wp-json\/wp\/v2\/tags?post=3972"}],"curies":[{"name":"wp","href":"https:\/\/api.w.org\/{rel}","templated":true}]}}