{"id":3976,"date":"2013-11-11T23:39:00","date_gmt":"2013-11-11T23:39:00","guid":{"rendered":"https:\/\/www.bfv.cloud\/ajedrezeuropa\/index.php\/2013\/11\/11\/el-equipo-b-de-nuestro-ajedrez-en-europa-lidera-la-clasificacion-del-provincial-absoluto-por-equipos-de-toledo-en-1a-division\/"},"modified":"2025-11-20T11:10:23","modified_gmt":"2025-11-20T11:10:23","slug":"el-equipo-b-de-nuestro-ajedrez-en-europa-lidera-la-clasificacion-del-provincial-absoluto-por-equipos-de-toledo-en-1a-division","status":"publish","type":"post","link":"https:\/\/www.bfv.cloud\/ajedrezeuropa\/el-equipo-b-de-nuestro-ajedrez-en-europa-lidera-la-clasificacion-del-provincial-absoluto-por-equipos-de-toledo-en-1a-division\/","title":{"rendered":"EL EQUIPO B DE NUESTRO AJEDREZ EN EUROPA LIDERA LA CLASIFICACI\u00d3N DEL PROVINCIAL ABSOLUTO POR EQUIPOS DE TOLEDO EN 1\u00aa DIVISI\u00d3N"},"content":{"rendered":"<table cellpadding=\"0\" cellspacing=\"0\" class=\"tr-caption-container\" style=\"float: left;margin-right: 1em;text-align: left\">\n<tbody>\n<tr>\n<td style=\"text-align: center\"><a href=\"https:\/\/www.bfv.cloud\/ajedrezeuropa\/wp-content\/uploads\/2013\/11\/provincialequipostoledo2014003.jpg\" style=\"clear: left;margin-bottom: 1em;margin-left: auto;margin-right: auto\"><img fetchpriority=\"high\" decoding=\"async\" border=\"0\" src=\"https:\/\/www.bfv.cloud\/ajedrezeuropa\/wp-content\/uploads\/2013\/11\/provincialequipostoledo2014003.jpg\" height=\"267\" width=\"400\" \/><\/a><\/td>\n<\/tr>\n<tr>\n<td class=\"tr-caption\" style=\"text-align: center\">Nuestro Ajedrez en Europa A jug\u00f3 con el B en la 1\u00aa ronda<\/td>\n<\/tr>\n<\/tbody>\n<\/table>\n<p><span style=\"font-family: Verdana, sans-serif\"><b>Ya se han celebrado la 2 primeras rondas del Campeonato Provincial por Equipos de Toledo 2014 en su categor\u00eda absoluta de 1\u00aa divisi\u00f3n. El fuerte comienzo del equipo B de Nuestro Ajedrez en Europa, con una doble victoria por 4-0, le permite liderar la clasificaci\u00f3n provisional tras concluir la 1\u00aa jornada de competici\u00f3n. Los jugadores que componen este B vencieron en partidas muy disputadas y combatidas a las formaciones A de nuestros 2 clubes, 2\u00ba y 7\u00ba del ranking inicial. Aunque estos resultados tan abultados son aparentemente sorprendentes, en realidad no lo son tanto, al tratarse de los mismos jugadores que representar\u00e1n al club Nuestro Ajedrez en Europa en la fase final del CECLUB sub-16 de Benidorm en diciembre y estar, durante estos meses, en plena preparaci\u00f3n diaria para afrontar en las mejores condiciones este campeonato de Espa\u00f1a. Es indudable que este entrenamiento mejora el rendimiento y supera con creces el escaso tiempo de preparaci\u00f3n que puedan dedicar los universitarios del A de \u201cEuropa\u201d y los batalladores ajedrecistas del A de la \u201cIgualdad\u201d, carentes de ritmo de competici\u00f3n y con pocas partidas lentas disputadas durante su temporada. Establecidas estas circunstancias, hay que a\u00f1adir, que estas 8 victorias en otras tantas partidas son un premio al m\u00e9rito, la tenacidad y el empe\u00f1o de estos j\u00f3venes representantes de nuestro ajedrez.<\/b><\/span><\/p>\n<table cellpadding=\"0\" cellspacing=\"0\" class=\"tr-caption-container\" style=\"float: right;text-align: right\">\n<tbody>\n<tr>\n<td style=\"text-align: center\"><a href=\"https:\/\/www.bfv.cloud\/ajedrezeuropa\/wp-content\/uploads\/2013\/11\/provincialequipostoledo2014001.jpg\" style=\"clear: right;margin-bottom: 1em;margin-left: auto;margin-right: auto\"><img decoding=\"async\" border=\"0\" src=\"https:\/\/www.bfv.cloud\/ajedrezeuropa\/wp-content\/uploads\/2013\/11\/provincialequipostoledo2014001.jpg\" height=\"300\" width=\"400\" \/><\/a><\/td>\n<\/tr>\n<tr>\n<td class=\"tr-caption\" style=\"text-align: center\">El A y el B de Nuestro Ajedrez por la Igualdad frente a frente<\/td>\n<\/tr>\n<\/tbody>\n<\/table>\n<p><span style=\"font-family: Verdana, sans-serif\"><b>El pr\u00f3ximo domingo, 17 de noviembre, el suizo ha deparado el descanso del A de \u201cEuropa\u201d en la 3\u00aa ronda, la de la ma\u00f1ana, y el enfrentamiento en la mesa 1 de Europa \u201cB\u201d con el n\u00ba 1 del ranking, el A del club de Talavera. Mientras tanto, en la mesa 2, los equipos A de la \u201cIgualdad\u201d y Bargas medir\u00e1n sus fuerzas para estar entre los 3 primeros clasificados. Finalmente, en la mesa 5, el club de Los Navalmorales disputar\u00e1 sus partidas frente al equipo de menor edad de todo el campeonato, nuestra Igualdad \u201cB\u201d, que tambi\u00e9n anda en periodo de entrenamiento de sus peque\u00f1os ajedrecistas.<\/b><\/span><br \/>\n<span style=\"font-family: Verdana, sans-serif\"><b><u>COMIENZA LA 2\u00aa DIVISI\u00d3N<\/u><\/b><\/span><br \/>\n<span style=\"font-family: Verdana, sans-serif\"><b>Adem\u00e1s, este domingo, se pone en marcha la 2\u00aa divisi\u00f3n de este absoluto por equipos de Toledo. Aqu\u00ed tendremos enrolados a los equipos \u201cC\u201d de Nuestro Ajedrez en Europa y Nuestro Ajedrez por la Igualdad, jugando 2 partidas por d\u00eda, en jornada exclusiva de ma\u00f1ana, a un ritmo de 50 minutos + 5 segundos de incremento por jugada.<\/b><\/span><\/p>\n","protected":false},"excerpt":{"rendered":"<p>Nuestro Ajedrez en Europa A jug\u00f3 con el B en la 1\u00aa ronda Ya se han celebrado la 2 primeras rondas del Campeonato Provincial por Equipos de Toledo 2014 en su categor\u00eda absoluta de 1\u00aa divisi\u00f3n. El fuerte comienzo del equipo B de Nuestro Ajedrez en Europa, con una doble victoria por 4-0, le permite [&hellip;]<\/p>\n","protected":false},"author":1,"featured_media":3977,"comment_status":"open","ping_status":"closed","sticky":false,"template":"","format":"standard","meta":{"footnotes":""},"categories":[1],"tags":[],"class_list":["post-3976","post","type-post","status-publish","format-standard","has-post-thumbnail","hentry","category-noticias"],"_links":{"self":[{"href":"https:\/\/www.bfv.cloud\/ajedrezeuropa\/wp-json\/wp\/v2\/posts\/3976","targetHints":{"allow":["GET"]}}],"collection":[{"href":"https:\/\/www.bfv.cloud\/ajedrezeuropa\/wp-json\/wp\/v2\/posts"}],"about":[{"href":"https:\/\/www.bfv.cloud\/ajedrezeuropa\/wp-json\/wp\/v2\/types\/post"}],"author":[{"embeddable":true,"href":"https:\/\/www.bfv.cloud\/ajedrezeuropa\/wp-json\/wp\/v2\/users\/1"}],"replies":[{"embeddable":true,"href":"https:\/\/www.bfv.cloud\/ajedrezeuropa\/wp-json\/wp\/v2\/comments?post=3976"}],"version-history":[{"count":1,"href":"https:\/\/www.bfv.cloud\/ajedrezeuropa\/wp-json\/wp\/v2\/posts\/3976\/revisions"}],"predecessor-version":[{"id":3979,"href":"https:\/\/www.bfv.cloud\/ajedrezeuropa\/wp-json\/wp\/v2\/posts\/3976\/revisions\/3979"}],"wp:featuredmedia":[{"embeddable":true,"href":"https:\/\/www.bfv.cloud\/ajedrezeuropa\/wp-json\/wp\/v2\/media\/3977"}],"wp:attachment":[{"href":"https:\/\/www.bfv.cloud\/ajedrezeuropa\/wp-json\/wp\/v2\/media?parent=3976"}],"wp:term":[{"taxonomy":"category","embeddable":true,"href":"https:\/\/www.bfv.cloud\/ajedrezeuropa\/wp-json\/wp\/v2\/categories?post=3976"},{"taxonomy":"post_tag","embeddable":true,"href":"https:\/\/www.bfv.cloud\/ajedrezeuropa\/wp-json\/wp\/v2\/tags?post=3976"}],"curies":[{"name":"wp","href":"https:\/\/api.w.org\/{rel}","templated":true}]}}