{"id":3980,"date":"2019-02-12T09:33:00","date_gmt":"2019-02-12T09:33:00","guid":{"rendered":"https:\/\/www.bfv.cloud\/ajedrezeuropa\/index.php\/2019\/02\/12\/nueva-escuela-deportiva-de-ajedrez-en-consuegra\/"},"modified":"2025-11-20T11:10:27","modified_gmt":"2025-11-20T11:10:27","slug":"nueva-escuela-deportiva-de-ajedrez-en-consuegra","status":"publish","type":"post","link":"https:\/\/www.bfv.cloud\/ajedrezeuropa\/nueva-escuela-deportiva-de-ajedrez-en-consuegra\/","title":{"rendered":"NUEVA ESCUELA DEPORTIVA DE AJEDREZ EN CONSUEGRA"},"content":{"rendered":"<p><\/p>\n<table cellpadding=\"0\" cellspacing=\"0\" class=\"tr-caption-container\" style=\"float: left;margin-right: 1em;text-align: left\">\n<tbody>\n<tr>\n<td style=\"text-align: center\"><a href=\"https:\/\/www.bfv.cloud\/ajedrezeuropa\/wp-content\/uploads\/2019\/02\/logo_consuegra.jpg\" style=\"clear: left;margin-bottom: 1em;margin-left: auto;margin-right: auto\"><img fetchpriority=\"high\" decoding=\"async\" border=\"0\" data-original-height=\"945\" data-original-width=\"945\" height=\"320\" src=\"https:\/\/blogger.googleusercontent.com\/img\/b\/R29vZ2xl\/AVvXsEj-7SM_F_RtQeUEa0h4kC534e3NSSYTgyF_FtjC5gVa2dEXhl4EvqFzkoccPrxf8Cb4xPcKTU0Wgg0OAqJKdJ2ny1cWkoMvxmLy27FUFSytTagvVbEiFQ712wAJSknN-yUB-6xmP7tNH6E\/s320\/logo_consuegra.jpg\" width=\"320\" \/><\/a><\/td>\n<\/tr>\n<tr>\n<td class=\"tr-caption\" style=\"text-align: center\"><\/td>\n<\/tr>\n<\/tbody>\n<\/table>\n<p><span style=\", sans-serif;font-size: large\">La poblaci\u00f3n toledana de Consuegra se une a las de Alc\u00e1zar de San Juan, Villafranca de los Caballeros y Herencia en la puesta en marcha de una Escuela Deportiva de Ajedrez vinculada al proyecto Nuestro Ajedrez en Europa.<\/span><\/p>\n<div>\n<table cellpadding=\"0\" cellspacing=\"0\" class=\"tr-caption-container\" style=\"clear: right;float: right;margin-bottom: 1em;text-align: right\">\n<tbody>\n<tr>\n<td style=\"text-align: center\"><a href=\"https:\/\/www.bfv.cloud\/ajedrezeuropa\/wp-content\/uploads\/2019\/02\/EscudoConsuegra.jpg\" style=\"clear: right;margin-bottom: 1em;margin-left: auto;margin-right: auto\"><img decoding=\"async\" border=\"0\" data-original-height=\"1600\" data-original-width=\"960\" height=\"320\" src=\"https:\/\/blogger.googleusercontent.com\/img\/b\/R29vZ2xl\/AVvXsEhYzaMivJ5OGX92Hic9Hvbp_JTp_9QWN9dQqNgdc2Ly2-MfXLQCb9VIbpMHNqBHfpF98Am-t3n39Xct7R3btyL9hX7Qo1pBTWqWN_ub4QQ3mrdek-BIY3xYWkVgFYfXopclgp5fnwHQyCo\/s320\/Escudo+Consuegra.jpg\" width=\"191\" \/><\/a><\/td>\n<\/tr>\n<tr>\n<td class=\"tr-caption\" style=\"text-align: center\">Escudo de Consuegra<\/td>\n<\/tr>\n<\/tbody>\n<\/table>\n<p><span style=\", sans-serif;font-size: large\">Desde el pasado 5 de febrero y hasta el pr\u00f3ximo 30 de mayo, la escuela impartir\u00e1 clases los martes en 2 horarios distintos, de 17 a 18 horas y de 18 a 19 horas, con 4 grupos formativos diferenciados. Inicialmente, la nueva escuela cuenta con 46 alumnos de entre 5 y 12 a\u00f1os de edad. Previo al inicio de la escuela se impartieron charlas informativas en los dos colegios de primaria de la localidad, Juan Cobo y Cervantes. D\u00edas despu\u00e9s tuvo lugar una presentaci\u00f3n ante las familias en la casa de la cultura, lugar que albergar\u00e1 en dos de sus aulas las clases semanales.<\/p>\n<table cellpadding=\"0\" cellspacing=\"0\" class=\"tr-caption-container\" style=\"float: left;margin-right: 1em;text-align: left\">\n<tbody>\n<tr>\n<td style=\"text-align: center\"><a href=\"https:\/\/www.bfv.cloud\/ajedrezeuropa\/wp-content\/uploads\/2019\/02\/CHARLASENCOLEGIOS3.jpg\" style=\"clear: left;margin-bottom: 1em;margin-left: auto;margin-right: auto\"><img decoding=\"async\" border=\"0\" data-original-height=\"643\" data-original-width=\"969\" height=\"265\" src=\"https:\/\/blogger.googleusercontent.com\/img\/b\/R29vZ2xl\/AVvXsEjLB_58X1phUoW98Nn1CM2jmnU-1PnhMLT-vb6Umk1g7WzU5wdTxif9BppsMc4ktvXhYEMioMqYwRnDilOTCZWWffJyU9jbM_1z9Ly3guAwGOiY_CkcZsWtN2VzD-gE_1pJ_Nms1Nv6VLE\/s400\/CHARLAS+EN+COLEGIOS+3.jpg\" width=\"400\" \/><\/a><\/td>\n<\/tr>\n<tr>\n<td class=\"tr-caption\" style=\"text-align: center\">Un momento de las charlas en los colegios<\/td>\n<\/tr>\n<\/tbody>\n<\/table>\n<p><\/span><br \/>\n<span style=\", sans-serif;font-size: large\">El \u00e1rea de deportes del ayuntamiento de Consuegra es la encargada de lanzar, promocionar y mantener este nuevo proyecto ajedrec\u00edstico.&nbsp;<\/span><br \/>\n<span style=\", sans-serif;font-size: large\">Con esta iniciativa los consaburenses recuperan la formaci\u00f3n en el milenario juego de reyes, confiando su desarrollo a un proyecto consolidado durante d\u00e9cadas.<\/span><\/p>\n<table cellpadding=\"0\" cellspacing=\"0\" class=\"tr-caption-container\" style=\"float: right;margin-left: 1em;text-align: right\">\n<tbody>\n<tr>\n<td style=\"text-align: center\"><a href=\"https:\/\/www.bfv.cloud\/ajedrezeuropa\/wp-content\/uploads\/2019\/02\/CHARLASENCOLEGIOS2.jpg\" style=\"clear: right;margin-bottom: 1em;margin-left: auto;margin-right: auto\"><img loading=\"lazy\" decoding=\"async\" border=\"0\" data-original-height=\"532\" data-original-width=\"996\" height=\"340\" src=\"https:\/\/blogger.googleusercontent.com\/img\/b\/R29vZ2xl\/AVvXsEgRvjeC_qIMECwh-l6fb9zS6fq3MwLCkiUHIO4iCcxZNqIXa8jcAxaY571FM34PvMFJ89JWGSSftRI4lX16o7vv_Q2DFz3AXNuSX7unOHRQVxh0K9qyn6suioOVd8Gb1CQMJyCevz_PUeo\/s640\/CHARLAS+EN+COLEGIOS+2.jpg\" width=\"640\" \/><\/a><\/td>\n<\/tr>\n<tr>\n<td class=\"tr-caption\" style=\"text-align: center\">Todos el alumnado de primaria asisti\u00f3 a las presentaciones<\/td>\n<\/tr>\n<\/tbody>\n<\/table>\n<p><span style=\", sans-serif;font-size: large\"><br \/><\/span><br \/>\n<span style=\", sans-serif;font-size: large\"><\/span><br \/>\n<span style=\", sans-serif;font-size: large\"><\/span><\/p>\n<p><\/p>\n<div class=\"separator\" style=\"clear: both;text-align: center\">\n<\/div>\n<\/div>\n","protected":false},"excerpt":{"rendered":"<p>La poblaci\u00f3n toledana de Consuegra se une a las de Alc\u00e1zar de San Juan, Villafranca de los Caballeros y Herencia en la puesta en marcha de una Escuela Deportiva de Ajedrez vinculada al proyecto Nuestro Ajedrez en Europa. Escudo de Consuegra Desde el pasado 5 de febrero y hasta el pr\u00f3ximo 30 de mayo, la [&hellip;]<\/p>\n","protected":false},"author":1,"featured_media":3981,"comment_status":"open","ping_status":"closed","sticky":false,"template":"","format":"standard","meta":{"footnotes":""},"categories":[1],"tags":[],"class_list":["post-3980","post","type-post","status-publish","format-standard","has-post-thumbnail","hentry","category-noticias"],"_links":{"self":[{"href":"https:\/\/www.bfv.cloud\/ajedrezeuropa\/wp-json\/wp\/v2\/posts\/3980","targetHints":{"allow":["GET"]}}],"collection":[{"href":"https:\/\/www.bfv.cloud\/ajedrezeuropa\/wp-json\/wp\/v2\/posts"}],"about":[{"href":"https:\/\/www.bfv.cloud\/ajedrezeuropa\/wp-json\/wp\/v2\/types\/post"}],"author":[{"embeddable":true,"href":"https:\/\/www.bfv.cloud\/ajedrezeuropa\/wp-json\/wp\/v2\/users\/1"}],"replies":[{"embeddable":true,"href":"https:\/\/www.bfv.cloud\/ajedrezeuropa\/wp-json\/wp\/v2\/comments?post=3980"}],"version-history":[{"count":1,"href":"https:\/\/www.bfv.cloud\/ajedrezeuropa\/wp-json\/wp\/v2\/posts\/3980\/revisions"}],"predecessor-version":[{"id":3985,"href":"https:\/\/www.bfv.cloud\/ajedrezeuropa\/wp-json\/wp\/v2\/posts\/3980\/revisions\/3985"}],"wp:featuredmedia":[{"embeddable":true,"href":"https:\/\/www.bfv.cloud\/ajedrezeuropa\/wp-json\/wp\/v2\/media\/3981"}],"wp:attachment":[{"href":"https:\/\/www.bfv.cloud\/ajedrezeuropa\/wp-json\/wp\/v2\/media?parent=3980"}],"wp:term":[{"taxonomy":"category","embeddable":true,"href":"https:\/\/www.bfv.cloud\/ajedrezeuropa\/wp-json\/wp\/v2\/categories?post=3980"},{"taxonomy":"post_tag","embeddable":true,"href":"https:\/\/www.bfv.cloud\/ajedrezeuropa\/wp-json\/wp\/v2\/tags?post=3980"}],"curies":[{"name":"wp","href":"https:\/\/api.w.org\/{rel}","templated":true}]}}