{"id":3986,"date":"2013-06-04T22:27:00","date_gmt":"2013-06-04T22:27:00","guid":{"rendered":"https:\/\/www.bfv.cloud\/ajedrezeuropa\/index.php\/2013\/06\/04\/actividades-del-proximo-fin-de-semana\/"},"modified":"2025-11-20T11:10:30","modified_gmt":"2025-11-20T11:10:30","slug":"actividades-del-proximo-fin-de-semana","status":"publish","type":"post","link":"https:\/\/www.bfv.cloud\/ajedrezeuropa\/actividades-del-proximo-fin-de-semana\/","title":{"rendered":"ACTIVIDADES DEL PR\u00d3XIMO FIN DE SEMANA"},"content":{"rendered":"<div class=\"separator\" style=\"clear: both;text-align: center\">\n<a href=\"https:\/\/www.bfv.cloud\/ajedrezeuropa\/wp-content\/uploads\/2013\/06\/simultanea.jpg\" style=\"clear: left;float: left;margin-bottom: 1em;margin-right: 1em\"><img fetchpriority=\"high\" decoding=\"async\" border=\"0\" height=\"400\" src=\"https:\/\/blogger.googleusercontent.com\/img\/b\/R29vZ2xl\/AVvXsEisINxdnIIDkKm3gc_MDWj8slp-dj_cCOKl64GUSa_S8NDTFJzsWpWTdctl0F0qdkFqY_Q2u1uTVKLnevt1emaepfte43Tv2cdrR4eE665ibaYH_GPfjbmf08oC_JKSPTQnwYmeMCqo3Yg\/s400\/simultanea.jpg\" width=\"275\" \/><\/a><\/div>\n<div style=\"text-align: center\">\n&nbsp;<b><u>VII SIMULT\u00c1NEA EN EL CP JUAN DE AUSTRIA EL DOMINGO 9 DE JUNIO<\/u><\/b><\/div>\n<div style=\"text-align: left\">\n<span style=\"font-family: Trebuchet MS, sans-serif\">Por s\u00e9ptimo a\u00f1o consecutivo la asociaci\u00f3n de madres y padres del colegio Juan de Austria de Alc\u00e1zar de San Juan, organiza su simult\u00e1nea escolar en colaboraci\u00f3n con la escuela municipal de ajedrez. En esta ocasi\u00f3n el horario de celebraci\u00f3n de la simult\u00e1nea se ha ajustado a los horarios del \u00abD\u00eda del Deporte\u00bb promovido por el IMD de Alc\u00e1zar junto a los clubes y escuelas de la localidad que har\u00e1n posible una jornada repleta de actividades l\u00fadico-deportivas. El lugar elegido para localizar todas las actividades de ajedrez es el propio colegio Juan de Austria, con el desarrollo de la simult\u00e1nea a partir de las 6 de la tarde.<\/span><\/div>\n<div class=\"separator\" style=\"clear: both;text-align: center\">\n<a href=\"https:\/\/www.bfv.cloud\/ajedrezeuropa\/wp-content\/uploads\/2013\/06\/carteldemora2013modificado.jpg\" style=\"clear: left;float: left;margin-bottom: 1em;margin-right: 1em\"><img decoding=\"async\" border=\"0\" height=\"400\" src=\"https:\/\/blogger.googleusercontent.com\/img\/b\/R29vZ2xl\/AVvXsEhBZUnBZiEevenDsO8GjwkjW5T-ep0HBF9fFqnXCxlUBZbpLWiBcJ1W_jbHOOkrfR-V8CU1-krLbzGJrbaIWuwW9VcHYeqm9BlhpjDGAHyP1VkKCGg_oCSD9AHlE7kPRDcyOLQy5M7-1vg\/s400\/cartel+de+mora+2013+modificado.JPG\" width=\"282\" \/><\/a><\/div>\n<p><\/p>\n<div style=\"text-align: center\">\n<span style=\"color: blue\"><b><u>XII TORNEO DEL ACEITE DE MORA&nbsp;<\/u><\/b><\/span><\/div>\n<div style=\"text-align: center\">\n<span style=\"color: blue\"><b><u>EL S\u00c1BADO 8 DE JUNIO<\/u><\/b><\/span><span style=\"color: blue;font-family: Georgia, 'Times New Roman', serif;text-align: left\">&nbsp;<\/span><\/div>\n<div style=\"text-align: center\">\n<span style=\"color: blue;font-family: Georgia, 'Times New Roman', serif;text-align: left\"><br \/><\/span><\/div>\n<div style=\"text-align: center\">\n<span style=\"color: blue;font-family: Georgia, 'Times New Roman', serif;text-align: left\">Tambi\u00e9n recordamos que el pr\u00f3ximo s\u00e1bado tenemos una cita con uno de los torneos de semirr\u00e1pidas de mayor prestigio en nuestra regi\u00f3n: el \u00abTorneo del Aceite de Mora\u00bb que ya est\u00e1 en su d\u00e9cimo segunda edici\u00f3n.<\/span><\/div>\n<div style=\"text-align: center\">\n<span style=\"color: blue;font-family: Georgia, 'Times New Roman', serif;text-align: left\">Os animamos a todos a participar en este torneo en el que podr\u00e9is disfrutar de un d\u00eda animado de juego con interesantes partidas.<\/span><br \/>\n<span style=\"color: blue;font-family: Georgia, 'Times New Roman', serif;text-align: left\">Por el momento, la pre-inscripci\u00f3n cuenta con algo m\u00e1s de 40 jugadores, existiendo a\u00fan la posibilidad de participar para otros 30.<\/span><br \/>\n<span style=\"color: blue;font-family: Georgia, 'Times New Roman', serif;text-align: left\">Aqu\u00ed ten\u00e9is el enlace con Chess-Results para que comprob\u00e9is vuestras inscripciones<\/span><br \/>\n<span style=\"color: blue;font-family: Georgia, 'Times New Roman', serif;text-align: left\"><br \/><\/span><br \/>\n<span style=\"color: blue;font-family: Georgia, 'Times New Roman', serif;text-align: left\"><a href=\"http:\/\/chess-results.com\/tnr103224.aspx?ix=1&amp;lan=2&amp;wi=821&amp;turdet=YES\">INSCRIPCIONES XII TORNEO DEL ACEITE DE MORA<\/a><\/span><\/div>\n","protected":false},"excerpt":{"rendered":"<p>&nbsp;VII SIMULT\u00c1NEA EN EL CP JUAN DE AUSTRIA EL DOMINGO 9 DE JUNIO Por s\u00e9ptimo a\u00f1o consecutivo la asociaci\u00f3n de madres y padres del colegio Juan de Austria de Alc\u00e1zar de San Juan, organiza su simult\u00e1nea escolar en colaboraci\u00f3n con la escuela municipal de ajedrez. En esta ocasi\u00f3n el horario de celebraci\u00f3n de la simult\u00e1nea [&hellip;]<\/p>\n","protected":false},"author":1,"featured_media":3987,"comment_status":"open","ping_status":"closed","sticky":false,"template":"","format":"standard","meta":{"footnotes":""},"categories":[1],"tags":[],"class_list":["post-3986","post","type-post","status-publish","format-standard","has-post-thumbnail","hentry","category-noticias"],"_links":{"self":[{"href":"https:\/\/www.bfv.cloud\/ajedrezeuropa\/wp-json\/wp\/v2\/posts\/3986","targetHints":{"allow":["GET"]}}],"collection":[{"href":"https:\/\/www.bfv.cloud\/ajedrezeuropa\/wp-json\/wp\/v2\/posts"}],"about":[{"href":"https:\/\/www.bfv.cloud\/ajedrezeuropa\/wp-json\/wp\/v2\/types\/post"}],"author":[{"embeddable":true,"href":"https:\/\/www.bfv.cloud\/ajedrezeuropa\/wp-json\/wp\/v2\/users\/1"}],"replies":[{"embeddable":true,"href":"https:\/\/www.bfv.cloud\/ajedrezeuropa\/wp-json\/wp\/v2\/comments?post=3986"}],"version-history":[{"count":1,"href":"https:\/\/www.bfv.cloud\/ajedrezeuropa\/wp-json\/wp\/v2\/posts\/3986\/revisions"}],"predecessor-version":[{"id":3989,"href":"https:\/\/www.bfv.cloud\/ajedrezeuropa\/wp-json\/wp\/v2\/posts\/3986\/revisions\/3989"}],"wp:featuredmedia":[{"embeddable":true,"href":"https:\/\/www.bfv.cloud\/ajedrezeuropa\/wp-json\/wp\/v2\/media\/3987"}],"wp:attachment":[{"href":"https:\/\/www.bfv.cloud\/ajedrezeuropa\/wp-json\/wp\/v2\/media?parent=3986"}],"wp:term":[{"taxonomy":"category","embeddable":true,"href":"https:\/\/www.bfv.cloud\/ajedrezeuropa\/wp-json\/wp\/v2\/categories?post=3986"},{"taxonomy":"post_tag","embeddable":true,"href":"https:\/\/www.bfv.cloud\/ajedrezeuropa\/wp-json\/wp\/v2\/tags?post=3986"}],"curies":[{"name":"wp","href":"https:\/\/api.w.org\/{rel}","templated":true}]}}