{"id":3990,"date":"2011-12-31T18:58:00","date_gmt":"2011-12-31T18:58:00","guid":{"rendered":"https:\/\/www.bfv.cloud\/ajedrezeuropa\/index.php\/2011\/12\/31\/v-gala-del-deporte-de-villafranca-y-nueva-lista-de-elo-de-la-fide\/"},"modified":"2025-11-20T11:10:31","modified_gmt":"2025-11-20T11:10:31","slug":"v-gala-del-deporte-de-villafranca-y-nueva-lista-de-elo-de-la-fide","status":"publish","type":"post","link":"https:\/\/www.bfv.cloud\/ajedrezeuropa\/v-gala-del-deporte-de-villafranca-y-nueva-lista-de-elo-de-la-fide\/","title":{"rendered":"V GALA DEL DEPORTE DE VILLAFRANCA Y NUEVA LISTA DE ELO DE LA FIDE"},"content":{"rendered":"<div class=\"separator\" style=\"border-bottom: medium none;border-left: medium none;border-right: medium none;border-top: medium none;clear: both;text-align: center\"><a href=\"https:\/\/www.bfv.cloud\/ajedrezeuropa\/wp-content\/uploads\/2011\/12\/fidelogo.gif\" style=\"clear: left;float: left;margin-bottom: 1em;margin-right: 1em\"><img decoding=\"async\" border=\"0\" height=\"200\" src=\"https:\/\/blogger.googleusercontent.com\/img\/b\/R29vZ2xl\/AVvXsEhy3d0ARxr_OeDCUbDBSkMbUm6KjgArn3b5_Qfl6LT2zokMpQhj0opZl7TcVuYQIlF__DRUK6FrwUaBwmBF2AxlGW3D-y1KCRijeXN_AUHDu1y-sHnVgNv7b5LKqb4QWxQFMZ29m8wK2Ug\/s200\/fidelogo.gif\" width=\"200\" \/><\/a><\/div>\n<div style=\"border-bottom: medium none;border-left: medium none;border-right: medium none;border-top: medium none\"><strong><span style=\", sans-serif\">Ayer se celebraba en el Auditorio de Villafranca de los Caballeros la V GALA DEL DEPORTE, con el equipo sub-16 del club Nuestro Ajedrez en Europa como gran protagonista. Los 5 chicos medallistas de bronce en el \u00faltimo Campeonato de Espa\u00f1a por Equipos de la categor\u00eda, recibieron el galard\u00f3n m\u00e1s importante del deporte villafranquero de la mano del alcalde, Andr\u00e9s Beldad, y de los concejales, Juan Jos\u00e9 Marchante y Luis Manuel Gallego. El premio a los deportistas m\u00e1s destacados del a\u00f1o 2011 de Villafranca, tuvo como pre\u00e1mbulo un power point donde se reflejaban todos los hechos m\u00e1s destacables que hab\u00eda protagonizado nuestro proyecto ajedrec\u00edstico, contando con la presentaci\u00f3n sobre el escenario del Auditorio de Petri Garc\u00eda y M\u00aa Luisa Camu\u00f1as a las que queremos felicitar por su excelente trabajo y agradecer su colaboraci\u00f3n.<\/span><\/strong><\/div>\n<div style=\"border-bottom: medium none;border-left: medium none;border-right: medium none;border-top: medium none\"><strong><span style=\"font-family: Trebuchet MS\">Aqu\u00ed ten\u00e9is un enlace para ver la&nbsp;grabaci\u00f3n realizada por M\u00aa Jos\u00e9 Ropero durante la presentaci\u00f3n y la entrega del premio. Tambi\u00e9n damos las gracias a M\u00aa Jos\u00e9 por esta colaboraci\u00f3n tan especial.<\/span><\/strong><\/div>\n<div style=\"border-bottom: medium none;border-left: medium none;border-right: medium none;border-top: medium none\">\n<\/div>\n<div style=\"text-align: center\"><a href=\"http:\/\/videobam.com\/lnYrd\">VIDEO V GALA DEL DEPORTE DE VILLAFRANCA<\/a><\/div>\n<div style=\"text-align: center\">\n<\/div>\n<div style=\"text-align: left\"><strong><span style=\", sans-serif\">Por otra parte, damos cuenta de la actualizaci\u00f3n del Elo FIDE a fecha 1 de enero de 2012, con el detalle de la lista de nuestros jugadores que ya est\u00e1n incluidos en ella. <\/span><\/strong><\/div>\n<div style=\"text-align: left\"><strong><span style=\"font-family: Trebuchet MS\">A destacar la entrada de 3 nuevos ajedrecistas de nuestro proyecto y la obtenci\u00f3n, por primera vez, de una puntuaci\u00f3n superior a 2.000 por parte de alguno de nuestros j\u00f3venes&nbsp;de la mano de Santiago Talavera. De momento estos son los datos, a la espera de que algunos otros chicos y chicas obtengan esta importante valoraci\u00f3n:<\/span><\/strong><\/div>\n<div style=\"text-align: center\"><strong><span style=\"font-family: Trebuchet MS\">Santiago Talavera,&nbsp; 2.004<\/span><\/strong><\/div>\n<div style=\"text-align: center\"><strong><span style=\"font-family: Trebuchet MS\">Daniel P\u00edriz,&nbsp; 1.959<\/span><\/strong><\/div>\n<div style=\"text-align: center\"><strong><span style=\"font-family: Trebuchet MS\">Luis Miguel Monreal,&nbsp; 1.843<\/span><\/strong><\/div>\n<div style=\"text-align: center\"><strong><span style=\"font-family: Trebuchet MS\">Carlos \u00c1lvarez,&nbsp; 1.834<\/span><\/strong><\/div>\n<div style=\"text-align: center\"><strong><span style=\"font-family: Trebuchet MS\">Jorge Sim\u00f3n,&nbsp; 1.828<\/span><\/strong><\/div>\n<div style=\"text-align: center\"><strong><span style=\"font-family: Trebuchet MS\">Sergio Valencia,&nbsp; 1.691<\/span><\/strong><\/div>\n<div style=\"text-align: center\"><strong><span style=\"font-family: Trebuchet MS\">Antonio Albo,&nbsp; 1.670<\/span><\/strong><\/div>\n<div style=\"text-align: center\"><strong><span style=\"font-family: Trebuchet MS\">Manuel Marcos-Alberca,&nbsp; 1.642<\/span><\/strong><\/div>\n<div style=\"text-align: center\"><strong><span style=\"font-family: Trebuchet MS\">Jos\u00e9 Mar\u00eda Pastrana,&nbsp; 1.640<\/span><\/strong><\/div>\n<div style=\"text-align: center\"><strong><span style=\"font-family: Trebuchet MS\">Antonio S\u00e1nchez-Beato,&nbsp; 1.636<\/span><\/strong><\/div>\n<div style=\"text-align: center\"><strong><span style=\"font-family: Trebuchet MS\">Cosimo Leonardo de Giorgi,&nbsp; 1.596<\/span><\/strong><br \/>\n<strong><span style=\"font-family: Trebuchet MS\">Daniel Salas,&nbsp; 1.590<\/span><\/strong><\/div>\n<div style=\"text-align: center\"><strong><span style=\"font-family: Trebuchet MS\">Jos\u00e9 \u00c1ngel Vela,&nbsp; 1.590<\/span><\/strong><\/div>\n<div style=\"text-align: center\"><strong><span style=\"font-family: Trebuchet MS\">Jes\u00fas Mar\u00eda Bricio,&nbsp; 1.368<\/span><\/strong><\/div>\n<div style=\"text-align: center\"><strong><span style=\"font-family: Trebuchet MS\">Javier Valdepe\u00f1as,&nbsp; 1.368<\/span><\/strong><\/div>\n<div style=\"text-align: center\">\n<\/div>\n","protected":false},"excerpt":{"rendered":"<p>Ayer se celebraba en el Auditorio de Villafranca de los Caballeros la V GALA DEL DEPORTE, con el equipo sub-16 del club Nuestro Ajedrez en Europa como gran protagonista. Los 5 chicos medallistas de bronce en el \u00faltimo Campeonato de Espa\u00f1a por Equipos de la categor\u00eda, recibieron el galard\u00f3n m\u00e1s importante del deporte villafranquero de [&hellip;]<\/p>\n","protected":false},"author":1,"featured_media":3991,"comment_status":"open","ping_status":"closed","sticky":false,"template":"","format":"standard","meta":{"footnotes":""},"categories":[1],"tags":[],"class_list":["post-3990","post","type-post","status-publish","format-standard","has-post-thumbnail","hentry","category-noticias"],"_links":{"self":[{"href":"https:\/\/www.bfv.cloud\/ajedrezeuropa\/wp-json\/wp\/v2\/posts\/3990","targetHints":{"allow":["GET"]}}],"collection":[{"href":"https:\/\/www.bfv.cloud\/ajedrezeuropa\/wp-json\/wp\/v2\/posts"}],"about":[{"href":"https:\/\/www.bfv.cloud\/ajedrezeuropa\/wp-json\/wp\/v2\/types\/post"}],"author":[{"embeddable":true,"href":"https:\/\/www.bfv.cloud\/ajedrezeuropa\/wp-json\/wp\/v2\/users\/1"}],"replies":[{"embeddable":true,"href":"https:\/\/www.bfv.cloud\/ajedrezeuropa\/wp-json\/wp\/v2\/comments?post=3990"}],"version-history":[{"count":1,"href":"https:\/\/www.bfv.cloud\/ajedrezeuropa\/wp-json\/wp\/v2\/posts\/3990\/revisions"}],"predecessor-version":[{"id":3992,"href":"https:\/\/www.bfv.cloud\/ajedrezeuropa\/wp-json\/wp\/v2\/posts\/3990\/revisions\/3992"}],"wp:featuredmedia":[{"embeddable":true,"href":"https:\/\/www.bfv.cloud\/ajedrezeuropa\/wp-json\/wp\/v2\/media\/3991"}],"wp:attachment":[{"href":"https:\/\/www.bfv.cloud\/ajedrezeuropa\/wp-json\/wp\/v2\/media?parent=3990"}],"wp:term":[{"taxonomy":"category","embeddable":true,"href":"https:\/\/www.bfv.cloud\/ajedrezeuropa\/wp-json\/wp\/v2\/categories?post=3990"},{"taxonomy":"post_tag","embeddable":true,"href":"https:\/\/www.bfv.cloud\/ajedrezeuropa\/wp-json\/wp\/v2\/tags?post=3990"}],"curies":[{"name":"wp","href":"https:\/\/api.w.org\/{rel}","templated":true}]}}