{"id":3993,"date":"2021-09-06T21:11:00","date_gmt":"2021-09-06T21:11:00","guid":{"rendered":"https:\/\/www.bfv.cloud\/ajedrezeuropa\/index.php\/2021\/09\/06\/el-equipo-juvenil-de-nuestro-ajedrez-en-europa-subcampeon-de-castilla-la-mancha\/"},"modified":"2025-11-20T11:10:40","modified_gmt":"2025-11-20T11:10:40","slug":"el-equipo-juvenil-de-nuestro-ajedrez-en-europa-subcampeon-de-castilla-la-mancha","status":"publish","type":"post","link":"https:\/\/www.bfv.cloud\/ajedrezeuropa\/el-equipo-juvenil-de-nuestro-ajedrez-en-europa-subcampeon-de-castilla-la-mancha\/","title":{"rendered":"EL EQUIPO JUVENIL DE NUESTRO AJEDREZ EN EUROPA, SUBCAMPE\u00d3N DE CASTILLA LA MANCHA"},"content":{"rendered":"<p>&nbsp;<\/p>\n<table align=\"center\" cellpadding=\"0\" cellspacing=\"0\" class=\"tr-caption-container\" style=\"margin-left: auto;margin-right: auto\">\n<tbody>\n<tr>\n<td style=\"text-align: center\"><a href=\"https:\/\/www.bfv.cloud\/ajedrezeuropa\/wp-content\/uploads\/2021\/09\/EQUIPOSUBCAMPEONREGIONALS18.jpg\" style=\"margin-left: auto;margin-right: auto\"><img fetchpriority=\"high\" decoding=\"async\" border=\"0\" data-original-height=\"910\" data-original-width=\"1406\" height=\"414\" src=\"https:\/\/blogger.googleusercontent.com\/img\/b\/R29vZ2xl\/AVvXsEiRkHxGZL5hnVjR4op9dGk-H4egzGa2hWbEqQWrpatkuSmrKj0TiJFIxaFFKPieV3c1_I7Ngm0zQZEIJ4zHM42H_NlDkBTBtI6JJN5dT1fH5lWtSKEmTlBH1IG2iOhlf4_Tx-yKAGRuqwM\/w640-h414\/EQUIPO+SUBCAMPEON+REGIONAL+S18.jpg\" width=\"640\" \/><\/a><\/td>\n<\/tr>\n<tr>\n<td class=\"tr-caption\" style=\"text-align: center\">Los 5 componentes del equipo juvenil de Nuestro Ajedrez en Europa recogiendo el trofeo<br \/>que les acredita como subcampeones de Castilla La Mancha<\/td>\n<\/tr>\n<\/tbody>\n<\/table>\n<p><span style=\"font-family: helvetica;font-size: large\"><b><br \/><\/b><\/span><\/p>\n<p><span style=\"font-family: helvetica;font-size: large\"><b><i><u>Un equipo que mereci\u00f3 vencer<\/u><\/i><\/b><\/span><\/p>\n<p><span style=\"font-family: helvetica;font-size: large\"><b>El equipo juvenil de Nuestro Ajedrez en Europa compuesto por: Alonso L\u00f3pez N\u00fa\u00f1ez, Alfredo Amador And\u00fajar, \u00c1ngel Collado Alcolado, Javier Jim\u00e9nez Carrazoni y Roberto Yeghiazaryan Petrosyan, ha logrado la 2\u00aa plaza en el Campeonato Regional por Equipos Sub-18 celebrado en Albacete del 2 al 5 de septiembre. En las 6 rondas disputadas, el equipo ha sumado 9 puntos, con 4 victorias (ante Nuestro Ajedrez por la Igualdad, C.A. Ciudad Real, C.A. Tomelloso y C.A. Bargas-Soliss); 1 empate (ante el C.A. Excalibur de Albacete) y 1 derrota (ante el C.A. Parque Sur de Albacete). Aunque Europa part\u00eda 5\u00ba en el ranking inicial, desde la ronda 2 a la 5 lider\u00f3 la clasificaci\u00f3n tras imponerse a los 4 primeros rivales entre los que se encontraban los equipos que part\u00edan en el primer y segundo puesto de este mismo ranking.&nbsp;<\/b><\/span><\/p>\n<p><span style=\"font-family: helvetica;font-size: large\"><\/p>\n<table align=\"center\" cellpadding=\"0\" cellspacing=\"0\" class=\"tr-caption-container\" style=\"margin-left: auto;margin-right: auto\">\n<tbody>\n<tr>\n<td style=\"text-align: center\"><a href=\"https:\/\/www.bfv.cloud\/ajedrezeuropa\/wp-content\/uploads\/2021\/09\/NAJEDREZEUROPAS18-1.jpg\" style=\"margin-left: auto;margin-right: auto\"><img decoding=\"async\" border=\"0\" data-original-height=\"1151\" data-original-width=\"1404\" height=\"524\" src=\"https:\/\/blogger.googleusercontent.com\/img\/b\/R29vZ2xl\/AVvXsEjEPveRXt_pXAQADc4UHn176-_gwIaPt1coQO_L-pAI0pMbVrETnN-_qoFPvsSOVrkAS1QvpMHPKZutc-TqnCMu-HMVIcCvxUB6JBlr9ziRVKMcaZBeycHZ7fnTOO8TVkTQjbd9qH_HLfo\/w640-h524\/N+AJEDREZ+EUROPA+S18-1.jpg\" width=\"640\" \/><\/a><\/td>\n<\/tr>\n<tr>\n<td class=\"tr-caption\" style=\"text-align: center\">El equipo sub18 de Nuestro Ajedrez en Europa al completo<\/td>\n<\/tr>\n<\/tbody>\n<\/table>\n<p><\/span><b style=\"font-family: helvetica;font-size: x-large\"><br \/><\/b><\/p>\n<p><b style=\"font-family: helvetica;font-size: x-large\">Es muy probable que al ser el \u00fanico equipo de todo el campeonato que se enfrent\u00f3 a los 6 primeros de la clasificaci\u00f3n final, tantas horas de esfuerzo y tensi\u00f3n pesaran en nuestros jugadores en cuanto al rendimiento ante el tablero en la \u00faltima ronda. El hecho es que se lleg\u00f3 al enfrentamiento del domingo por la ma\u00f1ana dependiendo de s\u00ed mismos para proclamarse campeones y no se pudo conseguir. Por otra parte, el joven equipo de Nuestro Ajedrez en Europa, fue el \u00fanico que logr\u00f3 vencer al ganador final, el club de ajedrez de Bargas, a pesar de una diferencia superior a los 130 puntos en el Elo medio a favor de este club.<\/b><\/p>\n<p><span style=\"font-family: helvetica;font-size: large\"><\/p>\n<table cellpadding=\"0\" cellspacing=\"0\" class=\"tr-caption-container\" style=\"float: left\">\n<tbody>\n<tr>\n<td style=\"text-align: center\"><a href=\"https:\/\/www.bfv.cloud\/ajedrezeuropa\/wp-content\/uploads\/2021\/09\/NUESTROAJENEUROPA125C225BAENELREGIONALEQUIPOSBLITZ.jpg\" style=\"clear: left;margin-bottom: 1em;margin-left: auto;margin-right: auto\"><img decoding=\"async\" border=\"0\" data-original-height=\"1045\" data-original-width=\"2048\" height=\"204\" src=\"https:\/\/blogger.googleusercontent.com\/img\/b\/R29vZ2xl\/AVvXsEgg1hIb_C1twEaj9HzerOQ_DT3Zl_FmjM_e3buw699k27xIupT17WJdnzmlAQJox_x8ptvMK0gHCuokmo2WP4FZ8g07QrrT2DAhC2i09SMI9o-R2dWrIojz3a9jIQlqkQpBzqey2tGX9p8\/w400-h204\/NUESTRO+AJ+EN+EUROPA+1%25C2%25BA+EN+EL+REGIONAL+EQUIPOS+BLITZ.jpg\" width=\"400\" \/><\/a><\/td>\n<\/tr>\n<tr>\n<td class=\"tr-caption\" style=\"text-align: center\">Europa recibiendo el 1\u00ba sub18 en el Regional por&nbsp;<br \/>Equipos Blitz<\/td>\n<\/tr>\n<\/tbody>\n<\/table>\n<p><\/span><\/p>\n<p><span style=\"font-family: helvetica;font-size: large\"><b>Otro m\u00e9rito a\u00f1adido para esta formaci\u00f3n sub18 de Europa, es el de lograr el primer puesto por equipos juvenil en el Campeonato Blitz por Clubes disputado el 21 de agosto en Tomelloso, despu\u00e9s de enfrentarse con varios de los mejores senior de Castilla La Mancha.<\/b><\/span><\/p>\n<p><span style=\"font-family: helvetica;font-size: large\"><b><i><u>Los 2 equipos de Nuestro Ajedrez por la Igualdad<\/u><\/i><\/b><\/span><\/p>\n<p><span style=\"font-family: helvetica;font-size: large\"><b><i><\/p>\n<table cellpadding=\"0\" cellspacing=\"0\" class=\"tr-caption-container\" style=\"float: right\">\n<tbody>\n<tr>\n<td style=\"text-align: center\"><a href=\"https:\/\/www.bfv.cloud\/ajedrezeuropa\/wp-content\/uploads\/2021\/09\/NAJEDREZIGUALDADS18.jpg\" style=\"clear: right;margin-bottom: 1em;margin-left: auto;margin-right: auto\"><img loading=\"lazy\" decoding=\"async\" border=\"0\" data-original-height=\"1026\" data-original-width=\"1707\" height=\"240\" src=\"https:\/\/blogger.googleusercontent.com\/img\/b\/R29vZ2xl\/AVvXsEiysImcLTyJkoJ6_a8fY772NJP_wnNZ_Ya84YIdSRwKWyZzd8mBaZVx_-nKo3GwVJR4JnCHfl9-cMp744HnkKDTuR-C021aQ4_06Mmhlldq-G7ns9Ip3v_Y7RlhA4msEWc1xhg96WV__EM\/w400-h240\/N+AJEDREZ+IGUALDAD+S18.jpg\" width=\"400\" \/><\/a><\/td>\n<\/tr>\n<tr>\n<td class=\"tr-caption\" style=\"text-align: center\">El equipo sub18 de Nuestro Ajedrez por la Igualdad<\/td>\n<\/tr>\n<\/tbody>\n<\/table>\n<p><\/i><\/b><\/span><\/p>\n<p><span style=\"font-family: helvetica;font-size: large\"><b>Como es habitual en las competiciones oficiales por equipos que forman parte del calendario regional, tambi\u00e9n hubo participaci\u00f3n del juvenil de Nuestro Ajedrez por la Igualdad y de una jovenc\u00edsima formaci\u00f3n sub12. El sub18 de Igualdad finaliz\u00f3 10\u00ba tras no haber sumado ning\u00fan punto, a pesar de la lucha constante frente a rivales te\u00f3ricamente superiores que les llev\u00f3 a estar cerca de igualar algunos encuentros. Igualdad sub18 ha estado formado por: Arsenio L\u00f3pez Ochoa, Clara Vela Adri\u00e1n, Gabriel Amador And\u00fajar y \u00d3scar Ortega Olivares.<\/b><\/span><\/p>\n<p><span style=\"font-family: helvetica;font-size: large\"><\/p>\n<table align=\"center\" cellpadding=\"0\" cellspacing=\"0\" class=\"tr-caption-container\" style=\"margin-left: auto;margin-right: auto\">\n<tbody>\n<tr>\n<td style=\"text-align: center\"><a href=\"https:\/\/www.bfv.cloud\/ajedrezeuropa\/wp-content\/uploads\/2021\/09\/NAJEDREZIGUALDADS12-2.jpg\" style=\"margin-left: auto;margin-right: auto\"><img loading=\"lazy\" decoding=\"async\" border=\"0\" data-original-height=\"930\" data-original-width=\"1835\" height=\"324\" src=\"https:\/\/blogger.googleusercontent.com\/img\/b\/R29vZ2xl\/AVvXsEivZTrJ2oxQaOKs_2X6mj_SUoA44fiwsa2HlUvGIOZJgJOxWedew-7qosPwxKCp4k8Y3bCNxv9rmspU4tgEPI69OskRauhyphenhyphenrOkJ29H0eJz-ctcOiAqL9AL1cOuSfWCcG2-BqIyUSdaPwvk\/w640-h324\/N+AJEDREZ+IGUALDAD+S12-2.jpg\" width=\"640\" \/><\/a><\/td>\n<\/tr>\n<tr>\n<td class=\"tr-caption\" style=\"text-align: center\">El equipo sub12 de Igualdad ante el tablero<\/td>\n<\/tr>\n<\/tbody>\n<\/table>\n<p><\/span><\/p>\n<p><span style=\"font-family: helvetica;font-size: large\"><b>Por su parte, los peque\u00f1os de la categor\u00eda sub12, afrontaban su primer Campeonato de Castilla-La Mancha por equipos, con el objetivo principal de coger experiencia y aprender a controlar el ritmo de juego en las partidas lentas. As\u00ed que el 5\u00ba puesto obtenido por: Marta Elena Jim\u00e9nez Carrazoni, Jaime Vila Castillo, Jos\u00e9 Miguel Romero Flores y Miguel Fern\u00e1ndez Romero, es un gran resultado.<\/b><\/span><\/p>\n<p><span style=\"font-family: helvetica;font-size: large\"><b><i><u>Marta Jim\u00e9nez Carrazoni, mejor primer tablero del sub12, Javier Jim\u00e9nez Carrazoni, mejor 4\u00ba tablero del sub18<\/u><\/i><\/b><\/span><\/p>\n<p><span style=\"font-family: helvetica;font-size: large\"><b><i><\/i><\/b><\/span><\/p>\n<p><span style=\"font-family: helvetica;font-size: large\"><b><\/p>\n<table cellpadding=\"0\" cellspacing=\"0\" class=\"tr-caption-container\" style=\"float: left\">\n<tbody>\n<tr>\n<td style=\"text-align: center\"><a href=\"https:\/\/www.bfv.cloud\/ajedrezeuropa\/wp-content\/uploads\/2021\/09\/JAVIEROROTABLERO4S18.jpg\" style=\"clear: left;margin-bottom: 1em;margin-left: auto;margin-right: auto\"><img loading=\"lazy\" decoding=\"async\" border=\"0\" data-original-height=\"2016\" data-original-width=\"930\" height=\"400\" src=\"https:\/\/blogger.googleusercontent.com\/img\/b\/R29vZ2xl\/AVvXsEhRgVbrTHSj3PBh0js5AWXdU__k-rDcejqsAZM9QADvLXLaax_2DTXVDegOS1mT0MIyF_s3YE-RZJ9o0Z9TimnIL7GPv1Ycdtfn9Plzrr2Xh5C7x1fzjfjgBy6xHokUMA0da4bS-5oL7DA\/w185-h400\/JAVIER+ORO+TABLERO+4+S18.jpg\" width=\"185\" \/><\/a><\/td>\n<\/tr>\n<tr>\n<td class=\"tr-caption\" style=\"text-align: center\">Javier Jim\u00e9nez, oro<br \/>en el tablero 4 del sub18<\/td>\n<\/tr>\n<\/tbody>\n<\/table>\n<table cellpadding=\"0\" cellspacing=\"0\" class=\"tr-caption-container\" style=\"float: left;margin-right: 1em;text-align: left\">\n<tbody>\n<tr>\n<td style=\"text-align: center\"><a href=\"https:\/\/www.bfv.cloud\/ajedrezeuropa\/wp-content\/uploads\/2021\/09\/MARTAOROTABLERO1S12-1.jpg\" style=\"clear: right;margin-bottom: 1em;margin-left: auto;margin-right: auto\"><img loading=\"lazy\" decoding=\"async\" border=\"0\" data-original-height=\"1315\" data-original-width=\"831\" height=\"400\" src=\"https:\/\/blogger.googleusercontent.com\/img\/b\/R29vZ2xl\/AVvXsEh_tz8Jaju12AQqfGGsjJkmcZkIQqBmXfp-vJLF4cNZEcSgKP3EI_JIQmm-Enen4FUAl4FPIkMXNQ3ybbkNwuh9mXj3iXUFfoLpXV6QEuKskLln8LTjYvT-ixuCtXEKSIX6mRrs8fKPJWc\/w253-h400\/MARTA+ORO+TABLERO+1+S12-1.jpg\" width=\"253\" \/><\/a><\/td>\n<\/tr>\n<tr>\n<td class=\"tr-caption\" style=\"text-align: center\">Marta Jim\u00e9nez, oro en el tablero 1<br \/>del sub12<\/td>\n<\/tr>\n<\/tbody>\n<\/table>\n<p>En el apartado de resultados individuales es importante resaltar el esfuerzo y tenacidad de los 13 jugadores que han ido representando a nuestras escuelas de ajedrez. Aunque los premiados como mejores tableros tienen una menci\u00f3n especial. En este caso, Marta Jim\u00e9nez, que obten\u00eda la medalla de oro al mejor primer tablero en el torneo sub12, tras ganar 3 partidas y empatar las otras 2; y su hermano, Javier, que consegu\u00eda la medalla de oro al mejor 4\u00ba tablero en el torneo juvenil con 4,5 puntos y 5 partidas disputadas. Un gran torneo el realizado por Marta y Javier, en su primer campeonato regional.<\/b><\/span><\/p>\n<p><span style=\"font-family: helvetica;font-size: large\"><br \/><b><br \/><\/b><\/span><\/p>\n<p><span style=\"font-family: helvetica;font-size: large\"><b><i><u>Roberto y Silvia al frente de este magn\u00edfico grupo<\/u><\/i><\/b><\/span><\/p>\n<p><span style=\"font-family: helvetica;font-size: large\"><b><i><\/p>\n<table align=\"center\" cellpadding=\"0\" cellspacing=\"0\" class=\"tr-caption-container\" style=\"margin-left: auto;margin-right: auto\">\n<tbody>\n<tr>\n<td style=\"text-align: center\"><a href=\"https:\/\/www.bfv.cloud\/ajedrezeuropa\/wp-content\/uploads\/2021\/09\/GRUPOEQUIPOSS18YS12.jpg\" style=\"margin-left: auto;margin-right: auto\"><img loading=\"lazy\" decoding=\"async\" border=\"0\" data-original-height=\"897\" data-original-width=\"1724\" height=\"332\" src=\"https:\/\/blogger.googleusercontent.com\/img\/b\/R29vZ2xl\/AVvXsEjh2BnzHAWu0ACBQiszZ2nBTubx8R1TBjL8CcZ3ZqhQ5OPbQaFXmGMdxibNrKL4XvZjoJ4AXUDfIzDzDyr6OCl3h1MhiB_-nreoyLgmJMr-FBoO3rJOgPk4X1kDL65oT_kbr6mhs5_IW44\/w640-h332\/GRUPO+EQUIPOS+S18+Y+S12.jpg\" width=\"640\" \/><\/a><\/td>\n<\/tr>\n<tr>\n<td class=\"tr-caption\" style=\"text-align: center\">Jugadores y entrenadores al final del campeonato<\/td>\n<\/tr>\n<\/tbody>\n<\/table>\n<p><\/i><\/b><\/span><\/p>\n<p><span style=\"font-family: helvetica;font-size: large\"><b>Todo este trabajo ha llevado la firma de 2 de nuestros entrenadores m\u00e1s j\u00f3venes: Silvia Toribio Camu\u00f1as y Roberto L\u00f3pez N\u00fa\u00f1ez, que han sido los encargados de entrenar y acompa\u00f1ar a este estupendo grupo de ajedrecistas.<\/b><\/span><\/p>\n<p><span style=\"font-family: helvetica;font-size: large\"><b>\u00a1\u00a1Enhorabuena a jugadores, entrenadores y familias!!<\/b><\/span><\/p>\n","protected":false},"excerpt":{"rendered":"<p>&nbsp; Los 5 componentes del equipo juvenil de Nuestro Ajedrez en Europa recogiendo el trofeoque les acredita como subcampeones de Castilla La Mancha Un equipo que mereci\u00f3 vencer El equipo juvenil de Nuestro Ajedrez en Europa compuesto por: Alonso L\u00f3pez N\u00fa\u00f1ez, Alfredo Amador And\u00fajar, \u00c1ngel Collado Alcolado, Javier Jim\u00e9nez Carrazoni y Roberto Yeghiazaryan Petrosyan, ha [&hellip;]<\/p>\n","protected":false},"author":1,"featured_media":3994,"comment_status":"open","ping_status":"closed","sticky":false,"template":"","format":"standard","meta":{"footnotes":""},"categories":[1],"tags":[],"class_list":["post-3993","post","type-post","status-publish","format-standard","has-post-thumbnail","hentry","category-noticias"],"_links":{"self":[{"href":"https:\/\/www.bfv.cloud\/ajedrezeuropa\/wp-json\/wp\/v2\/posts\/3993","targetHints":{"allow":["GET"]}}],"collection":[{"href":"https:\/\/www.bfv.cloud\/ajedrezeuropa\/wp-json\/wp\/v2\/posts"}],"about":[{"href":"https:\/\/www.bfv.cloud\/ajedrezeuropa\/wp-json\/wp\/v2\/types\/post"}],"author":[{"embeddable":true,"href":"https:\/\/www.bfv.cloud\/ajedrezeuropa\/wp-json\/wp\/v2\/users\/1"}],"replies":[{"embeddable":true,"href":"https:\/\/www.bfv.cloud\/ajedrezeuropa\/wp-json\/wp\/v2\/comments?post=3993"}],"version-history":[{"count":1,"href":"https:\/\/www.bfv.cloud\/ajedrezeuropa\/wp-json\/wp\/v2\/posts\/3993\/revisions"}],"predecessor-version":[{"id":4002,"href":"https:\/\/www.bfv.cloud\/ajedrezeuropa\/wp-json\/wp\/v2\/posts\/3993\/revisions\/4002"}],"wp:featuredmedia":[{"embeddable":true,"href":"https:\/\/www.bfv.cloud\/ajedrezeuropa\/wp-json\/wp\/v2\/media\/3994"}],"wp:attachment":[{"href":"https:\/\/www.bfv.cloud\/ajedrezeuropa\/wp-json\/wp\/v2\/media?parent=3993"}],"wp:term":[{"taxonomy":"category","embeddable":true,"href":"https:\/\/www.bfv.cloud\/ajedrezeuropa\/wp-json\/wp\/v2\/categories?post=3993"},{"taxonomy":"post_tag","embeddable":true,"href":"https:\/\/www.bfv.cloud\/ajedrezeuropa\/wp-json\/wp\/v2\/tags?post=3993"}],"curies":[{"name":"wp","href":"https:\/\/api.w.org\/{rel}","templated":true}]}}