{"id":4003,"date":"2014-02-12T22:10:00","date_gmt":"2014-02-12T22:10:00","guid":{"rendered":"https:\/\/www.bfv.cloud\/ajedrezeuropa\/index.php\/2014\/02\/12\/enhorabuena-al-club-ajedrez-talavera\/"},"modified":"2025-11-20T11:10:42","modified_gmt":"2025-11-20T11:10:42","slug":"enhorabuena-al-club-ajedrez-talavera","status":"publish","type":"post","link":"https:\/\/www.bfv.cloud\/ajedrezeuropa\/enhorabuena-al-club-ajedrez-talavera\/","title":{"rendered":"\u00a1\u00a1ENHORABUENA AL CLUB AJEDREZ TALAVERA!!"},"content":{"rendered":"<table cellpadding=\"0\" cellspacing=\"0\" class=\"tr-caption-container\" style=\"float: left;margin-right: 1em;text-align: left\">\n<tbody>\n<tr>\n<td style=\"text-align: center\"><a href=\"https:\/\/www.bfv.cloud\/ajedrezeuropa\/wp-content\/uploads\/2014\/02\/DSC_04375B15D.jpg\" style=\"clear: left;margin-bottom: 1em;margin-left: auto;margin-right: auto\"><img fetchpriority=\"high\" decoding=\"async\" border=\"0\" src=\"https:\/\/www.bfv.cloud\/ajedrezeuropa\/wp-content\/uploads\/2014\/02\/DSC_04375B15D.jpg\" height=\"320\" width=\"200\" \/><\/a><\/td>\n<\/tr>\n<tr>\n<td class=\"tr-caption\" style=\"text-align: center\">El MF Carlos Garc\u00eda recoge su galard\u00f3n de<br \/>\nmanos del presidente de la Diputaci\u00f3n,<br \/>\nArturo Garc\u00eda Tiz\u00f3n<\/td>\n<\/tr>\n<\/tbody>\n<\/table>\n<div class=\"MsoNormal\" style=\"text-align: center\">\n<span style=\"font-family: Arial, Helvetica, sans-serif\">Queremos<br \/>\nexpresar nuestra felicitaci\u00f3n a todos los integrantes del Club de Ajedrez<br \/>\nTalavera por su reciente premio en la \u201cGALA DEL DEPORTE DE LA DIPUTACI\u00d3N DE<br \/>\nTOLEDO\u201d. Este merecido reconocimiento a una labor de a\u00f1os de dedicaci\u00f3n al<br \/>\najedrez y, por supuesto, de numerosos \u00e9xitos deportivos, deb\u00eda haberse hecho en vida del<br \/>\ncreador y presidente del club, Carlos Garc\u00eda Linares, aunque seguramente ni siquiera los escasos momentos de reconocimiento podemos elegirlos. \u00a1\u00a1Enhorabuena!!&nbsp; &nbsp;<\/span><span style=\"font-family: Batang\"><\/span><\/div>\n","protected":false},"excerpt":{"rendered":"<p>El MF Carlos Garc\u00eda recoge su galard\u00f3n de manos del presidente de la Diputaci\u00f3n, Arturo Garc\u00eda Tiz\u00f3n Queremos expresar nuestra felicitaci\u00f3n a todos los integrantes del Club de Ajedrez Talavera por su reciente premio en la \u201cGALA DEL DEPORTE DE LA DIPUTACI\u00d3N DE TOLEDO\u201d. Este merecido reconocimiento a una labor de a\u00f1os de dedicaci\u00f3n al [&hellip;]<\/p>\n","protected":false},"author":1,"featured_media":4004,"comment_status":"open","ping_status":"closed","sticky":false,"template":"","format":"standard","meta":{"footnotes":""},"categories":[1],"tags":[],"class_list":["post-4003","post","type-post","status-publish","format-standard","has-post-thumbnail","hentry","category-noticias"],"_links":{"self":[{"href":"https:\/\/www.bfv.cloud\/ajedrezeuropa\/wp-json\/wp\/v2\/posts\/4003","targetHints":{"allow":["GET"]}}],"collection":[{"href":"https:\/\/www.bfv.cloud\/ajedrezeuropa\/wp-json\/wp\/v2\/posts"}],"about":[{"href":"https:\/\/www.bfv.cloud\/ajedrezeuropa\/wp-json\/wp\/v2\/types\/post"}],"author":[{"embeddable":true,"href":"https:\/\/www.bfv.cloud\/ajedrezeuropa\/wp-json\/wp\/v2\/users\/1"}],"replies":[{"embeddable":true,"href":"https:\/\/www.bfv.cloud\/ajedrezeuropa\/wp-json\/wp\/v2\/comments?post=4003"}],"version-history":[{"count":1,"href":"https:\/\/www.bfv.cloud\/ajedrezeuropa\/wp-json\/wp\/v2\/posts\/4003\/revisions"}],"predecessor-version":[{"id":4005,"href":"https:\/\/www.bfv.cloud\/ajedrezeuropa\/wp-json\/wp\/v2\/posts\/4003\/revisions\/4005"}],"wp:featuredmedia":[{"embeddable":true,"href":"https:\/\/www.bfv.cloud\/ajedrezeuropa\/wp-json\/wp\/v2\/media\/4004"}],"wp:attachment":[{"href":"https:\/\/www.bfv.cloud\/ajedrezeuropa\/wp-json\/wp\/v2\/media?parent=4003"}],"wp:term":[{"taxonomy":"category","embeddable":true,"href":"https:\/\/www.bfv.cloud\/ajedrezeuropa\/wp-json\/wp\/v2\/categories?post=4003"},{"taxonomy":"post_tag","embeddable":true,"href":"https:\/\/www.bfv.cloud\/ajedrezeuropa\/wp-json\/wp\/v2\/tags?post=4003"}],"curies":[{"name":"wp","href":"https:\/\/api.w.org\/{rel}","templated":true}]}}