{"id":401,"date":"2013-02-04T00:58:00","date_gmt":"2013-02-04T00:58:00","guid":{"rendered":"https:\/\/www.bfv.cloud\/ajedrezeuropa\/index.php\/2013\/02\/04\/lideres-en-3-de-las-4-categorias-de-los-escolares-de-ciudad-real-y-toledo\/"},"modified":"2025-11-20T10:17:15","modified_gmt":"2025-11-20T10:17:15","slug":"lideres-en-3-de-las-4-categorias-de-los-escolares-de-ciudad-real-y-toledo","status":"publish","type":"post","link":"https:\/\/www.bfv.cloud\/ajedrezeuropa\/lideres-en-3-de-las-4-categorias-de-los-escolares-de-ciudad-real-y-toledo\/","title":{"rendered":"L\u00cdDERES EN 3 DE LAS 4 CATEGOR\u00cdAS DE LOS ESCOLARES DE CIUDAD REAL Y TOLEDO"},"content":{"rendered":"<div class=\"separator\" style=\"clear: both;text-align: center\">\n<\/div>\n<table cellpadding=\"0\" cellspacing=\"0\" class=\"tr-caption-container\" style=\"clear: left;float: right;margin-bottom: 1em;margin-left: 1em;text-align: right\">\n<tbody>\n<tr>\n<td style=\"text-align: center\"><a href=\"https:\/\/www.bfv.cloud\/ajedrezeuropa\/wp-content\/uploads\/2013\/02\/fotostoledodep.edadescolar036.jpg\" style=\"clear: right;margin-bottom: 1em;margin-left: auto;margin-right: auto\"><img fetchpriority=\"high\" decoding=\"async\" border=\"0\" height=\"300\" src=\"https:\/\/blogger.googleusercontent.com\/img\/b\/R29vZ2xl\/AVvXsEiHj00j72g6Uth-ESini_EN3o5qrurysBf2uy_evjVsTZiKc0tYy6JqTLohe1AGJt-hGp5jc0QgPbVVABSVhY5w9KH8b8CuPEwFdeaV0GKUzUko6C2qXAOjgBi7ant65AXPUF2xn4XUbzI\/s400\/fotos+toledo+dep.+edad+escolar+036.jpg\" width=\"400\" \/><\/a><\/td>\n<\/tr>\n<tr>\n<td class=\"tr-caption\" style=\"text-align: center\">\u00d3scar Roncero suma 2 puntos de los 5 disputados<\/td>\n<\/tr>\n<\/tbody>\n<\/table>\n<table cellpadding=\"0\" cellspacing=\"0\" class=\"tr-caption-container\" style=\"clear: right;float: right;margin-bottom: 1em;text-align: right\">\n<tbody>\n<tr>\n<td style=\"text-align: center\"><a href=\"https:\/\/www.bfv.cloud\/ajedrezeuropa\/wp-content\/uploads\/2013\/02\/fotostoledodep.edadescolar027.jpg\" style=\"clear: right;margin-bottom: 1em;margin-left: auto;margin-right: auto\"><img decoding=\"async\" border=\"0\" height=\"300\" src=\"https:\/\/blogger.googleusercontent.com\/img\/b\/R29vZ2xl\/AVvXsEj2QBXG8VEgT-BDBJS6wSzQcmvlxnqM9Ocf-H8OAwwUyjVc3c9mWk8oMHYVGXquNuF8xOZKPigHweBerpohEy1ssAwl5hdnP4ykBSuGWvIEdkoglID2_tRSSSqobMHbgn_z2yPyfbJazGM\/s400\/fotos+toledo+dep.+edad+escolar+027.jpg\" width=\"400\" \/><\/a><\/td>\n<\/tr>\n<tr>\n<td class=\"tr-caption\" style=\"text-align: center\">Mar\u00eda Oliver con 2,5 puntos mantiene sus opciones de proclamarse<br \/>\ncampeona provincial del sub-10 femenino<\/td>\n<\/tr>\n<\/tbody>\n<\/table>\n<p><span style=\"font-family: Verdana, sans-serif\"><b>Tras la 3\u00aa jornada de competici\u00f3n en los escolares de Toledo y Ciudad Real, las escuelas municipales de Villafranca y Alc\u00e1zar lideran las categor\u00edas cadetes de ambos provinciales y la infantil de Toledo. De momento, el \u00fanico campeonato decidido es el cadete de Ciudad Real donde a falta de la ronda final ya se ha proclamado vencedor el alcazare\u00f1o Cosimo Leonardo de Giorgi, sumando 4,5 puntos de los 5 disputados, aunque tambi\u00e9n en Toledo, Isaac Lozano, domina en solitario esta misma categor\u00eda. De igual manera, Irene Sim\u00f3n, &nbsp;se encuentra al frente de la clasificaci\u00f3n provisional del infantil toledano tras haber sumado la totalidad de los puntos jugados en las 5 rondas celebradas. Ocupando puestos de clasificaci\u00f3n para la fase regional se encuentran:<\/b><\/span><\/p>\n<div style=\"text-align: center\">\n<span style=\"font-family: Verdana, sans-serif\"><b>&#8211; Silvia Toribio, (3 puntos) 1\u00aa clasificada femenina en el cadete de Toledo.<\/b><\/span><\/div>\n<div style=\"text-align: center\">\n<span style=\"font-family: Verdana, sans-serif\"><b>&#8211; Alba P\u00edriz, (3,5 puntos) 2\u00aa clasificada femenina en el infantil de Toledo.<\/b><\/span><\/div>\n<div style=\"text-align: center\">\n<span style=\"font-family: Verdana, sans-serif\"><b>&#8211; Marta Espinosa, (4 puntos) 3\u00aa femenina en el infantil de Ciudad Real.<\/b><\/span><\/div>\n<table cellpadding=\"0\" cellspacing=\"0\" class=\"tr-caption-container\" style=\"float: left;margin-right: 1em;text-align: left\">\n<tbody>\n<tr>\n<td style=\"text-align: center\"><a href=\"https:\/\/www.bfv.cloud\/ajedrezeuropa\/wp-content\/uploads\/2013\/02\/fotostoledodep.edadescolar038.jpg\" style=\"clear: left;margin-bottom: 1em;margin-left: auto;margin-right: auto\"><img decoding=\"async\" border=\"0\" height=\"240\" src=\"https:\/\/blogger.googleusercontent.com\/img\/b\/R29vZ2xl\/AVvXsEikfuPkrU1hoon-PIGHoE_72Jx1ZAqxkm_KrJjpEjQGV42pk8Kw0VQo8oD_2R1a-mdT2dSnuanx8H6yH59CMeLbeCDwUQVzChqg5-Hs7nZKSdS3f2qMA6b9anF9iFBLqLQSeDHYi6zTzS8\/s320\/fotos+toledo+dep.+edad+escolar+038.jpg\" width=\"320\" \/><\/a><\/td>\n<\/tr>\n<tr>\n<td class=\"tr-caption\" style=\"text-align: center\">Iv\u00e1n Valencia con 3,5 puntos ocupa la 13\u00aa posici\u00f3n<br \/>\ndel infantil de Toledo<\/td>\n<\/tr>\n<\/tbody>\n<\/table>\n<div style=\"text-align: left\">\n<span style=\"font-family: Verdana, sans-serif\"><b>Por lo tanto, a falta de una jornada de competici\u00f3n en Ciudad Real, el pr\u00f3ximo domingo 24 de febrero, y 2 en Toledo, los pr\u00f3ximos s\u00e1bados 16 y 23 de febrero, son muchas las opciones de estar presentes en la fase regional con un grupo bastante numeroso, porque adem\u00e1s de los chicos y chicas mencionados son varios los que a\u00fan mantienen posibilidades.&nbsp;<\/b><\/span><\/div>\n<table cellpadding=\"0\" cellspacing=\"0\" class=\"tr-caption-container\" style=\"float: left;margin-right: 1em;text-align: left\">\n<tbody>\n<tr>\n<td style=\"text-align: center\"><a href=\"https:\/\/www.bfv.cloud\/ajedrezeuropa\/wp-content\/uploads\/2013\/02\/fotostoledodep.edadescolar039.jpg\" style=\"clear: left;margin-bottom: 1em;margin-left: auto;margin-right: auto\"><img loading=\"lazy\" decoding=\"async\" border=\"0\" height=\"240\" src=\"https:\/\/blogger.googleusercontent.com\/img\/b\/R29vZ2xl\/AVvXsEhsK54os6xYBEtU0myWHBmfM1oDWfdjompOSZDa_1j_9_D8qgZ7B9h3yj0eNKmbFRj17H8JCC5puJV5ymBbD3-4x6HHKoJCJJvYJHcF3mjsbEz3nmHzuAFwqCX8BpQO5YUg_F0WRrreTio\/s320\/fotos+toledo+dep.+edad+escolar+039.jpg\" width=\"320\" \/><\/a><\/td>\n<\/tr>\n<tr>\n<td class=\"tr-caption\" style=\"text-align: center\">Alba P\u00edriz cuenta con grandes posibilidades<br \/>\nde clasificaci\u00f3n para la fase regional del escolar<\/td>\n<\/tr>\n<\/tbody>\n<\/table>\n<div style=\"text-align: left\">\n<span style=\"font-family: Verdana, sans-serif\"><b>Tambi\u00e9n es rese\u00f1able la presencia y juego de los jugadores y jugadoras m\u00e1s peque\u00f1os de nuestras escuelas, aunque ser\u00e1 en una pr\u00f3xima noticia cuando daremos a conocer sus resultados y clasificaciones.<\/b><\/span><\/div>\n<div style=\"text-align: left\">\n<span style=\"font-family: Verdana, sans-serif\"><b><br \/><\/b><\/span><\/div>\n<h4 style=\"text-align: center\">\n<span style=\"color: blue;font-family: Verdana, sans-serif\"><u><br \/><\/u><\/span><\/h4>\n<h4 style=\"text-align: center\">\n<\/h4>\n<h4 style=\"text-align: center\">\n<span style=\"color: blue;font-family: Verdana, sans-serif\"><u>DOMINIO EN EL SUB-18 DE TOLEDO<\/u><\/span><\/h4>\n<table cellpadding=\"0\" cellspacing=\"0\" class=\"tr-caption-container\" style=\"float: left;margin-right: 1em;text-align: left\">\n<tbody>\n<tr>\n<td style=\"text-align: center\"><a href=\"https:\/\/www.bfv.cloud\/ajedrezeuropa\/wp-content\/uploads\/2013\/02\/fotostoledodep.edadescolar044.jpg\" style=\"clear: left;margin-bottom: 1em;margin-left: auto;margin-right: auto\"><img loading=\"lazy\" decoding=\"async\" border=\"0\" height=\"300\" src=\"https:\/\/blogger.googleusercontent.com\/img\/b\/R29vZ2xl\/AVvXsEh-z9F_HWe8UFL9IN8OgTnkO__tlbI-z13n_ygK9DGgGa9gyC1C8ui1Gk942-80ATkVN-0B6H93t1shryIs40U-6MrEZS7Qvcfl5jG33pNpMh4Wf7dkf_bVNoH6M67WlJ7zM_dRal59sZM\/s400\/fotos+toledo+dep.+edad+escolar+044.jpg\" width=\"400\" \/><\/a><\/td>\n<\/tr>\n<tr>\n<td class=\"tr-caption\" style=\"text-align: center\">En primer plano de la foto y de izqda. a dcha.: Jes\u00fas M\u00aa y Jorge.<br \/>\nEn segundo plano: Daniel; al fondo a la izqda., Rub\u00e9n<\/td>\n<\/tr>\n<\/tbody>\n<\/table>\n<div>\n<span style=\"color: blue;font-family: Verdana, sans-serif\">En cuanto al sub-18 de Toledo, hemos de se\u00f1alar que los puestos m\u00e1s destacados de la clasificaci\u00f3n provisional contin\u00faan ocupados por los jugadores de nuestro club. As\u00ed, Jorge Sim\u00f3n, encabeza la categor\u00eda con 3 puntos, seguido de Daniel P\u00edriz con 2,5 puntos, y de Jes\u00fas M\u00aa Bricio con 1,5, quedando el debutante Rub\u00e9n Escribano todav\u00eda sin puntuar. En este campeonato son 2 las rondas que quedan por disputar a raz\u00f3n de 1 por d\u00eda, coincidiendo con las fechas se\u00f1aladas para el escolar toledano.<\/span><\/div>\n","protected":false},"excerpt":{"rendered":"<p>\u00d3scar Roncero suma 2 puntos de los 5 disputados Mar\u00eda Oliver con 2,5 puntos mantiene sus opciones de proclamarse campeona provincial del sub-10 femenino Tras la 3\u00aa jornada de competici\u00f3n en los escolares de Toledo y Ciudad Real, las escuelas municipales de Villafranca y Alc\u00e1zar lideran las categor\u00edas cadetes de ambos provinciales y la infantil [&hellip;]<\/p>\n","protected":false},"author":1,"featured_media":402,"comment_status":"open","ping_status":"closed","sticky":false,"template":"","format":"standard","meta":{"footnotes":""},"categories":[1],"tags":[],"class_list":["post-401","post","type-post","status-publish","format-standard","has-post-thumbnail","hentry","category-noticias"],"_links":{"self":[{"href":"https:\/\/www.bfv.cloud\/ajedrezeuropa\/wp-json\/wp\/v2\/posts\/401","targetHints":{"allow":["GET"]}}],"collection":[{"href":"https:\/\/www.bfv.cloud\/ajedrezeuropa\/wp-json\/wp\/v2\/posts"}],"about":[{"href":"https:\/\/www.bfv.cloud\/ajedrezeuropa\/wp-json\/wp\/v2\/types\/post"}],"author":[{"embeddable":true,"href":"https:\/\/www.bfv.cloud\/ajedrezeuropa\/wp-json\/wp\/v2\/users\/1"}],"replies":[{"embeddable":true,"href":"https:\/\/www.bfv.cloud\/ajedrezeuropa\/wp-json\/wp\/v2\/comments?post=401"}],"version-history":[{"count":1,"href":"https:\/\/www.bfv.cloud\/ajedrezeuropa\/wp-json\/wp\/v2\/posts\/401\/revisions"}],"predecessor-version":[{"id":407,"href":"https:\/\/www.bfv.cloud\/ajedrezeuropa\/wp-json\/wp\/v2\/posts\/401\/revisions\/407"}],"wp:featuredmedia":[{"embeddable":true,"href":"https:\/\/www.bfv.cloud\/ajedrezeuropa\/wp-json\/wp\/v2\/media\/402"}],"wp:attachment":[{"href":"https:\/\/www.bfv.cloud\/ajedrezeuropa\/wp-json\/wp\/v2\/media?parent=401"}],"wp:term":[{"taxonomy":"category","embeddable":true,"href":"https:\/\/www.bfv.cloud\/ajedrezeuropa\/wp-json\/wp\/v2\/categories?post=401"},{"taxonomy":"post_tag","embeddable":true,"href":"https:\/\/www.bfv.cloud\/ajedrezeuropa\/wp-json\/wp\/v2\/tags?post=401"}],"curies":[{"name":"wp","href":"https:\/\/api.w.org\/{rel}","templated":true}]}}