{"id":4010,"date":"2016-11-20T10:24:00","date_gmt":"2016-11-20T10:24:00","guid":{"rendered":"https:\/\/www.bfv.cloud\/ajedrezeuropa\/index.php\/2016\/11\/20\/el-proximo-domingo-3a-jornada-del-por-equipos-1a-division-de-toledo\/"},"modified":"2025-11-20T11:10:49","modified_gmt":"2025-11-20T11:10:49","slug":"el-proximo-domingo-3a-jornada-del-por-equipos-1a-division-de-toledo","status":"publish","type":"post","link":"https:\/\/www.bfv.cloud\/ajedrezeuropa\/el-proximo-domingo-3a-jornada-del-por-equipos-1a-division-de-toledo\/","title":{"rendered":"EL PR\u00d3XIMO DOMINGO, 3\u00aa JORNADA DEL POR EQUIPOS 1\u00aa DIVISI\u00d3N DE TOLEDO"},"content":{"rendered":"<table cellpadding=\"0\" cellspacing=\"0\" class=\"tr-caption-container\" style=\"float: right;margin-left: 1em;text-align: right\">\n<tbody>\n<tr>\n<td style=\"text-align: center\"><a href=\"https:\/\/www.bfv.cloud\/ajedrezeuropa\/wp-content\/uploads\/2016\/11\/SAM_3174.jpg\" style=\"clear: right;margin-bottom: 1em;margin-left: auto;margin-right: auto\"><img fetchpriority=\"high\" decoding=\"async\" border=\"0\" height=\"300\" src=\"https:\/\/blogger.googleusercontent.com\/img\/b\/R29vZ2xl\/AVvXsEg0r1qzdLKYJztO-M7GgzxAly-4pUAALPXiOg0lTx7fMDgVp51Gj81U-fUrratJuYHW5N0-237OFmy93iL19WoYwu46u_9qYhxdcLqqvo6lgtV3ss67X0Q5i-HyQA9Ima1gi6uUvyl13MI\/s400\/SAM_3174.JPG\" width=\"400\" \/><\/a><\/td>\n<\/tr>\n<tr>\n<td class=\"tr-caption\" style=\"text-align: center\">Nuestro Ajedrez en Europa \u00abA\u00bb en la \u00faltima jornada del<br \/>provincial por equipos de Toledo<\/td>\n<\/tr>\n<\/tbody>\n<\/table>\n<p><span style=\"font-family: Georgia, Times New Roman, serif;font-size: large\"><b>El domingo 27 de noviembre se disputar\u00e1n la 5\u00aa y 6\u00aa ronda del Campeonato por Equipos de 1\u00aa Divisi\u00f3n de Toledo. Los enfrentamientos de la jornada prometen ser muy interesantes y perfilar las plazas de honor del torneo. El cuadro de emparejamientos de la 5\u00aa ronda es el siguiente:<\/b><\/span><br \/>\n<span style=\"font-family: Courier New, Courier, monospace;font-size: large\"><b><br \/><\/b><\/span><\/p>\n<div class=\"separator\" style=\"clear: both;text-align: center\">\n<a href=\"https:\/\/www.bfv.cloud\/ajedrezeuropa\/wp-content\/uploads\/2016\/11\/0001252842529.jpg\" style=\"margin-left: 1em;margin-right: 1em\"><img decoding=\"async\" border=\"0\" height=\"280\" src=\"https:\/\/blogger.googleusercontent.com\/img\/b\/R29vZ2xl\/AVvXsEhNEctpoxKj_XRS0jsb4wQBbrixBXwRc9o3BbKKoby2ybuWmHZ_q_TKfXm-HyGsSUrtLQ-EWA5Y1rximtuSqYOmuwKKxR8McX8dj641Y_vzisIVctUlpWEg8bE_Pv1geHqpb_EHUGMwq1w\/s640\/0001+%25284%2529.jpg\" width=\"640\" \/><\/a><\/div>\n<div style=\"text-align: center\">\n<b style=\", Courier, monospace;font-size: x-large\"><br \/><\/b><\/div>\n<div style=\"text-align: left\">\n<b style=\"font-size: x-large\"><span style=\"font-family: Georgia, Times New Roman, serif\">Tras 4 rondas, Nuestro Ajedrez en Europa \u00abA\u00bb, se sit\u00faa en la 2\u00aa plaza de la clasificaci\u00f3n con 6 puntos, despu\u00e9s de sumar 3 victorias y una derrota. En la 5\u00aa y 6\u00aa posici\u00f3n se encuentran: Nuestro Ajedrez en Europa \u00abB\u00bb, con 5 puntos, y Nuestro Ajedrez por la Igualdad \u00abA\u00bb, con 4. En el puesto 10\u00ba de esta clasificaci\u00f3n provisional, con 2 puntos, el \u00abB\u00bb de La Igualdad.<\/span><\/b><\/div>\n<div style=\"text-align: left\">\n<b style=\"font-size: x-large\"><span style=\"font-family: Georgia, Times New Roman, serif\">El rendimiento de nuestros 4 equipos es muy bueno, hasta el momento, aunque a falta de las 3 rondas finales se mantienen abiertas todas las posibilidades.<\/span><\/b><\/div>\n<table align=\"center\" cellpadding=\"0\" cellspacing=\"0\" class=\"tr-caption-container\" style=\"margin-left: auto;margin-right: auto;text-align: center\">\n<tbody>\n<tr>\n<td style=\"text-align: center\"><a href=\"https:\/\/www.bfv.cloud\/ajedrezeuropa\/wp-content\/uploads\/2016\/11\/SAM_3189.jpg\" style=\"margin-left: auto;margin-right: auto\"><img decoding=\"async\" border=\"0\" height=\"480\" src=\"https:\/\/blogger.googleusercontent.com\/img\/b\/R29vZ2xl\/AVvXsEiyk7juK7jkhdVYGPIh24SzlFRZ3xRVaw3QUS-71epI10Sdxex68nGgArXkujGiL5Me7O5ufxIe9kr_mblElA6QYTE8purKaTJin4tR5kthKYVlooTPR9uyhSuyuHI2MSVPVYtGES8yPME\/s640\/SAM_3189.JPG\" width=\"640\" \/><\/a><\/td>\n<\/tr>\n<tr>\n<td class=\"tr-caption\" style=\"text-align: center\">Carlos P\u00e9rez y Pablo Mart\u00edn-Fontecha jugaron con Nuestro Ajedrez en Europa \u00abC\u00bb en el<br \/>Campeonato de Promoci\u00f3n Deportiva<\/td>\n<\/tr>\n<\/tbody>\n<\/table>\n<p><\/p>\n<table cellpadding=\"0\" cellspacing=\"0\" class=\"tr-caption-container\" style=\"float: left;margin-right: 1em;text-align: left\">\n<tbody>\n<tr>\n<td style=\"text-align: center\"><a href=\"https:\/\/www.bfv.cloud\/ajedrezeuropa\/wp-content\/uploads\/2016\/11\/SAM_3190.jpg\" style=\"clear: left;margin-bottom: 1em;margin-left: auto;margin-right: auto\"><img loading=\"lazy\" decoding=\"async\" border=\"0\" height=\"300\" src=\"https:\/\/blogger.googleusercontent.com\/img\/b\/R29vZ2xl\/AVvXsEjg9dcntu5MmSGzQgU9bx2HYFsqIE34hSnQT9pIe6YZL50Itk_3QK7pKlLPohDATQF56h6V7MHm10nFXsb09GB4bpubNdzw6r92dgy-DSlztS96m_8UNGies7rAKtSfspqQZIFAivjeCd0\/s400\/SAM_3190.JPG\" width=\"400\" \/><\/a><\/td>\n<\/tr>\n<tr>\n<td class=\"tr-caption\" style=\"text-align: center\">En Promoci\u00f3n Deportiva, el equipo \u00abC\u00bb de Nuestro Ajedrez por la Igualdad<br \/>venci\u00f3 en las dos rondas que se disputaron<\/td>\n<\/tr>\n<\/tbody>\n<\/table>\n<h2>\n<span style=\"color: #660000;font-family: Courier New, Courier, monospace;font-size: large\"><b><u>Campeonato de Promoci\u00f3n Deportiva<\/u><\/b><\/span><\/h2>\n<p><span style=\"font-family: Courier New, Courier, monospace;font-size: large\"><b><u><br \/><\/u><\/b><\/span><br \/>\n<span style=\"color: #660000;font-family: Courier New, Courier, monospace;font-size: large\"><b>Tambi\u00e9n en Promoci\u00f3n Deportiva continuar\u00e1 la competici\u00f3n el pr\u00f3ximo domingo 27 de noviembre, con otras 2 rondas en la jornada matinal. Aqu\u00ed los equipos \u00abC\u00bb de La Igualdad y Europa se sit\u00faan en la 2\u00aa y 12\u00aa posici\u00f3n respectiva de la clasificaci\u00f3n provisional. Este a\u00f1o el torneo cuenta con 16 equipos y, como es habitual, sirve para complementar y ampliar la participaci\u00f3n de clubes, colegios y aficionados de cualquier edad en el inicio de la temporada ajedrec\u00edstica toledana.<\/b><\/span><\/p>\n","protected":false},"excerpt":{"rendered":"<p>Nuestro Ajedrez en Europa \u00abA\u00bb en la \u00faltima jornada delprovincial por equipos de Toledo El domingo 27 de noviembre se disputar\u00e1n la 5\u00aa y 6\u00aa ronda del Campeonato por Equipos de 1\u00aa Divisi\u00f3n de Toledo. Los enfrentamientos de la jornada prometen ser muy interesantes y perfilar las plazas de honor del torneo. El cuadro de [&hellip;]<\/p>\n","protected":false},"author":1,"featured_media":4011,"comment_status":"open","ping_status":"closed","sticky":false,"template":"","format":"standard","meta":{"footnotes":""},"categories":[1],"tags":[],"class_list":["post-4010","post","type-post","status-publish","format-standard","has-post-thumbnail","hentry","category-noticias"],"_links":{"self":[{"href":"https:\/\/www.bfv.cloud\/ajedrezeuropa\/wp-json\/wp\/v2\/posts\/4010","targetHints":{"allow":["GET"]}}],"collection":[{"href":"https:\/\/www.bfv.cloud\/ajedrezeuropa\/wp-json\/wp\/v2\/posts"}],"about":[{"href":"https:\/\/www.bfv.cloud\/ajedrezeuropa\/wp-json\/wp\/v2\/types\/post"}],"author":[{"embeddable":true,"href":"https:\/\/www.bfv.cloud\/ajedrezeuropa\/wp-json\/wp\/v2\/users\/1"}],"replies":[{"embeddable":true,"href":"https:\/\/www.bfv.cloud\/ajedrezeuropa\/wp-json\/wp\/v2\/comments?post=4010"}],"version-history":[{"count":1,"href":"https:\/\/www.bfv.cloud\/ajedrezeuropa\/wp-json\/wp\/v2\/posts\/4010\/revisions"}],"predecessor-version":[{"id":4015,"href":"https:\/\/www.bfv.cloud\/ajedrezeuropa\/wp-json\/wp\/v2\/posts\/4010\/revisions\/4015"}],"wp:featuredmedia":[{"embeddable":true,"href":"https:\/\/www.bfv.cloud\/ajedrezeuropa\/wp-json\/wp\/v2\/media\/4011"}],"wp:attachment":[{"href":"https:\/\/www.bfv.cloud\/ajedrezeuropa\/wp-json\/wp\/v2\/media?parent=4010"}],"wp:term":[{"taxonomy":"category","embeddable":true,"href":"https:\/\/www.bfv.cloud\/ajedrezeuropa\/wp-json\/wp\/v2\/categories?post=4010"},{"taxonomy":"post_tag","embeddable":true,"href":"https:\/\/www.bfv.cloud\/ajedrezeuropa\/wp-json\/wp\/v2\/tags?post=4010"}],"curies":[{"name":"wp","href":"https:\/\/api.w.org\/{rel}","templated":true}]}}