{"id":4016,"date":"2020-10-17T09:39:00","date_gmt":"2020-10-17T09:39:00","guid":{"rendered":"https:\/\/www.bfv.cloud\/ajedrezeuropa\/index.php\/2020\/10\/17\/conferencia-sobre-nuestro-proyecto-en-la-expoajedrez-de-san-fernando-de-henares\/"},"modified":"2025-11-20T11:10:51","modified_gmt":"2025-11-20T11:10:51","slug":"conferencia-sobre-nuestro-proyecto-en-la-expoajedrez-de-san-fernando-de-henares","status":"publish","type":"post","link":"https:\/\/www.bfv.cloud\/ajedrezeuropa\/conferencia-sobre-nuestro-proyecto-en-la-expoajedrez-de-san-fernando-de-henares\/","title":{"rendered":"CONFERENCIA SOBRE NUESTRO PROYECTO EN LA EXPOAJEDREZ DE SAN FERNANDO DE HENARES"},"content":{"rendered":"<\/p>\n<div class=\"separator\" style=\"clear: both;text-align: center\"><a href=\"https:\/\/www.bfv.cloud\/ajedrezeuropa\/wp-content\/uploads\/2020\/10\/CARTELCONFERENCIA2.jpeg\" style=\"margin-left: 1em;margin-right: 1em\"><img fetchpriority=\"high\" decoding=\"async\" border=\"0\" data-original-height=\"400\" data-original-width=\"1209\" height=\"210\" src=\"https:\/\/blogger.googleusercontent.com\/img\/b\/R29vZ2xl\/AVvXsEhVk7xSZjJGKijxyJ5diJFVV3oI6KDdTtAzelMpunUOhDJfEpXiPriGHn3mB_Af6uqB1KVMuS8S6WScma7oR1qN-3LthmJAIIS0zaTMR0Ym_Z-ZW_FzGCnEIv0zAJb8gqSl9CLrjsOt4kw\/w640-h210\/CARTEL+CONFERENCIA+2.jpeg\" width=\"640\" \/><\/a><\/div>\n<p><\/p>\n<div style=\"text-align: justify\">&nbsp;<span style=\"font-family: arial;font-size: large\">Este jueves, d\u00eda 22 de octubre, la Expoajedrez de San Fernando de Henares (Madrid) acoger\u00e1 una conferencia sobre el nacimiento y desarrollo del proyecto \u00abNuestro Ajedrez en Europa\u00bb. A partir de las 18 horas el centro de exposiciones del Teatro Gabriel Celaya de San Fernando recibir\u00e1 a un m\u00e1ximo de 60 personas (en aforo reducido en cumplimiento de la normativa sanitaria de la Covid-19), para conocer la evoluci\u00f3n del proyecto ajedrec\u00edstico manchego desde su creaci\u00f3n en 2007 hasta hoy.<\/span><\/div>\n<\/p>\n<p style=\"text-align: justify\"><span style=\"font-family: arial;font-size: large\">Queremos felicitar al promotor de esta Expoajedrez, Luis Gabriel S\u00e1nchez Tapia, por sacar adelante este magn\u00edfico trabajo a pesar de las m\u00faltiples dificultades del momento. Agradecemos la invitaci\u00f3n para participar en esta exposici\u00f3n en la que podemos contemplar una visi\u00f3n del ajedrez como elemento de cultura universal. Esta iniciativa cuenta, adem\u00e1s, con la colaboraci\u00f3n de entidades y personas que d\u00eda a d\u00eda se esfuerzan por hacer crecer el ajedrez como herramienta educativa, de integraci\u00f3n social o preventiva de las enfermedades degenerativas del cerebro.<\/span><\/p>\n","protected":false},"excerpt":{"rendered":"<p>&nbsp;Este jueves, d\u00eda 22 de octubre, la Expoajedrez de San Fernando de Henares (Madrid) acoger\u00e1 una conferencia sobre el nacimiento y desarrollo del proyecto \u00abNuestro Ajedrez en Europa\u00bb. A partir de las 18 horas el centro de exposiciones del Teatro Gabriel Celaya de San Fernando recibir\u00e1 a un m\u00e1ximo de 60 personas (en aforo reducido [&hellip;]<\/p>\n","protected":false},"author":1,"featured_media":4017,"comment_status":"open","ping_status":"closed","sticky":false,"template":"","format":"standard","meta":{"footnotes":""},"categories":[1],"tags":[],"class_list":["post-4016","post","type-post","status-publish","format-standard","has-post-thumbnail","hentry","category-noticias"],"_links":{"self":[{"href":"https:\/\/www.bfv.cloud\/ajedrezeuropa\/wp-json\/wp\/v2\/posts\/4016","targetHints":{"allow":["GET"]}}],"collection":[{"href":"https:\/\/www.bfv.cloud\/ajedrezeuropa\/wp-json\/wp\/v2\/posts"}],"about":[{"href":"https:\/\/www.bfv.cloud\/ajedrezeuropa\/wp-json\/wp\/v2\/types\/post"}],"author":[{"embeddable":true,"href":"https:\/\/www.bfv.cloud\/ajedrezeuropa\/wp-json\/wp\/v2\/users\/1"}],"replies":[{"embeddable":true,"href":"https:\/\/www.bfv.cloud\/ajedrezeuropa\/wp-json\/wp\/v2\/comments?post=4016"}],"version-history":[{"count":1,"href":"https:\/\/www.bfv.cloud\/ajedrezeuropa\/wp-json\/wp\/v2\/posts\/4016\/revisions"}],"predecessor-version":[{"id":4018,"href":"https:\/\/www.bfv.cloud\/ajedrezeuropa\/wp-json\/wp\/v2\/posts\/4016\/revisions\/4018"}],"wp:featuredmedia":[{"embeddable":true,"href":"https:\/\/www.bfv.cloud\/ajedrezeuropa\/wp-json\/wp\/v2\/media\/4017"}],"wp:attachment":[{"href":"https:\/\/www.bfv.cloud\/ajedrezeuropa\/wp-json\/wp\/v2\/media?parent=4016"}],"wp:term":[{"taxonomy":"category","embeddable":true,"href":"https:\/\/www.bfv.cloud\/ajedrezeuropa\/wp-json\/wp\/v2\/categories?post=4016"},{"taxonomy":"post_tag","embeddable":true,"href":"https:\/\/www.bfv.cloud\/ajedrezeuropa\/wp-json\/wp\/v2\/tags?post=4016"}],"curies":[{"name":"wp","href":"https:\/\/api.w.org\/{rel}","templated":true}]}}