{"id":4019,"date":"2013-12-03T18:51:00","date_gmt":"2013-12-03T18:51:00","guid":{"rendered":"https:\/\/www.bfv.cloud\/ajedrezeuropa\/index.php\/2013\/12\/03\/comienza-el-vi-campeonato-de-espana-por-equipos-sub-16-con-la-participacion-de-los-2-clubes-del-proyecto-nuestro-ajedrez-en-europa\/"},"modified":"2025-11-20T11:10:52","modified_gmt":"2025-11-20T11:10:52","slug":"comienza-el-vi-campeonato-de-espana-por-equipos-sub-16-con-la-participacion-de-los-2-clubes-del-proyecto-nuestro-ajedrez-en-europa","status":"publish","type":"post","link":"https:\/\/www.bfv.cloud\/ajedrezeuropa\/comienza-el-vi-campeonato-de-espana-por-equipos-sub-16-con-la-participacion-de-los-2-clubes-del-proyecto-nuestro-ajedrez-en-europa\/","title":{"rendered":"COMIENZA EL VI CAMPEONATO DE ESPA\u00d1A POR EQUIPOS SUB-16 CON LA PARTICIPACI\u00d3N DE LOS 2 CLUBES DEL PROYECTO NUESTRO AJEDREZ EN EUROPA"},"content":{"rendered":"<div class=\"separator\" style=\"clear: both;text-align: center\">\n<a href=\"https:\/\/www.bfv.cloud\/ajedrezeuropa\/wp-content\/uploads\/2013\/12\/CARTELCECLUBSUB-162013.jpg\" style=\"clear: right;float: right;margin-bottom: 1em;margin-left: 1em\"><img fetchpriority=\"high\" decoding=\"async\" border=\"0\" src=\"https:\/\/www.bfv.cloud\/ajedrezeuropa\/wp-content\/uploads\/2013\/12\/CARTELCECLUBSUB-162013.jpg\" height=\"640\" width=\"348\" \/><\/a><\/div>\n<div class=\"MsoBodyText3\">\n<span style=\"color: #274e13;font-family: Verdana, sans-serif\">Desde el d\u00eda 4 de diciembre se encuentran en la localidad<br \/>\nalicantina de Benidorm los chicos y chicas encargados de participar en la fase<br \/>\nfinal del VI CECLUB Sub-16, representando a los clubes Nuestro Ajedrez en<br \/>\nEuropa y Nuestro Ajedrez por la Igualdad. Despu\u00e9s de 5 a\u00f1os consecutivos de<br \/>\npresencia en este campeonato nacional, se repite la doble concurrencia de los<br \/>\nclubes ligados al proyecto como ya ocurriera durante las ediciones de 2010 y<br \/>\n2011. Este jueves, d\u00eda 5, se ponen en marcha los relojes que controlar\u00e1n el<br \/>\ntiempo de la ronda inaugural y, as\u00ed, hasta la sexta del domingo por la ma\u00f1ana<br \/>\ncon la que se cerrar\u00e1 esta competici\u00f3n.<\/span><\/div>\n<div class=\"MsoBodyText2\">\n<span style=\"color: #274e13;font-family: Verdana, sans-serif\"><b><u>24 equipos y 130 jugadores de casi todas las regiones de<br \/>\nEspa\u00f1a<\/u><\/b><\/span><\/div>\n<div class=\"MsoBodyText3\">\n<span style=\"color: #274e13;font-family: Verdana, sans-serif\">2013 es el a\u00f1o de mayor participaci\u00f3n de las 6 temporadas<br \/>\nen las que se ha convocado este campeonato: 24 clubes compuestos por un total<br \/>\nde 130 jugadores, en representaci\u00f3n de todas las comunidades aut\u00f3nomas, excepto<br \/>\nMadrid, Extremadura, Cantabria y La Rioja, disputar\u00e1n el t\u00edtulo de campe\u00f3n<br \/>\nnacional en un entorno ajedrec\u00edstico de primer nivel. La cita del hotel Bali es<br \/>\nuna de las m\u00e1s importantes de cuantas se realizan en el calendario europeo. Sus<br \/>\ncifras hablan por s\u00ed solas: cerca de un millar de ajedrecistas reunidos en los<br \/>\n7 distintos torneos individuales de ma\u00f1ana y tarde; 8 torneos nocturnos con m\u00e1s<br \/>\nde 500 participantes. Y, adem\u00e1s, el campeonato por clubes para jugadores sub-16<br \/>\nm\u00e1s importante en el \u00e1mbito nacional y uno de los m\u00e1s destacados del panorama<br \/>\najedrec\u00edstico europeo.&nbsp; <\/span><\/div>\n<div class=\"MsoBodyText3\">\n<u><span style=\"color: #274e13;font-family: Verdana, sans-serif\"><b>Un campeonato<br \/>\nde gran nivel tanto de equipos como de jugadores<\/b><\/span><\/u><\/div>\n<div class=\"MsoBodyText3\">\n<span style=\"color: #274e13;font-family: Verdana, sans-serif\">Al igual que sucede en otros deportes de gran atenci\u00f3n<br \/>\nmedi\u00e1tica, este campeonato suscita el inter\u00e9s de muchos de los mejores clubes<br \/>\ndel pa\u00eds. Algunos de ellos preparan espec\u00edficamente su participaci\u00f3n en esta<br \/>\nfase final durante toda la temporada, consiguiendo la presencia de otros jugadores<br \/>\najenos a los propios equipos que refuerzan y mejoran la capacidad competitiva<br \/>\nde los mismos. Esto hace posible que muchos de los objetivos formativos<br \/>\ntrabajados con las canteras de estos clubes pasen a un segundo t\u00e9rmino en<br \/>\nbeneficio de los resultados inmediatos. <\/span><\/div>\n<div class=\"MsoBodyText3\">\n<u><span style=\"color: #274e13;font-family: Verdana, sans-serif\"><b>El objetivo de<br \/>\nmejorar el ranking inicial<\/b><\/span><\/u><\/div>\n<div class=\"MsoBodyText3\">\n<span style=\"color: #274e13;font-family: Verdana, sans-serif\">Para los 2 equipos del proyecto Nuestro Ajedrez en Europa<br \/>\nes un momento ideal de medir sus trabajos y preparaciones con la \u00e9lite del<br \/>\najedrez sub-16 nacional, a la vez que seguir con el trabajo en beneficio de la<br \/>\nexperiencia de los chicos y chicas de ambos clubes. Mejorar con buen juego y<br \/>\nfuertes entrenamientos las posiciones de Nuestro Ajedrez en Europa, 17\u00ba, y de<br \/>\nNuestro Ajedrez por la Igualdad, 24\u00ba, en el ranking inicial, son los objetivos<br \/>\nplanteados a los jovenc\u00edsimos ajedrecistas de los 2 equipos. <\/span><\/div>\n<p><\/p>\n<div class=\"MsoBodyText3\">\n<span style=\"color: #274e13;font-family: Verdana, sans-serif\">Ronda a ronda iremos siguiendo todos los resultados a<br \/>\ntrav\u00e9s del enlace con la p\u00e1gina de Chess-Results que a continuaci\u00f3n os dejamos:&nbsp;<\/span><\/div>\n<div class=\"MsoBodyText3\">\n<span style=\"color: #274e13;font-family: Verdana, sans-serif\"><br \/><\/span><\/div>\n<div class=\"MsoBodyText3\" style=\"text-align: center\">\n<span style=\"color: #274e13;font-family: Verdana, sans-serif\"><b><a href=\"http:\/\/chess-results.com\/tnr117509.aspx?lan=2&amp;art=0&amp;turdet=YES&amp;flag=30&amp;wi=984\">RESULTADOS Y CLASIFICACIONES VI CECLUB SUB-16<\/a><\/b><\/span><br \/>\n<span style=\"color: #274e13;font-family: Verdana, sans-serif\"><br \/><\/span><br \/>\n<span style=\"font-family: Verdana, sans-serif\"><a href=\"http:\/\/chess-results.com\/tnr105019.aspx?lan=2\"><b><span style=\"color: #990000\">TORNEO NNGG SUB-10<\/span><\/b><\/a><\/span><\/p>\n<p><b><span style=\"color: #783f04\"><a href=\"http:\/\/chess-results.com\/tnr105017.aspx?lan=2&amp;art=0&amp;turdet=YES&amp;flag=30&amp;wi=984\">TORNEO NNGG SUB-12<\/a><\/span><\/b><br \/>\n<b><br \/><\/b><br \/>\n<\/p>\n<div style=\"text-align: left\">\n<b><span style=\"color: #38761d;font-family: Verdana, sans-serif\">Tambi\u00e9n os dejamos el enlace para seguir la retransmisi\u00f3n de las partidas en directo de los 16 primeros enfrentamientos de cada ronda:<\/span><\/b><\/div>\n<div style=\"text-align: center\">\n<b><span style=\"color: #38761d;font-family: Verdana, sans-serif\"><br \/><\/span><\/b><\/div>\n<div style=\"text-align: center\">\n<a href=\"http:\/\/ajedrezenelbali.com\/retransmision\/ceclub\/tfd.htm\"><span style=\"color: #351c75;font-family: Verdana, sans-serif\"><b>http:\/\/ajedrezenelbali.com\/retransmision\/ceclub\/tfd.htm<\/b><\/span><\/a><\/div>\n<div style=\"text-align: left\">\n<b><br \/><\/b><\/div>\n<\/div>\n","protected":false},"excerpt":{"rendered":"<p>Desde el d\u00eda 4 de diciembre se encuentran en la localidad alicantina de Benidorm los chicos y chicas encargados de participar en la fase final del VI CECLUB Sub-16, representando a los clubes Nuestro Ajedrez en Europa y Nuestro Ajedrez por la Igualdad. Despu\u00e9s de 5 a\u00f1os consecutivos de presencia en este campeonato nacional, se [&hellip;]<\/p>\n","protected":false},"author":1,"featured_media":4020,"comment_status":"open","ping_status":"closed","sticky":false,"template":"","format":"standard","meta":{"footnotes":""},"categories":[1],"tags":[],"class_list":["post-4019","post","type-post","status-publish","format-standard","has-post-thumbnail","hentry","category-noticias"],"_links":{"self":[{"href":"https:\/\/www.bfv.cloud\/ajedrezeuropa\/wp-json\/wp\/v2\/posts\/4019","targetHints":{"allow":["GET"]}}],"collection":[{"href":"https:\/\/www.bfv.cloud\/ajedrezeuropa\/wp-json\/wp\/v2\/posts"}],"about":[{"href":"https:\/\/www.bfv.cloud\/ajedrezeuropa\/wp-json\/wp\/v2\/types\/post"}],"author":[{"embeddable":true,"href":"https:\/\/www.bfv.cloud\/ajedrezeuropa\/wp-json\/wp\/v2\/users\/1"}],"replies":[{"embeddable":true,"href":"https:\/\/www.bfv.cloud\/ajedrezeuropa\/wp-json\/wp\/v2\/comments?post=4019"}],"version-history":[{"count":1,"href":"https:\/\/www.bfv.cloud\/ajedrezeuropa\/wp-json\/wp\/v2\/posts\/4019\/revisions"}],"predecessor-version":[{"id":4021,"href":"https:\/\/www.bfv.cloud\/ajedrezeuropa\/wp-json\/wp\/v2\/posts\/4019\/revisions\/4021"}],"wp:featuredmedia":[{"embeddable":true,"href":"https:\/\/www.bfv.cloud\/ajedrezeuropa\/wp-json\/wp\/v2\/media\/4020"}],"wp:attachment":[{"href":"https:\/\/www.bfv.cloud\/ajedrezeuropa\/wp-json\/wp\/v2\/media?parent=4019"}],"wp:term":[{"taxonomy":"category","embeddable":true,"href":"https:\/\/www.bfv.cloud\/ajedrezeuropa\/wp-json\/wp\/v2\/categories?post=4019"},{"taxonomy":"post_tag","embeddable":true,"href":"https:\/\/www.bfv.cloud\/ajedrezeuropa\/wp-json\/wp\/v2\/tags?post=4019"}],"curies":[{"name":"wp","href":"https:\/\/api.w.org\/{rel}","templated":true}]}}