{"id":4022,"date":"2011-04-18T23:29:00","date_gmt":"2011-04-18T23:29:00","guid":{"rendered":"https:\/\/www.bfv.cloud\/ajedrezeuropa\/index.php\/2011\/04\/18\/nuestros-jugadores-en-el-regional-por-edades-ratifican-las-mejoras-en-su-ajedrez\/"},"modified":"2025-11-20T11:11:07","modified_gmt":"2025-11-20T11:11:07","slug":"nuestros-jugadores-en-el-regional-por-edades-ratifican-las-mejoras-en-su-ajedrez","status":"publish","type":"post","link":"https:\/\/www.bfv.cloud\/ajedrezeuropa\/nuestros-jugadores-en-el-regional-por-edades-ratifican-las-mejoras-en-su-ajedrez\/","title":{"rendered":"NUESTROS JUGADORES EN EL REGIONAL POR EDADES RATIFICAN LAS MEJORAS EN SU AJEDREZ"},"content":{"rendered":"<table align=\"center\" cellpadding=\"0\" cellspacing=\"0\" class=\"tr-caption-container\" style=\"margin-left: auto;margin-right: auto;text-align: center\">\n<tbody>\n<tr>\n<td style=\"border-bottom: medium none;border-left: medium none;border-right: medium none;border-top: medium none;text-align: center\"><a href=\"https:\/\/www.bfv.cloud\/ajedrezeuropa\/wp-content\/uploads\/2011\/04\/fotosdehorche031.jpg\" style=\"margin-left: auto;margin-right: auto\"><img decoding=\"async\" border=\"0\" height=\"300px\" src=\"https:\/\/blogger.googleusercontent.com\/img\/b\/R29vZ2xl\/AVvXsEg3SrPaix_nFBzB76nLTuso4Pr16yb3PWoimKG7DXCeo831SOCwd8EpDWlJigncEOKDdIY471UkzAKDF6JUZI-JnM02Gck2c2OQRbfe_E7mlnKfart6UMuwB0WVZiU4ONcGgOpvsMAO5y4\/s400\/fotos+de+horche+031.jpg\" width=\"400px\" \/><\/a><\/td>\n<\/tr>\n<tr>\n<td class=\"tr-caption\" style=\"text-align: center\">Todos nuestros chicos y chicas en la sala de juego <\/td>\n<\/tr>\n<\/tbody>\n<\/table>\n<p><span style=\", serif\"><strong>Ayer lunes, d\u00eda 18, se clausuraba en Horche (Guadalajara) una nueva edici\u00f3n del Campeonato Regional por Edades, que ha contado con la participaci\u00f3n de un total de 128 chicos y chicas de la comunidad aut\u00f3noma, de los cuales 21 eran pertenecientes a las escuelas de Alc\u00e1zar y Villafranca,&nbsp;logrando la mayor presencia de nuestro proyecto&nbsp;en toda la historia de esta competici\u00f3n. Con esta numerosa&nbsp;plantilla de&nbsp;ajedrecistas se reafirma el compromiso de todos los niveles de edad y de conocimiento del juego con el desarrollo deportivo de Nuestro Ajedrez en Europa. Por ello, la valoraci\u00f3n conjunta de los resultados obtenidos es muy positiva, aunque en alg\u00fan caso concreto no refleje la verdadera&nbsp;calidad t\u00e9cnica del jugador. <\/strong><\/span><br \/>\n<strong><span style=\"font-family: Georgia\">Los puestos de honor alcanzados son los siguientes:<\/span><\/strong><\/p>\n<div align=\"center\"><strong><u><span style=\"font-family: Georgia\">Campeona Regional sub8 (femenina): Mar\u00eda Oliver Ropero<\/span><\/u><\/strong>\ufeff <\/p>\n<table align=\"center\" cellpadding=\"0\" cellspacing=\"0\" class=\"tr-caption-container\" style=\"margin-left: auto;margin-right: auto;text-align: center\">\n<tbody>\n<tr>\n<td style=\"text-align: center\"><a href=\"https:\/\/www.bfv.cloud\/ajedrezeuropa\/wp-content\/uploads\/2011\/04\/fotosdehorche006.jpg\" style=\"margin-left: auto;margin-right: auto\"><img decoding=\"async\" border=\"0\" height=\"240px\" src=\"https:\/\/blogger.googleusercontent.com\/img\/b\/R29vZ2xl\/AVvXsEi2YNHiZNYMfPBOdZ0bFN70SzZftf5KcVw2B_fa9vTF-GopQvJFjiro67-cwh4iqUnzsv4T8CA-TjCZ4UbQXXUAjM4R82CbkKMBQQofw2tOH0wUnYMTI8ynHXnvRrlOWyPG3-rKqrjXp6E\/s320\/fotos+de+horche+006.jpg\" width=\"320px\" \/><\/a><\/td>\n<\/tr>\n<tr>\n<td class=\"tr-caption\" style=\"text-align: center\">Mar\u00eda finaliz\u00f3 con 4,5 puntos de 9 posibles<\/td>\n<\/tr>\n<\/tbody>\n<\/table>\n<p>\n<strong><u><span style=\"font-family: Georgia\">Subcampeona regional sub-12 (femenina): Irene Sim\u00f3n Escalona<\/span><\/u><\/strong><\/p>\n<table align=\"center\" cellpadding=\"0\" cellspacing=\"0\" class=\"tr-caption-container\" style=\"margin-left: auto;margin-right: auto;text-align: center\">\n<tbody>\n<tr>\n<td style=\"text-align: center\"><a href=\"https:\/\/www.bfv.cloud\/ajedrezeuropa\/wp-content\/uploads\/2011\/04\/fotosdehorche008.jpg\" style=\"margin-left: auto;margin-right: auto\"><img decoding=\"async\" border=\"0\" height=\"240px\" src=\"https:\/\/blogger.googleusercontent.com\/img\/b\/R29vZ2xl\/AVvXsEiWgqut_El_nnPHmV3glO_17GXln8rLwfgCg3ltHK4umGSoXILm5Zaoi61jjile6iJmqgauxf8PcCahYqGNvkRpTqQyoCF8kgD9Y-_N5Bi_5ofCFAbTI_h-mQmmYt3S3qDXQp6oXkKjANc\/s320\/fotos+de+horche+008.jpg\" width=\"320px\" \/><\/a><\/td>\n<\/tr>\n<tr>\n<td class=\"tr-caption\" style=\"text-align: center\">Irene sum\u00f3 5 puntos en las 9 rondas disputadas en el sub-12<\/td>\n<\/tr>\n<\/tbody>\n<\/table>\n<p><strong><u><span style=\"font-family: Georgia\">3\u00ba clasificado sub-16: Santiago Talavera Garc\u00eda<\/span><\/u><\/strong><br \/>\n\ufeff <\/p>\n<table align=\"center\" cellpadding=\"0\" cellspacing=\"0\" class=\"tr-caption-container\" style=\"margin-left: auto;margin-right: auto;text-align: center\">\n<tbody>\n<tr>\n<td style=\"text-align: center\"><a href=\"https:\/\/www.bfv.cloud\/ajedrezeuropa\/wp-content\/uploads\/2011\/04\/fotosdehorche014.jpg\" style=\"margin-left: auto;margin-right: auto\"><img decoding=\"async\" border=\"0\" height=\"240px\" src=\"https:\/\/blogger.googleusercontent.com\/img\/b\/R29vZ2xl\/AVvXsEgJ-r-KCpI7q0GqVK0O0fAtV8PSn7DTlF0RfNP0s_Ha-TQ1YWCkGOmC6jlPij6k7DExyImEStdRrHGIrF2n9e1TJYYkfajjcCJBunUSBF4nhWHbTNZtRjNah3g8Ay_2YHZprl1kTSEcw2A\/s320\/fotos+de+horche+014.jpg\" width=\"320px\" \/><\/a><\/td>\n<\/tr>\n<tr>\n<td class=\"tr-caption\" style=\"text-align: center\">Santiago obtuv\u00f3 5 puntos al igual que el 1\u00ba y el 2\u00ba clasificado<\/td>\n<\/tr>\n<\/tbody>\n<\/table>\n<p><strong><u><span style=\"font-family: Georgia\">3\u00aa clasificada sub-10 (femenina): Mar\u00eda Oliver Ropero<\/span><\/u><\/strong><\/div>\n<div align=\"center\"><strong><u><span style=\"font-family: Georgia\">3\u00aa clasificada sub-8 (femenina): Paula Velasco Camu\u00f1as<\/span><\/u><\/strong><br \/>\n\ufeff <\/p>\n<table cellpadding=\"0\" cellspacing=\"0\" class=\"tr-caption-container\" style=\"float: left;margin-right: 1em;text-align: left\">\n<tbody>\n<tr>\n<td style=\"text-align: center\"><a href=\"https:\/\/www.bfv.cloud\/ajedrezeuropa\/wp-content\/uploads\/2011\/04\/fotosdehorche007.jpg\" style=\"clear: left;margin-bottom: 1em;margin-left: auto;margin-right: auto\"><img decoding=\"async\" border=\"0\" height=\"240px\" src=\"https:\/\/blogger.googleusercontent.com\/img\/b\/R29vZ2xl\/AVvXsEj_4OhczKqml5FUa0EWRYPN4Fy_NONRDgZ1eortwX1TnSYuCias8Ern-6AH_T8uQ5vgRjyJJ55ROgLgrLpW0PWL8ywl35MvDN3pAm0lo5njy7DA4N-QNcWvbNniDyw7jKABjmvkf6sMFsk\/s320\/fotos+de+horche+007.jpg\" width=\"320px\" \/><\/a><\/td>\n<\/tr>\n<tr>\n<td class=\"tr-caption\" style=\"text-align: center\">Paula ha jugado su primer campeonato regional<\/td>\n<\/tr>\n<\/tbody>\n<\/table>\n<p>\ufeff <\/p><\/div>\n<div align=\"center\">\ufeff <\/p>\n<table cellpadding=\"0\" cellspacing=\"0\" class=\"tr-caption-container\" style=\"clear: right;float: right;margin-bottom: 1em;text-align: right\">\n<tbody>\n<tr>\n<td style=\"text-align: center\"><a href=\"https:\/\/www.bfv.cloud\/ajedrezeuropa\/wp-content\/uploads\/2011\/04\/fotosdehorche017.jpg\" style=\"clear: right;margin-bottom: 1em;margin-left: auto;margin-right: auto\"><img decoding=\"async\" border=\"0\" height=\"240px\" src=\"https:\/\/blogger.googleusercontent.com\/img\/b\/R29vZ2xl\/AVvXsEh1dTpbwPNo3xPP8zV_r7SASoUp-CVXW3ocWw9ej3OheY6wKjlhyphenhyphen0f-egZf-FcloryUuqbK_N2lhzIlHpjiRc5gPxTzY_2PXSNyWyQr_ssqV6AcHH1Ro38R-pKpQsL1O3HKZ2YvZPRBTj8\/s320\/fotos+de+horche+017.jpg\" width=\"320px\" \/><\/a><\/td>\n<\/tr>\n<tr>\n<td class=\"tr-caption\" style=\"text-align: center\">Julia ha sido una magn\u00edfica compa\u00f1era para Mar\u00eda y Paula <br \/>\nen el sub-10<\/td>\n<\/tr>\n<\/tbody>\n<\/table>\n<p>\ufeff<\/p>\n<div style=\"border-bottom: medium none;border-left: medium none;border-right: medium none;border-top: medium none\"><\/div>\n<table align=\"center\" cellpadding=\"0\" cellspacing=\"0\" class=\"tr-caption-container\" style=\"float: left;margin-right: 1em;text-align: left\">\n<tbody>\n<tr>\n<td style=\"border-bottom: medium none;border-left: medium none;border-right: medium none;border-top: medium none;text-align: center\">\ufeff \ufeff\ufeff\ufeff<a href=\"https:\/\/www.bfv.cloud\/ajedrezeuropa\/wp-content\/uploads\/2011\/04\/fotosdehorche024.jpg\" style=\"clear: right;margin-bottom: 1em;margin-left: auto;margin-right: auto\"><img decoding=\"async\" border=\"0\" height=\"240px\" src=\"https:\/\/blogger.googleusercontent.com\/img\/b\/R29vZ2xl\/AVvXsEgWwlydLKp-4X7dkJdZXgG8IeeqnjDwlNRA1_5HqcMyEiafTiA0QAPd-OnDWlOG3vWpBPTcwekJEyY7mPe0xuEuuTVJTvUDpY4CJUbP0aL12QpUKN-dqTj9Stsc3Wjoc471MaaJqHJ1wOg\/s320\/fotos+de+horche+024.jpg\" width=\"320px\" \/><\/a><\/td>\n<\/tr>\n<tr>\n<td class=\"tr-caption\" style=\"border-bottom: medium none;border-left: medium none;border-right: medium none;border-top: medium none;text-align: center\">Silvia consigui\u00f3 3 puntos de 6 posbiles, quedando a <br \/>\nmedio punto de la campeona de la categor\u00eda, Rosana Villase\u00f1or<\/td>\n<\/tr>\n<\/tbody>\n<\/table>\n<p>\ufeff<\/p><\/div>\n<table cellpadding=\"0\" cellspacing=\"0\" class=\"tr-caption-container\" style=\"clear: right;float: right;margin-bottom: 1em;text-align: right\">\n<tbody>\n<tr>\n<td style=\"text-align: center\"><a href=\"https:\/\/www.bfv.cloud\/ajedrezeuropa\/wp-content\/uploads\/2011\/04\/fotosdehorche026.jpg\" style=\"clear: left;margin-bottom: 1em;margin-left: auto;margin-right: auto\"><img decoding=\"async\" border=\"0\" height=\"240px\" src=\"https:\/\/blogger.googleusercontent.com\/img\/b\/R29vZ2xl\/AVvXsEjAxPPuoKkGzy3KCcqDJ50_FVjoR-VoeVWUxcYtQJ-3wL-2RPu3Vx1EamT9Bker5T8nDKO-ArUNRmoMZpqMq-yGndv4jsRgEMyJ7DSBKUkGaJWogc2kfn2JycAJIgF6XalErPyJoOWT6oE\/s320\/fotos+de+horche+026.jpg\" width=\"320px\" \/><\/a><\/td>\n<\/tr>\n<tr>\n<td class=\"tr-caption\" style=\"text-align: center\">Cosimo logr\u00f3 la 6\u00ba plaza despu\u00e9s de realizar un campeonato<br \/>\nde un gran nivel de juego<\/td>\n<\/tr>\n<\/tbody>\n<\/table>\n<div style=\"border-bottom: medium none;border-left: medium none;border-right: medium none;border-top: medium none;clear: both;text-align: center\"><strong><u><span style=\", serif\">4\u00aa clasificada sub-14 (femenina): Silvia Toribio Camu\u00f1as<\/span><\/u><\/strong><\/p>\n<p><strong><u><span style=\", serif\">6\u00ba clasificado sub-14: Cosimo Leonardo de Giorgi Benavent<\/span><\/u><\/strong><\/div>\n<div style=\"border-bottom: medium none;border-left: medium none;border-right: medium none;border-top: medium none;clear: both;text-align: center\">\n<\/div>\n<div style=\"border-bottom: medium none;border-left: medium none;border-right: medium none;border-top: medium none;clear: both;text-align: center\"><strong><u><span style=\"font-family: Georgia\">7\u00ba clasificado sub-16: Daniel P\u00edriz Fern\u00e1ndez<\/span><\/u><\/strong><\/div>\n<div style=\"border-bottom: medium none;border-left: medium none;border-right: medium none;border-top: medium none;clear: both;text-align: center\">\ufeff <\/div>\n<table align=\"center\" cellpadding=\"0\" cellspacing=\"0\" class=\"tr-caption-container\" style=\"float: left;margin-right: 1em;text-align: left\">\n<tbody>\n<tr>\n<td style=\"text-align: center\"><a href=\"https:\/\/www.bfv.cloud\/ajedrezeuropa\/wp-content\/uploads\/2011\/04\/fotosdehorche015.jpg\" style=\"margin-left: auto;margin-right: auto\"><img decoding=\"async\" border=\"0\" height=\"240px\" src=\"https:\/\/blogger.googleusercontent.com\/img\/b\/R29vZ2xl\/AVvXsEhvIzWY7Sp_MFNxl4LMBPbt3VDkI4wma0lY5gOBhkICRoJfky8yYtNvPWQAt_7AauCIijOi-r1yGzF1RtyPxYgcYYZEEDCS0cnHFq9f4bQAztpf4sebOtbwQaGanI-_67T-LdTKsB91Uvg\/s320\/fotos+de+horche+015.jpg\" width=\"320px\" \/><\/a><\/td>\n<\/tr>\n<tr>\n<td class=\"tr-caption\" style=\"text-align: center\">Daniel, 7\u00ba clasificado, con 4 victorias y 2 derrotas<\/td>\n<\/tr>\n<\/tbody>\n<\/table>\n<p>\ufeff<br \/>\n\ufeff\ufeff <\/p>\n<table align=\"center\" cellpadding=\"0\" cellspacing=\"0\" class=\"tr-caption-container\" style=\"float: right;margin-left: 1em;text-align: right\">\n<tbody>\n<tr>\n<td style=\"text-align: center\"><a href=\"https:\/\/www.bfv.cloud\/ajedrezeuropa\/wp-content\/uploads\/2011\/04\/fotosdehorche041.jpg\" style=\"clear: right;height: 257px;margin-bottom: 1em;margin-left: auto;margin-right: auto;width: 187px\"><img decoding=\"async\" border=\"0\" height=\"320px\" src=\"https:\/\/blogger.googleusercontent.com\/img\/b\/R29vZ2xl\/AVvXsEguWySKUUOWhBfPSKh75ZutObGgrAfTGFiMER9yZKV_NRKXJlLfMhVD5LihYa-Q6-4aOgA6nCT8U4W3AO2V2atfL5x1qkfAoK_OLqNjqk1RVjr6mF8-Eh2IRcdUDkTkN522eGZOp-BzWGE\/s320\/fotos+de+horche+041.jpg\" width=\"240px\" \/><\/a><\/td>\n<\/tr>\n<tr>\n<td class=\"tr-caption\" style=\"text-align: center\">Los 3 premiados: Mar\u00eda, Irene y Santiago.<br \/>\nPresente y futuro de nuestro ajedrez<\/td>\n<\/tr>\n<\/tbody>\n<\/table>\n<p>\ufeff\ufeff<\/p>\n<div style=\"border-bottom: medium none;border-left: medium none;border-right: medium none;border-top: medium none;clear: both;text-align: left\"><strong><span style=\", serif\">En cuanto al resto de resultados, estos son distribuidos por categor\u00edas:<\/span><\/strong><\/div>\n<div style=\"border-bottom: medium none;border-left: medium none;border-right: medium none;border-top: medium none;clear: both;text-align: left\"><strong><span style=\"font-family: Georgia\"><u>Sub-10:<\/u>&nbsp; Julia Meza (2 puntos), 7\u00aa clasificada femenina.<\/span><\/strong><\/div>\n<div style=\"border-bottom: medium none;border-left: medium none;border-right: medium none;border-top: medium none;clear: both;text-align: left\"><strong><span style=\"font-family: Georgia\"><u>Sub-12:<\/u>&nbsp; Samuel Ortiz (4 puntos), 18\u00ba clasificado.<\/span><\/strong><\/div>\n<div style=\"border-bottom: medium none;border-left: medium none;border-right: medium none;border-top: medium none;clear: both;text-align: left\"><strong><span style=\"font-family: Georgia\"><u>Sub-14:<\/u>&nbsp; Isaac Lozano (2,5 puntos), 14\u00ba clasificado.<\/span><\/strong><\/div>\n<div style=\"border-bottom: medium none;border-left: medium none;border-right: medium none;border-top: medium none;clear: both;text-align: left\"><strong><span style=\"font-family: Georgia\">&nbsp;&nbsp;&nbsp;&nbsp;&nbsp;&nbsp;&nbsp;&nbsp;&nbsp;&nbsp;&nbsp;&nbsp;&nbsp;&nbsp;&nbsp;&nbsp; Fernando Marcos-Alberca (1,5 puntos), 20\u00aa posici\u00f3n.<\/span><\/strong><\/div>\n<div style=\"border-bottom: medium none;border-left: medium none;border-right: medium none;border-top: medium none;clear: both;text-align: left\"><strong><span style=\"font-family: Georgia\"><u>Sub-16:<\/u>&nbsp; Jorge Sim\u00f3n (3,5 puntos), 15\u00aa posici\u00f3n.<\/span><\/strong><\/div>\n<div style=\"border-bottom: medium none;border-left: medium none;border-right: medium none;border-top: medium none;clear: both;text-align: left\"><strong><span style=\"font-family: Georgia\">&nbsp;&nbsp;&nbsp;&nbsp;&nbsp;&nbsp;&nbsp;&nbsp;&nbsp;&nbsp;&nbsp;&nbsp;&nbsp;&nbsp;&nbsp;&nbsp;&nbsp;Manuel Marcos-Alberca (3 puntos), 18\u00aa posici\u00f3n.<\/span><\/strong><\/div>\n<div style=\"border-bottom: medium none;border-left: medium none;border-right: medium none;border-top: medium none;clear: both;text-align: left\"><strong><span style=\"font-family: Georgia\">&nbsp;&nbsp;&nbsp;&nbsp;&nbsp;&nbsp;&nbsp;&nbsp;&nbsp;&nbsp;&nbsp;&nbsp;&nbsp;&nbsp;&nbsp;&nbsp;&nbsp;Mario Rubio (3 puntos), 19\u00aa posici\u00f3n.<\/span><\/strong><\/div>\n<div style=\"border-bottom: medium none;border-left: medium none;border-right: medium none;border-top: medium none;clear: both;text-align: left\"><strong><span style=\"font-family: Georgia\">&nbsp;&nbsp;&nbsp;&nbsp;&nbsp;&nbsp;&nbsp;&nbsp;&nbsp;&nbsp;&nbsp;&nbsp;&nbsp;&nbsp;&nbsp;&nbsp; Sergio Valencia (3 puntos), 22\u00ba clasificado.<\/span><\/strong><\/div>\n<div style=\"border-bottom: medium none;border-left: medium none;border-right: medium none;border-top: medium none;clear: both;text-align: left\"><strong><span style=\"font-family: Georgia\">&nbsp;&nbsp;&nbsp;&nbsp;&nbsp;&nbsp;&nbsp;&nbsp;&nbsp;&nbsp;&nbsp;&nbsp;&nbsp;&nbsp;&nbsp;&nbsp; Jos\u00e9 \u00c1ngel Vela (3 puntos), 24\u00ba clasificado.<\/span><\/strong><\/div>\n<div style=\"border-bottom: medium none;border-left: medium none;border-right: medium none;border-top: medium none;clear: both;text-align: left\"><strong><span style=\"font-family: Georgia\">&nbsp;&nbsp;&nbsp;&nbsp;&nbsp;&nbsp;&nbsp;&nbsp;&nbsp;&nbsp;&nbsp;&nbsp;&nbsp;&nbsp;&nbsp;&nbsp; Jes\u00fas Mar\u00eda Bricio (2 puntos), 32\u00ba clasificado.<\/span><\/strong><\/div>\n<div style=\"border-bottom: medium none;border-left: medium none;border-right: medium none;border-top: medium none;clear: both;text-align: left\"><strong><span style=\"font-family: Georgia\"><u>Sub-18:<\/u>&nbsp; Daniel Salas (3 puntos), 13\u00aa plaza.<\/span><\/strong><\/div>\n<div style=\"border-bottom: medium none;border-left: medium none;border-right: medium none;border-top: medium none;clear: both;text-align: left\"><strong><span style=\"font-family: Georgia\">&nbsp;&nbsp;&nbsp;&nbsp;&nbsp;&nbsp;&nbsp;&nbsp;&nbsp;&nbsp;&nbsp;&nbsp;&nbsp;&nbsp;&nbsp;&nbsp; Antonio S\u00e1nchez-Beato (3 puntos), 15\u00aa plaza.<\/span><\/strong><\/div>\n<div style=\"border-bottom: medium none;border-left: medium none;border-right: medium none;border-top: medium none;clear: both;text-align: left\"><strong><span style=\"font-family: Georgia\">&nbsp;&nbsp;&nbsp;&nbsp;&nbsp;&nbsp;&nbsp;&nbsp;&nbsp;&nbsp;&nbsp;&nbsp;&nbsp;&nbsp;&nbsp;&nbsp; Blanca Y\u00e9benes (2 puntos), 5\u00aa clasificada femenina.<\/span><\/strong><\/div>\n<div style=\"border-bottom: medium none;border-left: medium none;border-right: medium none;border-top: medium none;clear: both;text-align: left\"><strong><span style=\"font-family: Georgia\">&nbsp;&nbsp;&nbsp;&nbsp;&nbsp;&nbsp;&nbsp;&nbsp;&nbsp;&nbsp;&nbsp;&nbsp;&nbsp;&nbsp;&nbsp;&nbsp; An\u00edbal Dorado (2 puntos), 22\u00ba clasificado.<\/span><\/strong><\/div>\n<div style=\"border-bottom: medium none;border-left: medium none;border-right: medium none;border-top: medium none;clear: both;text-align: left\">\n<\/div>\n<div style=\"border-bottom: medium none;border-left: medium none;border-right: medium none;border-top: medium none;clear: both;text-align: left\"><strong><span style=\"font-family: Georgia\">Esta rese\u00f1a quiere finalizar agradeciendo a la organizaci\u00f3n alcarre\u00f1a, en especial a Miguel \u00c1ngel y a Domingo, todo su trabajo y esfuerzo en este campeonato, habiendo dispuesto una excelente sala de juego. Es muy necesario que este tipo de competiciones puedan disputarse en distintos lugares de la regi\u00f3n, con el objeto de acercar el conocimiento y la afici\u00f3n al ajedrez a todos los j\u00f3venes, ni\u00f1os y ni\u00f1as castellano-manchegos.<\/span><\/strong><\/div>\n<div style=\"border-bottom: medium none;border-left: medium none;border-right: medium none;border-top: medium none;clear: both;text-align: left\">\n<\/div>\n<div style=\"border-bottom: medium none;border-left: medium none;border-right: medium none;border-top: medium none;clear: both;text-align: left\"><strong><span style=\"font-family: Georgia\">Las pr\u00f3ximas citas con la competici\u00f3n ajedrec\u00edstica para nuestros jugadores&nbsp;ser\u00e1n:<\/span><\/strong><\/div>\n<div style=\"border-bottom: medium none;border-left: medium none;border-right: medium none;border-top: medium none;clear: both;text-align: left\"><strong><span style=\"font-family: Georgia\">&#8211; Campeonato por Escuelas de Toledo,&nbsp;el s\u00e1bado 30 de abril en el CEI.<\/span><\/strong><\/div>\n<div style=\"border-bottom: medium none;border-left: medium none;border-right: medium none;border-top: medium none;clear: both;text-align: left\"><strong><span style=\"font-family: Georgia\">&#8211; IV Liga de Escuelas de Ciudad Real, el s\u00e1bado 7 de mayo en la capital manchega.<\/span><\/strong><\/div>\n<div style=\"border-bottom: medium none;border-left: medium none;border-right: medium none;border-top: medium none;clear: both;text-align: left\"><strong><span style=\"font-family: Georgia\">&#8211; Campeonato Regional del Deporte en Edad Escolar, del 28 al 31 de mayo en Daimiel.<\/span><\/strong><\/div>\n<div style=\"border-bottom: medium none;border-left: medium none;border-right: medium none;border-top: medium none;clear: both;text-align: left\"><strong><span style=\"font-family: Georgia\">Tambi\u00e9n os recordamos que el pr\u00f3ximo s\u00e1bado 23 de abril tendremos clases de ajedrez, tanto en Alc\u00e1zar como en Villafranca, en los horarios habituales.<\/span><\/strong><\/div>\n<div style=\"border-bottom: medium none;border-left: medium none;border-right: medium none;border-top: medium none;clear: both;text-align: left\">\n<\/div>\n<p>\ufeff\ufeff\ufeff\ufeff\ufeff\ufeff\ufeff\ufeff <\/p>\n<div class=\"separator\" style=\"border-bottom: medium none;border-left: medium none;border-right: medium none;border-top: medium none;clear: both;text-align: center\"><\/div>\n","protected":false},"excerpt":{"rendered":"<p>Todos nuestros chicos y chicas en la sala de juego Ayer lunes, d\u00eda 18, se clausuraba en Horche (Guadalajara) una nueva edici\u00f3n del Campeonato Regional por Edades, que ha contado con la participaci\u00f3n de un total de 128 chicos y chicas de la comunidad aut\u00f3noma, de los cuales 21 eran pertenecientes a las escuelas de [&hellip;]<\/p>\n","protected":false},"author":1,"featured_media":4023,"comment_status":"open","ping_status":"closed","sticky":false,"template":"","format":"standard","meta":{"footnotes":""},"categories":[1],"tags":[],"class_list":["post-4022","post","type-post","status-publish","format-standard","has-post-thumbnail","hentry","category-noticias"],"_links":{"self":[{"href":"https:\/\/www.bfv.cloud\/ajedrezeuropa\/wp-json\/wp\/v2\/posts\/4022","targetHints":{"allow":["GET"]}}],"collection":[{"href":"https:\/\/www.bfv.cloud\/ajedrezeuropa\/wp-json\/wp\/v2\/posts"}],"about":[{"href":"https:\/\/www.bfv.cloud\/ajedrezeuropa\/wp-json\/wp\/v2\/types\/post"}],"author":[{"embeddable":true,"href":"https:\/\/www.bfv.cloud\/ajedrezeuropa\/wp-json\/wp\/v2\/users\/1"}],"replies":[{"embeddable":true,"href":"https:\/\/www.bfv.cloud\/ajedrezeuropa\/wp-json\/wp\/v2\/comments?post=4022"}],"version-history":[{"count":1,"href":"https:\/\/www.bfv.cloud\/ajedrezeuropa\/wp-json\/wp\/v2\/posts\/4022\/revisions"}],"predecessor-version":[{"id":4033,"href":"https:\/\/www.bfv.cloud\/ajedrezeuropa\/wp-json\/wp\/v2\/posts\/4022\/revisions\/4033"}],"wp:featuredmedia":[{"embeddable":true,"href":"https:\/\/www.bfv.cloud\/ajedrezeuropa\/wp-json\/wp\/v2\/media\/4023"}],"wp:attachment":[{"href":"https:\/\/www.bfv.cloud\/ajedrezeuropa\/wp-json\/wp\/v2\/media?parent=4022"}],"wp:term":[{"taxonomy":"category","embeddable":true,"href":"https:\/\/www.bfv.cloud\/ajedrezeuropa\/wp-json\/wp\/v2\/categories?post=4022"},{"taxonomy":"post_tag","embeddable":true,"href":"https:\/\/www.bfv.cloud\/ajedrezeuropa\/wp-json\/wp\/v2\/tags?post=4022"}],"curies":[{"name":"wp","href":"https:\/\/api.w.org\/{rel}","templated":true}]}}