{"id":4037,"date":"2015-03-04T22:18:00","date_gmt":"2015-03-04T22:18:00","guid":{"rendered":"https:\/\/www.bfv.cloud\/ajedrezeuropa\/index.php\/2015\/03\/04\/exito-de-la-sesion-inaugural-del-curso-el-ajedrez-en-la-escuela-del-crfp\/"},"modified":"2025-11-20T11:11:16","modified_gmt":"2025-11-20T11:11:16","slug":"exito-de-la-sesion-inaugural-del-curso-el-ajedrez-en-la-escuela-del-crfp","status":"publish","type":"post","link":"https:\/\/www.bfv.cloud\/ajedrezeuropa\/exito-de-la-sesion-inaugural-del-curso-el-ajedrez-en-la-escuela-del-crfp\/","title":{"rendered":"\u00c9XITO DE LA SESI\u00d3N INAUGURAL DEL CURSO \u201cEL AJEDREZ EN LA ESCUELA\u201d DEL CRFP"},"content":{"rendered":"<table cellpadding=\"0\" cellspacing=\"0\" class=\"tr-caption-container\" style=\"float: left;margin-right: 1em;text-align: left\">\n<tbody>\n<tr>\n<td style=\"text-align: center\"><a href=\"https:\/\/www.bfv.cloud\/ajedrezeuropa\/wp-content\/uploads\/2015\/03\/SAM_1547.jpg\" style=\"clear: left;margin-bottom: 1em;margin-left: auto;margin-right: auto\"><img fetchpriority=\"high\" decoding=\"async\" border=\"0\" src=\"https:\/\/www.bfv.cloud\/ajedrezeuropa\/wp-content\/uploads\/2015\/03\/SAM_1547.jpg\" height=\"480\" width=\"640\" \/><\/a><\/td>\n<\/tr>\n<tr>\n<td class=\"tr-caption\" style=\"text-align: center\">Un momento de la presentaci\u00f3n del curso en la EOI de Tomelloso<\/td>\n<\/tr>\n<\/tbody>\n<\/table>\n<p><\/p>\n<div class=\"separator\" style=\"clear: both;text-align: center\">\n<\/div>\n<div class=\"MsoBodyText\" style=\"text-align: justify\">\n<u><span style=\"color: #002060;font-size: 14.0pt\">Un proyecto con una gran acogida<\/span><\/u><\/div>\n<div style=\"margin-bottom: .0001pt;margin: 0cm;text-align: justify\">\n<\/div>\n<table cellpadding=\"0\" cellspacing=\"0\" class=\"tr-caption-container\" style=\"float: right;margin-left: 1em;text-align: right\">\n<tbody>\n<tr>\n<td style=\"text-align: center\"><a href=\"https:\/\/www.bfv.cloud\/ajedrezeuropa\/wp-content\/uploads\/2015\/03\/SAM_1552.jpg\" style=\"clear: right;margin-bottom: 1em;margin-left: auto;margin-right: auto\"><img decoding=\"async\" border=\"0\" src=\"https:\/\/www.bfv.cloud\/ajedrezeuropa\/wp-content\/uploads\/2015\/03\/SAM_1552.jpg\" height=\"240\" width=\"320\" \/><\/a><\/td>\n<\/tr>\n<tr>\n<td class=\"tr-caption\" style=\"text-align: center\">Los motivos did\u00e1cticos de <br \/>\u00abEL AJEDREZ EN LA ESCUELA\u00bb<\/td>\n<\/tr>\n<\/tbody>\n<\/table>\n<div style=\"margin-bottom: .0001pt;margin: 0cm;text-align: justify\">\n<span style=\"font-family: Arial, sans-serif\"><b>El<br \/>\npasado martes se iniciaba en Tomelloso el curso \u201cEL AJEDREZ EN LA ESCUELA\u201d,<br \/>\norganizado por el Centro Regional de Formaci\u00f3n del Profesorado y por el<br \/>\nproyecto \u201cNUESTRO AJEDREZ EN EUROPA\u201d, y destinado a la formaci\u00f3n de los<br \/>\ndocentes de la ense\u00f1anza p\u00fablica y concertada de Castilla-La Mancha.&nbsp; La sesi\u00f3n presencial con la que se inauguraba<br \/>\nestuvo dividida en jornada de ma\u00f1ana y tarde, contando con la asistencia de<br \/>\ncasi la totalidad de los 60 profesores y profesoras incluidos en el listado de<br \/>\nadmitidos. La gran demanda de plazas ha provocado que otros 93 docentes se<br \/>\nhayan quedado fuera de esta primera edici\u00f3n en el nivel de iniciaci\u00f3n de \u201cEL<br \/>\nAJEDREZ EN LA ESCUELA\u201d. Entre todos los asistentes hab\u00eda una representaci\u00f3n<br \/>\nvariada de los distintos niveles educativos: Infantil, Primaria y Secundaria,<br \/>\nas\u00ed como de las diferentes asignaturas: Educaci\u00f3n F\u00edsica, Matem\u00e1ticas,<br \/>\nHistoria, Idiomas, M\u00fasica, etc. En el desarrollo de la clase, y en relaci\u00f3n a<br \/>\ndistintos temas que fueron tratados, el profesorado manifest\u00f3 su inter\u00e9s por<br \/>\nincluir el ajedrez como asignatura para que su presencia en las aulas se<br \/>\nproduzca lo antes posible y con la mayor implantaci\u00f3n. <\/b><\/span><\/div>\n<div style=\"margin-bottom: .0001pt;margin: 0cm;text-align: justify\">\n<\/div>\n<div class=\"MsoBodyText\" style=\"text-align: justify\">\n<u><span style=\"color: #002060;font-size: 14.0pt\">El ajedrez como herramienta<br \/>\ntransversal<\/span><\/u><\/div>\n<div style=\"margin-bottom: .0001pt;margin: 0cm;text-align: justify\">\n<\/div>\n<p><\/p>\n<div class=\"separator\" style=\"clear: both;text-align: center\">\n<table cellpadding=\"0\" cellspacing=\"0\" class=\"tr-caption-container\" style=\"clear: right;float: right;margin-bottom: 1em;margin-left: 1em;text-align: right\">\n<tbody>\n<tr>\n<td style=\"text-align: center\"><a href=\"https:\/\/www.bfv.cloud\/ajedrezeuropa\/wp-content\/uploads\/2015\/03\/SAM_1564.jpg\" style=\"clear: right;margin-bottom: 1em;margin-left: auto;margin-right: auto\"><img decoding=\"async\" border=\"0\" src=\"https:\/\/www.bfv.cloud\/ajedrezeuropa\/wp-content\/uploads\/2015\/03\/SAM_1564.jpg\" height=\"300\" width=\"400\" \/><\/a><\/td>\n<\/tr>\n<tr>\n<td class=\"tr-caption\" style=\"text-align: center\">\u00abEl Peque\u00f1o Fritz\u00bb es una de las herramientas m\u00e1s destacables<br \/>para utilizarlo en el aprendizaje del ajedrez entre escolares<\/td>\n<\/tr>\n<\/tbody>\n<\/table>\n<table align=\"center\" cellpadding=\"0\" cellspacing=\"0\" class=\"tr-caption-container\" style=\"float: left;margin-right: 1em;text-align: left\">\n<tbody>\n<tr>\n<td style=\"text-align: center\"><a href=\"https:\/\/www.bfv.cloud\/ajedrezeuropa\/wp-content\/uploads\/2015\/03\/SAM_1563.jpg\" style=\"clear: right;margin-bottom: 1em;margin-left: auto;margin-right: auto\"><img loading=\"lazy\" decoding=\"async\" border=\"0\" src=\"https:\/\/www.bfv.cloud\/ajedrezeuropa\/wp-content\/uploads\/2015\/03\/SAM_1563.jpg\" height=\"300\" width=\"400\" \/><\/a><\/td>\n<\/tr>\n<tr>\n<td class=\"tr-caption\" style=\"text-align: center\">El ajedrez en el cine, una de las muchas relaciones del ajedrez con la cultura<\/td>\n<\/tr>\n<\/tbody>\n<\/table>\n<\/div>\n<div style=\"margin-bottom: .0001pt;margin: 0cm;text-align: justify\">\n<span style=\"font-family: Arial, sans-serif\"><b>La<br \/>\nponencia de presentaci\u00f3n del curso corri\u00f3 a cargo de F\u00e9lix Toribio G\u00f3mez,<br \/>\ndirector de \u201cNUESTRO AJEDREZ EN EUROPA\u201d, tocando muchos de los aspectos que<br \/>\nhacen del \u201cdeporte de la mente\u201d una herramienta educativa de primer nivel. La<br \/>\ncompleta transversalidad del proyecto que se ha elaborado para Castilla-La Mancha<br \/>\nde \u201cEL AJEDREZ EN LA ESCUELA\u201d le confiere mayor inter\u00e9s y posibilidades de<br \/>\nrealizaci\u00f3n. Recordemos que en los contenidos del curso han estado trabajando<br \/>\ntanto el gran maestro, Herminio Herr\u00e1iz Hidalgo, como el propio coordinador,<br \/>\nF\u00e9lix Toribio, contando con la destacada colaboraci\u00f3n del profesor Uvencio<br \/>\nBlanco, Presidente de la Comisi\u00f3n Mundial de Ajedrez para las Escuelas de la<br \/>\nFIDE. Durante las pr\u00f3ximas 7 semanas habr\u00e1 una sesi\u00f3n virtual, cada jueves a<br \/>\nlas 5 de la tarde, a trav\u00e9s de la plataforma del CRFP bajo la tutor\u00eda de<br \/>\nHerminio Herr\u00e1iz. La clausura tendr\u00e1 lugar el 19 de mayo &nbsp;en la Escuela de Administraci\u00f3n Regional de<br \/>\nToledo con la celebraci\u00f3n de un evento muy especial que contar\u00e1 con la conferencia<br \/>\nfinal del gran divulgador, conferenciante y periodista, Leontxo Garc\u00eda<br \/>\nOlasagasti.<\/b><\/span><\/div>\n<div class=\"separator\" style=\"clear: both;text-align: center\">\n<table cellpadding=\"0\" cellspacing=\"0\" class=\"tr-caption-container\" style=\"clear: left;float: left;margin-bottom: 1em;margin-right: 1em;text-align: left\">\n<tbody>\n<tr>\n<td style=\"text-align: center\"><a href=\"https:\/\/www.bfv.cloud\/ajedrezeuropa\/wp-content\/uploads\/2015\/03\/SAM_1550.jpg\" style=\"clear: left;margin-bottom: 1em;margin-left: auto;margin-right: auto\"><img loading=\"lazy\" decoding=\"async\" border=\"0\" src=\"https:\/\/www.bfv.cloud\/ajedrezeuropa\/wp-content\/uploads\/2015\/03\/SAM_1550.jpg\" height=\"103\" style=\"cursor: move\" width=\"200\" \/><\/a><\/td>\n<\/tr>\n<tr>\n<td class=\"tr-caption\" style=\"text-align: center\">El sal\u00f3n de la EOI se llen\u00f3 de profesores<\/td>\n<\/tr>\n<\/tbody>\n<\/table>\n<p><a href=\"https:\/\/www.bfv.cloud\/ajedrezeuropa\/wp-content\/uploads\/2015\/03\/SAM_1559.jpg\" style=\"margin-left: 1em;margin-right: 1em\"><img loading=\"lazy\" decoding=\"async\" border=\"0\" src=\"https:\/\/www.bfv.cloud\/ajedrezeuropa\/wp-content\/uploads\/2015\/03\/SAM_1559.jpg\" height=\"112\" width=\"200\" \/><\/a><\/div>\n<div style=\"margin-bottom: .0001pt;margin: 0cm;text-align: justify\">\n<span style=\"font-family: Arial, sans-serif\"><b><\/b><\/span><br \/><span style=\"font-family: Arial, sans-serif\"><b><\/b><\/span><\/div>\n<div style=\"margin-bottom: .0001pt;margin: 0cm;text-align: justify\">\n<span style=\"font-family: Arial, sans-serif\"><b><br \/><\/b><\/span><\/div>\n<div class=\"separator\" style=\"clear: both;text-align: center\">\n<\/div>\n<p>\n<!-- Blogger automated replacement: \"https:\/\/images-blogger-opensocial.googleusercontent.com\/gadgets\/proxy?url=http%3A%2F%2F4.bp.blogspot.com%2F-uVz2gJGFUkE%2FVPcKTjwZQkI%2FAAAAAAAADd0%2FMwVEv_68Lwg%2Fs1600%2FSAM_1563.JPG&amp;container=blogger&amp;gadget=a&amp;rewriteMime=image%2F*\" with \"https:\/\/www.bfv.cloud\/ajedrezeuropa\/wp-content\/uploads\/2015\/03\/SAM_1563.jpg\" --><\/p>\n","protected":false},"excerpt":{"rendered":"<p>Un momento de la presentaci\u00f3n del curso en la EOI de Tomelloso Un proyecto con una gran acogida Los motivos did\u00e1cticos de \u00abEL AJEDREZ EN LA ESCUELA\u00bb El pasado martes se iniciaba en Tomelloso el curso \u201cEL AJEDREZ EN LA ESCUELA\u201d, organizado por el Centro Regional de Formaci\u00f3n del Profesorado y por el proyecto \u201cNUESTRO [&hellip;]<\/p>\n","protected":false},"author":1,"featured_media":4038,"comment_status":"open","ping_status":"closed","sticky":false,"template":"","format":"standard","meta":{"footnotes":""},"categories":[1],"tags":[],"class_list":["post-4037","post","type-post","status-publish","format-standard","has-post-thumbnail","hentry","category-noticias"],"_links":{"self":[{"href":"https:\/\/www.bfv.cloud\/ajedrezeuropa\/wp-json\/wp\/v2\/posts\/4037","targetHints":{"allow":["GET"]}}],"collection":[{"href":"https:\/\/www.bfv.cloud\/ajedrezeuropa\/wp-json\/wp\/v2\/posts"}],"about":[{"href":"https:\/\/www.bfv.cloud\/ajedrezeuropa\/wp-json\/wp\/v2\/types\/post"}],"author":[{"embeddable":true,"href":"https:\/\/www.bfv.cloud\/ajedrezeuropa\/wp-json\/wp\/v2\/users\/1"}],"replies":[{"embeddable":true,"href":"https:\/\/www.bfv.cloud\/ajedrezeuropa\/wp-json\/wp\/v2\/comments?post=4037"}],"version-history":[{"count":1,"href":"https:\/\/www.bfv.cloud\/ajedrezeuropa\/wp-json\/wp\/v2\/posts\/4037\/revisions"}],"predecessor-version":[{"id":4044,"href":"https:\/\/www.bfv.cloud\/ajedrezeuropa\/wp-json\/wp\/v2\/posts\/4037\/revisions\/4044"}],"wp:featuredmedia":[{"embeddable":true,"href":"https:\/\/www.bfv.cloud\/ajedrezeuropa\/wp-json\/wp\/v2\/media\/4038"}],"wp:attachment":[{"href":"https:\/\/www.bfv.cloud\/ajedrezeuropa\/wp-json\/wp\/v2\/media?parent=4037"}],"wp:term":[{"taxonomy":"category","embeddable":true,"href":"https:\/\/www.bfv.cloud\/ajedrezeuropa\/wp-json\/wp\/v2\/categories?post=4037"},{"taxonomy":"post_tag","embeddable":true,"href":"https:\/\/www.bfv.cloud\/ajedrezeuropa\/wp-json\/wp\/v2\/tags?post=4037"}],"curies":[{"name":"wp","href":"https:\/\/api.w.org\/{rel}","templated":true}]}}