{"id":4045,"date":"2013-01-16T22:55:00","date_gmt":"2013-01-16T22:55:00","guid":{"rendered":"https:\/\/www.bfv.cloud\/ajedrezeuropa\/index.php\/2013\/01\/16\/comienzo-de-los-campeonatos-escolares-este-fin-de-semana\/"},"modified":"2025-11-20T11:11:18","modified_gmt":"2025-11-20T11:11:18","slug":"comienzo-de-los-campeonatos-escolares-este-fin-de-semana","status":"publish","type":"post","link":"https:\/\/www.bfv.cloud\/ajedrezeuropa\/comienzo-de-los-campeonatos-escolares-este-fin-de-semana\/","title":{"rendered":"COMIENZO DE LOS CAMPEONATOS ESCOLARES ESTE FIN DE SEMANA"},"content":{"rendered":"<p><\/p>\n<h2 style=\"text-align: center\">\n<a href=\"https:\/\/www.bfv.cloud\/ajedrezeuropa\/wp-content\/uploads\/2013\/01\/LogoCastillaMancha252C1.gif\" style=\"clear: left;float: left;margin-bottom: 1em;margin-right: 1em\"><img decoding=\"async\" border=\"0\" height=\"118\" src=\"https:\/\/blogger.googleusercontent.com\/img\/b\/R29vZ2xl\/AVvXsEiewu2khj-JnWYJ7waI-1fp8EM6EXeZv-RhbGzEjmdieMMIcC0gDVIT8rIOrPUOYtgt95tQZGh2_ZeQo47czDqmk5LflTW_c0Rn9wQ0Ucvwpse652y7aLZ52hKGbgVY2yrVcKk4PcXdy_8\/s200\/LogoCastillaMancha%252C1.gif\" width=\"200\" \/><\/a><\/h2>\n<h2 style=\"text-align: center\">\n<u>DEPORTE EN EDAD ESCOLAR DE CIUDAD REAL <\/u><\/h2>\n<div class=\"MsoNormal\" style=\"text-align: left\">\n<b>&nbsp; &nbsp; &nbsp; &nbsp;&nbsp;<span style=\"font-family: Verdana, sans-serif\"> El Centro de<br \/>\nExposiciones (Palacio del Carnaval) de la localidad de Miguelturra acoger\u00e1 una<br \/>\nnueva edici\u00f3n del Campeonato Escolar de Ciudad Real en su fase provincial.<br \/>\nSalvo imprevistos, las fechas programadas para su celebraci\u00f3n son los 4<br \/>\ndomingos que se detallan a continuaci\u00f3n: 20 y 27 de enero, y ya en febrero el 3<br \/>\ny el 24. Se jugar\u00e1n 2 rondas por jornada a un ritmo de 1 hora, \u00fanicamente en<br \/>\nhorario de ma\u00f1ana. Los 17 ajedrecistas mayores de 9 a\u00f1os inscritos por nuestra<br \/>\nescuela de ajedrez de Alc\u00e1zar competir\u00e1n dentro de la categor\u00eda infantil (hasta<br \/>\n14 a\u00f1os de edad), con excepci\u00f3n de 1 que lo har\u00e1 en la cadete, destinada a los<br \/>\nchicos y chicas de 15 y 16 a\u00f1os. Al igual que en temporadas anteriores, los<br \/>\ndesplazamientos se realizar\u00e1n en autob\u00fas, con salida a las 8,15 de la ma\u00f1ana<br \/>\ndesde el monumento al ferrocarril instalado junto al parque&nbsp; Alces, estando el regreso previsto entorno a<br \/>\nlas 3 de la tarde.<\/span><\/b><\/div>\n<div class=\"MsoNormal\" style=\"text-align: justify\">\n<b><span style=\"font-family: Century, serif\">&nbsp;&nbsp;&nbsp;&nbsp;<\/span><span style=\"font-family: Verdana, sans-serif\">Desde la semana pasada se dispone de<br \/>\ninformaci\u00f3n de los participantes en los siguientes enlaces de Chess-Results:<\/span><\/b><\/div>\n<div class=\"MsoNormal\" style=\"text-align: justify\">\n<b><span style=\"font-family: Verdana, sans-serif\"><br \/><\/span><\/b><\/div>\n<div class=\"MsoNormal\" style=\"text-align: justify\">\n<span style=\"color: #38761d;font-family: Verdana, sans-serif\"><b><a href=\"http:\/\/chess-results.com\/tnr89470.aspx?lan=2\">ESCOLAR CADETE CIUDAD REAL 2013<\/a><\/b><\/span><\/div>\n<div class=\"MsoNormal\" style=\"text-align: justify\">\n<a href=\"http:\/\/chess-results.com\/tnr89471.aspx?art=0&amp;lan=2&amp;wi=821\"><span style=\"color: #0b5394;font-family: Verdana, sans-serif\"><b>ESCOLAR INFANTIL CIUDAD REAL 2013<\/b><\/span><\/a><\/div>\n<div class=\"MsoNormal\" style=\"text-align: justify\">\n<\/div>\n<div class=\"MsoNormal\" style=\"text-align: justify\">\n<b><span style=\"font-family: Verdana, sans-serif\">&nbsp;&nbsp;&nbsp;&nbsp;&nbsp;&nbsp;&nbsp;&nbsp; La pr\u00f3xima semana detallaremos los<br \/>\nnombres de todos los alumnos y alumnas de nuestra escuela alcazare\u00f1a presentes<br \/>\nen esta competici\u00f3n.<\/span><\/b><b><span>&nbsp;<\/span><\/b><\/div>\n<h2 style=\"text-align: center\">\n<u>DEPORTE EN EDAD ESCOLAR DE TOLEDO<\/u><\/h2>\n<div class=\"MsoNormal\" style=\"text-align: left\">\n&nbsp; &nbsp; &nbsp; &nbsp; &nbsp;<span style=\"font-family: Verdana, sans-serif\"><b>Por segundo<br \/>\na\u00f1o consecutivo, el Centro Social Polivalente de Mocej\u00f3n servir\u00e1 de sede para<br \/>\nla fase provincial de Toledo del Deporte en Edad Escolar. El calendario de<br \/>\ncompetici\u00f3n que los organizadores tienen colgado en su p\u00e1gina est\u00e1 compuesto de<br \/>\nlos siguientes s\u00e1bados: 19 y 26 de enero; 2, 16 y 23 de febrero. Aunque el<br \/>\nn\u00famero final de rondas est\u00e1 supeditado a la cantidad total de participantes, en<br \/>\nfunci\u00f3n de lo especificado en esas mismas bases, lo m\u00e1s probable ser\u00e1 que la<br \/>\ncategor\u00eda cadete juegue 6 rondas y la infantil entre 7 y 8. A pesar del notable<br \/>\ndescenso de participantes durante los \u00faltimos a\u00f1os (escasamente se llega a un<br \/>\ntotal de 120), estos organizadores, mantienen estructuras de cuando exist\u00edan<br \/>\n300 jugadores. De esta forma, el primer d\u00eda queda totalmente infrautilizado al<br \/>\njugarse tan s\u00f3lo 1 partida sin que exista, ahora, nada que lo justifique. Sin<br \/>\nembargo, el esfuerzo del madrug\u00f3n y los kms de viaje en autob\u00fas queda para los<br \/>\nni\u00f1os, ni\u00f1as y acompa\u00f1antes, no as\u00ed para los organizadores que se encuentran<br \/>\nfelizmente a 10 minutos de sus domicilios.<\/b><\/span><\/div>\n<div class=\"MsoNormal\" style=\"text-align: left;text-indent: 0px\">\n<b style=\"font-family: Verdana, sans-serif;text-indent: 35.4pt\">&nbsp; &nbsp; &nbsp; Por el momento no tenemos el horario exacto del autob\u00fas, as\u00ed es que esperamos que a lo largo de ma\u00f1ana jueves se nos comunique. Esta misma noche la organizaci\u00f3n ha abierto en Chess-Results los archivos de las categor\u00edas en liza y aqu\u00ed os dejamos los enlaces. Tan s\u00f3lo deciros que ser\u00e1n 14 los ajedrecistas que<br \/>\nasistir\u00e1n en representaci\u00f3n de nuestra escuela de ajedrez de Villafranca,<br \/>\ndistribuidos por categor\u00edas: 4 en cadete y 10 en infantil.&nbsp;<\/b><br \/>\n<b style=\"font-family: Verdana, sans-serif;text-indent: 35.4pt\"><br \/><\/b><\/div>\n<div class=\"MsoBodyText\" style=\"text-indent: 35.4pt\">\n<span style=\"color: #cc0000;font-family: Verdana, sans-serif\"><b><a href=\"http:\/\/chess-results.com\/tnr90012.aspx?lan=2\">ESCOLAR INFANTIL TOLEDO 2013<\/a><\/b><\/span><\/div>\n<div class=\"MsoBodyText\" style=\"text-indent: 35.4pt\">\n<span style=\"font-family: Verdana, sans-serif\"><b><a href=\"http:\/\/chess-results.com\/tnr90013.aspx?lan=2\"><span style=\"color: #38761d\">ESCOLAR CADETE TOLEDO 2013<\/span><\/a><span style=\"color: #660000\">&nbsp; &nbsp; &nbsp;<\/span><\/b><\/span><\/p>\n<h2 style=\"text-align: center\">\n<span style=\"font-family: Verdana, sans-serif\"><span style=\"color: #660000\"><b>ACERCA DEL CALENDARIO REGIONAL Y LAS LICENCIAS DE 2013<\/b><\/span><\/span><\/h2>\n<p><span style=\"color: #660000;font-family: Trebuchet MS, sans-serif\"><b>Otro asunto disparatado es el que nos han preparado los se\u00f1ores federativos del ajedrez castellano-manchego en su reciente reuni\u00f3n asamblearia del pasado domingo. Como todos sabemos la situaci\u00f3n financiera de las familias relacionadas con el ajedrez es tan \u00abfabulosa\u00bb que estos espl\u00e9ndidos se\u00f1ores han aprobado una subida acumulada de las licencias de jugadores y clubes que van desde el 17% al 50% durante las 2 \u00faltimas temporadas. Mientras tanto, los estamentos de t\u00e9cnicos y \u00e1rbitros, estos si que son \u00abpobres\u00bb, tienen congeladas sus licencias en 30 \u20ac desde hace m\u00e1s de 6 a\u00f1os. De esta forma siguen con su excelente pol\u00edtica de \u00abpromoci\u00f3n\u00bb deportiva, aunque en esta ocasi\u00f3n han a\u00f1adido un elemento talentoso de primer nivel: el dise\u00f1o de un calendario de competiciones regional a medida de los grandes prestidigitadores. De hecho, siguiendo con su estupendo af\u00e1n recaudatorio en \u00e9poca de \u00abbonanza\u00bb, deben haber pensado que los ajedrecistas son acaudalados se\u00f1oritos que viven de las rentas, perteneciendo todos ellos a esa creciente generaci\u00f3n \u00abnini\u00bb que ni estudian ni trabajan, pues el mencionado calendario, por ejemplo, hace pr\u00e1cticamente incompatible jugar el regional por equipos para aquellos ajedrecistas que tengan la \u00abdesgracia\u00bb de ser estudiantes o trabajadores. Seguro que su preocupaci\u00f3n por el ajedrez les llevar\u00e1 a enmendar estos lamentables errores &#8230; \u00bfo no?<\/b><\/span><\/div>\n","protected":false},"excerpt":{"rendered":"<p>DEPORTE EN EDAD ESCOLAR DE CIUDAD REAL &nbsp; &nbsp; &nbsp; &nbsp;&nbsp; El Centro de Exposiciones (Palacio del Carnaval) de la localidad de Miguelturra acoger\u00e1 una nueva edici\u00f3n del Campeonato Escolar de Ciudad Real en su fase provincial. Salvo imprevistos, las fechas programadas para su celebraci\u00f3n son los 4 domingos que se detallan a continuaci\u00f3n: 20 [&hellip;]<\/p>\n","protected":false},"author":1,"featured_media":4046,"comment_status":"open","ping_status":"closed","sticky":false,"template":"","format":"standard","meta":{"footnotes":""},"categories":[1],"tags":[],"class_list":["post-4045","post","type-post","status-publish","format-standard","has-post-thumbnail","hentry","category-noticias"],"_links":{"self":[{"href":"https:\/\/www.bfv.cloud\/ajedrezeuropa\/wp-json\/wp\/v2\/posts\/4045","targetHints":{"allow":["GET"]}}],"collection":[{"href":"https:\/\/www.bfv.cloud\/ajedrezeuropa\/wp-json\/wp\/v2\/posts"}],"about":[{"href":"https:\/\/www.bfv.cloud\/ajedrezeuropa\/wp-json\/wp\/v2\/types\/post"}],"author":[{"embeddable":true,"href":"https:\/\/www.bfv.cloud\/ajedrezeuropa\/wp-json\/wp\/v2\/users\/1"}],"replies":[{"embeddable":true,"href":"https:\/\/www.bfv.cloud\/ajedrezeuropa\/wp-json\/wp\/v2\/comments?post=4045"}],"version-history":[{"count":1,"href":"https:\/\/www.bfv.cloud\/ajedrezeuropa\/wp-json\/wp\/v2\/posts\/4045\/revisions"}],"predecessor-version":[{"id":4047,"href":"https:\/\/www.bfv.cloud\/ajedrezeuropa\/wp-json\/wp\/v2\/posts\/4045\/revisions\/4047"}],"wp:featuredmedia":[{"embeddable":true,"href":"https:\/\/www.bfv.cloud\/ajedrezeuropa\/wp-json\/wp\/v2\/media\/4046"}],"wp:attachment":[{"href":"https:\/\/www.bfv.cloud\/ajedrezeuropa\/wp-json\/wp\/v2\/media?parent=4045"}],"wp:term":[{"taxonomy":"category","embeddable":true,"href":"https:\/\/www.bfv.cloud\/ajedrezeuropa\/wp-json\/wp\/v2\/categories?post=4045"},{"taxonomy":"post_tag","embeddable":true,"href":"https:\/\/www.bfv.cloud\/ajedrezeuropa\/wp-json\/wp\/v2\/tags?post=4045"}],"curies":[{"name":"wp","href":"https:\/\/api.w.org\/{rel}","templated":true}]}}