{"id":4048,"date":"2025-08-26T17:54:00","date_gmt":"2025-08-26T17:54:00","guid":{"rendered":"https:\/\/www.bfv.cloud\/ajedrezeuropa\/index.php\/2025\/08\/26\/gran-actuacion-del-equipo-absoluto-de-nuestro-ajedrez-en-europa-18o-clasificado-en-el-ceclub-2a-division-de-linares\/"},"modified":"2025-11-20T11:11:24","modified_gmt":"2025-11-20T11:11:24","slug":"gran-actuacion-del-equipo-absoluto-de-nuestro-ajedrez-en-europa-18o-clasificado-en-el-ceclub-2a-division-de-linares","status":"publish","type":"post","link":"https:\/\/www.bfv.cloud\/ajedrezeuropa\/gran-actuacion-del-equipo-absoluto-de-nuestro-ajedrez-en-europa-18o-clasificado-en-el-ceclub-2a-division-de-linares\/","title":{"rendered":"GRAN ACTUACI\u00d3N DEL EQUIPO ABSOLUTO DE NUESTRO AJEDREZ EN EUROPA, 18\u00ba CLASIFICADO EN EL CECLUB 2\u00aa DIVISI\u00d3N DE LINARES"},"content":{"rendered":"<p>&nbsp;<\/p>\n<table align=\"center\" cellpadding=\"0\" cellspacing=\"0\" class=\"tr-caption-container\" style=\"margin-left: auto;margin-right: auto\">\n<tbody>\n<tr>\n<td style=\"text-align: center\"><a href=\"https:\/\/www.bfv.cloud\/ajedrezeuropa\/wp-content\/uploads\/2025\/08\/120EUROPA20AL20COMPLETO-1.jpg\" style=\"margin-left: auto;margin-right: auto\"><img fetchpriority=\"high\" decoding=\"async\" border=\"0\" data-original-height=\"1340\" data-original-width=\"2048\" height=\"418\" src=\"https:\/\/blogger.googleusercontent.com\/img\/b\/R29vZ2xl\/AVvXsEgIpVofbytUNwUDi599psgDEcpQSTjQ1ZJRKnTrAWak3wp-wHSU8dUngWgCGT7SKGwJwVyO5KM6sxUJr00-4aFmq087ZOzR4GPyCf5x_hyphenhyphengHWtPaV7kNveZLbxAk_YjPbYoSYCV24LkcuzTiYeTKNRT19yhgHsH-esONio742miobcQDpemmJBkLuWTzdU\/w640-h418\/1%20EUROPA%20AL%20COMPLETO.jpg\" width=\"640\" \/><\/a><\/td>\n<\/tr>\n<tr>\n<td class=\"tr-caption\" style=\"text-align: center\">Los 7 ajedrecistas que han participado en el CECLUB 2\u00aa divisi\u00f3n<\/td>\n<\/tr>\n<\/tbody>\n<\/table>\n<p><\/p>\n<p><span style=\"font-family: Open Sans;font-size: large\">El jueves pasado finalizaba en la ciudad jienense de Linares, el Campeonato de Espa\u00f1a por Clubes de 2\u00aa divisi\u00f3n zona sur (CECLUB). El equipo de <b>Nuestro Ajedrez en Europa<\/b>, compuesto por: <b>Rub\u00e9n Valhondo, Alonso L\u00f3pez, \u00c1ngel Collado, Eder Oquendo, Roberto L\u00f3pez y Silvia Toribio<\/b>, lograba la 18\u00aa posici\u00f3n, saliendo del puesto 28 del ranking inicial, de entre los 44 clubes participantes. El resultado de las 6 rondas arroj\u00f3 un balance positivo con 3 victorias, 1 empate y 2 derrotas, sumando 7 puntos al igual que el 12\u00ba clasificado en la primera participaci\u00f3n de este equipo en la m\u00e1xima competici\u00f3n por clubes en modalidad open.<\/span><\/p>\n<\/p>\n<div class=\"separator\" style=\"clear: both;text-align: right\">\n<div class=\"separator\" style=\"clear: both;text-align: left\"><a href=\"https:\/\/www.bfv.cloud\/ajedrezeuropa\/wp-content\/uploads\/2025\/08\/cfd99c89-2b1f-4e92-8165-cce96e24eba1.jpg\" style=\"margin-left: 1em;margin-right: 1em\"><\/a><a href=\"https:\/\/www.bfv.cloud\/ajedrezeuropa\/wp-content\/uploads\/2025\/08\/e5f4b787-a11c-4933-a20b-8cfd55d671eb.jpg\" style=\"margin-left: 1em;margin-right: 1em\"><img decoding=\"async\" border=\"0\" data-original-height=\"2048\" data-original-width=\"1536\" height=\"400\" src=\"https:\/\/blogger.googleusercontent.com\/img\/b\/R29vZ2xl\/AVvXsEgEwao3wsbwzFWrMrKnoAFSQ4Ocie33wB1Fw2taOSWq1wNUCPiTjFw8NtF6gZv89EgE4K-ZGLApnWXSdrL4Mx7RPCLcNECaXqe763gmOTFSodN1vt25BkYAeblIoPOTHCO3WIpHrHRA_wafEuoP_wI5ltBa2A02Tf_wQBAr_pCtSeD-NvcO2396NC8wrlM\/w300-h400\/e5f4b787-a11c-4933-a20b-8cfd55d671eb.jpg\" width=\"300\" \/><\/a><img decoding=\"async\" border=\"0\" data-original-height=\"2048\" data-original-width=\"1536\" height=\"400\" src=\"https:\/\/blogger.googleusercontent.com\/img\/b\/R29vZ2xl\/AVvXsEgllaDyivm9yA4WHP0uWSf4RHl2-pfoW5-AHG1NS0cye81HFlmS1uLXzsjDp_PEfgRY-XUCx5hh9WLm20gL_Fk4YIGXmRtafhjdpTBnCRPTWRSBhs-lJzhx3R4Y-2y3imqA7s9J7UPi3bCq24Z-MuK1SyJTKqMZn9ATSTzggSZMC8fMT1QzE1nfTGisNFo\/w300-h400\/cfd99c89-2b1f-4e92-8165-cce96e24eba1.jpg\" width=\"300\" \/><\/div>\n<\/div>\n<p><span><span style=\"font-size: large\">Castilla La Mancha cont\u00f3 con la participaci\u00f3n de 7 equipos, entre los cuales estaban los 5 primeros clasificados del campeonato regional de clubes, siendo el club de Ajedrez Noblejas junto a Nuestro Ajedrez en Europa los mejor clasificados, empatando a puntos y alejados del resto de equipos tanto en puntuaci\u00f3n como en posiciones de la clasificaci\u00f3n final.<\/span><\/span><\/p>\n<p><span style=\"font-family: Open Sans;font-size: large\"><b><u>Los resultados ronda a ronda<\/u><\/b><\/span><\/p>\n<p><span style=\"font-family: Open Sans;font-size: large\"><b><\/p>\n<table align=\"center\" cellpadding=\"0\" cellspacing=\"0\" class=\"tr-caption-container\" style=\"margin-left: auto;margin-right: auto\">\n<tbody>\n<tr>\n<td style=\"text-align: center\"><a href=\"https:\/\/www.bfv.cloud\/ajedrezeuropa\/wp-content\/uploads\/2025\/08\/120EQUIPO20ANTE20EL20TABLERO.jpg\" style=\"margin-left: auto;margin-right: auto\"><img loading=\"lazy\" decoding=\"async\" border=\"0\" data-original-height=\"1536\" data-original-width=\"2048\" height=\"480\" src=\"https:\/\/blogger.googleusercontent.com\/img\/b\/R29vZ2xl\/AVvXsEhZTrLc1kaeX9YwW7hRmLE_HcBavRmcxRrcsV9m1mz7jzwXZr28AXT5KoiHU90nKPzw63phi7vTOdokp_lC0Uy_LL5rAFL8tissEed_jev2MeWrS4fQgPkWSCIRW9zwPIYL3bGzyaFS4ryxdVODh4IWbhATN5-K6juNQLM6smmRQkrZjU2iXhnuu7H_jJ8\/w640-h480\/1%20EQUIPO%20ANTE%20EL%20TABLERO.jpg\" width=\"640\" \/><\/a><\/td>\n<\/tr>\n<tr>\n<td class=\"tr-caption\" style=\"text-align: center\">Imagen del equipo antes del inicio de una ronda del nacional<\/td>\n<\/tr>\n<\/tbody>\n<\/table>\n<p><\/b><\/span><span style=\"font-size: x-large\"><br \/><\/span><\/p>\n<p><span><span style=\"font-size: large\">En la ronda inicial, el equipo del proyecto que une a Alc\u00e1zar de San Juan y Villafranca de los Caballeros se enfrent\u00f3 con la Casa del Ajedrez de Sevilla, que finalmente ocup\u00f3 la 12\u00aa plaza, perdiendo 4-1. En 2\u00aa ronda toc\u00f3 el club C\u00e1ceres Patrimonio de la Humanidad, venciendo los manchegos por 3,5 a 1,5. Fue la 3\u00aa ronda la que enfrent\u00f3 al actual subcampe\u00f3n regional, Tomelloso, con Nuestro Ajedrez en Europa, dejando un tante\u00f3 de 2-3 a favor de Europa. Ya en la ronda 4\u00aa el enfrentamiento fue con la Escola Luguesa Xadrez, venciendo por el mismo resultado que a Tomelloso, 3-2. Las dos \u00faltimas rondas fueron con equipos mucho m\u00e1s fuertes por ranking inicial: en la 5\u00aa frente al club Ciudad de Huelva, clasificado en la 4\u00aa posici\u00f3n final, se perdi\u00f3 3,5 a 1,5; empatando a 2,5 puntos en la \u00faltima ronda con la A.D. Ajedrez M\u00f3stoles.<\/span><\/span><\/p>\n<p><span style=\"font-family: Open Sans;font-size: large\">El balance final es muy positivo porque en 5 de las 6 rondas, Nuestro Ajedrez en Europa, tuvo enfrente a equipos cuyo ranking inicial era mucho mejor y se pudo luchar y, en algunos casos, hasta ganar.<\/span><\/p>\n<p><span style=\"font-family: Open Sans;font-size: large\"><b><u>El campeonato regional por equipos blitz<\/u><\/b><\/span><\/p>\n<p><span style=\"font-family: Open Sans;font-size: large\">Tambi\u00e9n hay que mencionar la participaci\u00f3n de 5 equipos del proyecto Nuestro Ajedrez en Europa en el regional blitz que se celebr\u00f3 en Tomelloso el pasado s\u00e1bado 23 de agosto. A pesar de que los equipos A y B de Nuestro Ajedrez en Europa llegaron a la 7\u00aa y \u00faltima ronda en unos puestos muy destacados, 2\u00aa y 8\u00aa plaza respectivamente, perder los dos enfrentamientos releg\u00f3 a los equipos a la posici\u00f3n 4\u00aa y 15\u00aa. Mientras que Nuestro Ajedrez por la Igualdad se situ\u00f3 en la 22\u00aa plaza, el C de Europa en la 23\u00aa y Ajedrez en la Escuela Illescas en la posici\u00f3n 24\u00aa.<\/span><\/p>\n<table align=\"center\" cellpadding=\"0\" cellspacing=\"0\" class=\"tr-caption-container\" style=\"margin-left: auto;margin-right: auto\">\n<tbody>\n<tr>\n<td style=\"text-align: center\"><a href=\"https:\/\/blogger.googleusercontent.com\/img\/b\/R29vZ2xl\/AVvXsEjdZswhmnGwPiQBMsi1DBiQZ91PRuC9ZaMoY4z7UyAOwXEwt4t9Hkj-ZZbYwt3vpBjRRimAPcft_i4jpJX53TDoydwbLH54n4Y7D0l2VfGyBsIbgYPphyphenhyphengBK95Dg4SVZtYC86Xyejit4jx5Qa84JtI6PjOw0GSI4QhX1WLNlJtKM4yJPyjsbNmnk4Rn_tQ\/s2040\/ALVARO%20Y%20LUCAS%20DE%20ILLESCAS.jfif\" style=\"margin-left: auto;margin-right: auto\"><img loading=\"lazy\" decoding=\"async\" border=\"0\" data-original-height=\"1530\" data-original-width=\"2040\" height=\"480\" src=\"https:\/\/blogger.googleusercontent.com\/img\/b\/R29vZ2xl\/AVvXsEjdZswhmnGwPiQBMsi1DBiQZ91PRuC9ZaMoY4z7UyAOwXEwt4t9Hkj-ZZbYwt3vpBjRRimAPcft_i4jpJX53TDoydwbLH54n4Y7D0l2VfGyBsIbgYPphyphenhyphengBK95Dg4SVZtYC86Xyejit4jx5Qa84JtI6PjOw0GSI4QhX1WLNlJtKM4yJPyjsbNmnk4Rn_tQ\/w640-h480\/ALVARO%20Y%20LUCAS%20DE%20ILLESCAS.jfif\" width=\"640\" \/><\/a><\/td>\n<\/tr>\n<tr>\n<td class=\"tr-caption\" style=\"text-align: center\">Lucas y \u00c1lvaro del club Ajedrez en la Escuela Illescas frente al tablero<\/td>\n<\/tr>\n<\/tbody>\n<\/table>\n<p><b style=\"font-size: x-large\"><u><br \/><\/u><\/b><\/p>\n<p><b style=\"font-size: x-large\"><u>Un calendario de competiciones muy complicado<\/u><\/b><\/p>\n<p><span style=\"font-family: Open Sans;font-size: large\">En esta \u00faltima quincena de agosto se han concentrado citas muy importantes para los equipos y jugadores del proyecto. El valor de estar representados en todas los campeonatos oficiales con varios equipos y ajedrecistas de todas las edades, viene a poner en relevancia el trabajo que se comenz\u00f3 hace 30 a\u00f1os con las escuelas deportivas de ajedrez de Villafranca de los Caballeros, primero, y de Alc\u00e1zar de San Juan pocos a\u00f1os despu\u00e9s.<\/span><\/p>\n<p><span style=\"font-family: Open Sans;font-size: large\">A partir de este jueves 28 de agosto dos equipos de j\u00f3venes promesas representar\u00e1n a Nuestro Ajedrez en Europa y Nuestro Ajedrez por la Igualdad en el Campeonato de Castilla La Mancha por Clubes Sub18 y Sub14 que se disputar\u00e1 hasta el 31 de agosto en la residencia universitaria Jos\u00e9 Prat de Albacete.<\/span><\/p>\n","protected":false},"excerpt":{"rendered":"<p>&nbsp; Los 7 ajedrecistas que han participado en el CECLUB 2\u00aa divisi\u00f3n El jueves pasado finalizaba en la ciudad jienense de Linares, el Campeonato de Espa\u00f1a por Clubes de 2\u00aa divisi\u00f3n zona sur (CECLUB). El equipo de Nuestro Ajedrez en Europa, compuesto por: Rub\u00e9n Valhondo, Alonso L\u00f3pez, \u00c1ngel Collado, Eder Oquendo, Roberto L\u00f3pez y Silvia [&hellip;]<\/p>\n","protected":false},"author":1,"featured_media":4049,"comment_status":"open","ping_status":"closed","sticky":false,"template":"","format":"standard","meta":{"footnotes":""},"categories":[1],"tags":[],"class_list":["post-4048","post","type-post","status-publish","format-standard","has-post-thumbnail","hentry","category-noticias"],"_links":{"self":[{"href":"https:\/\/www.bfv.cloud\/ajedrezeuropa\/wp-json\/wp\/v2\/posts\/4048","targetHints":{"allow":["GET"]}}],"collection":[{"href":"https:\/\/www.bfv.cloud\/ajedrezeuropa\/wp-json\/wp\/v2\/posts"}],"about":[{"href":"https:\/\/www.bfv.cloud\/ajedrezeuropa\/wp-json\/wp\/v2\/types\/post"}],"author":[{"embeddable":true,"href":"https:\/\/www.bfv.cloud\/ajedrezeuropa\/wp-json\/wp\/v2\/users\/1"}],"replies":[{"embeddable":true,"href":"https:\/\/www.bfv.cloud\/ajedrezeuropa\/wp-json\/wp\/v2\/comments?post=4048"}],"version-history":[{"count":1,"href":"https:\/\/www.bfv.cloud\/ajedrezeuropa\/wp-json\/wp\/v2\/posts\/4048\/revisions"}],"predecessor-version":[{"id":4053,"href":"https:\/\/www.bfv.cloud\/ajedrezeuropa\/wp-json\/wp\/v2\/posts\/4048\/revisions\/4053"}],"wp:featuredmedia":[{"embeddable":true,"href":"https:\/\/www.bfv.cloud\/ajedrezeuropa\/wp-json\/wp\/v2\/media\/4049"}],"wp:attachment":[{"href":"https:\/\/www.bfv.cloud\/ajedrezeuropa\/wp-json\/wp\/v2\/media?parent=4048"}],"wp:term":[{"taxonomy":"category","embeddable":true,"href":"https:\/\/www.bfv.cloud\/ajedrezeuropa\/wp-json\/wp\/v2\/categories?post=4048"},{"taxonomy":"post_tag","embeddable":true,"href":"https:\/\/www.bfv.cloud\/ajedrezeuropa\/wp-json\/wp\/v2\/tags?post=4048"}],"curies":[{"name":"wp","href":"https:\/\/api.w.org\/{rel}","templated":true}]}}