{"id":4070,"date":"2015-04-10T21:28:00","date_gmt":"2015-04-10T21:28:00","guid":{"rendered":"https:\/\/www.bfv.cloud\/ajedrezeuropa\/index.php\/2015\/04\/10\/calendario-de-competiciones-de-abril-mayo-y-junio\/"},"modified":"2025-11-20T11:11:37","modified_gmt":"2025-11-20T11:11:37","slug":"calendario-de-competiciones-de-abril-mayo-y-junio","status":"publish","type":"post","link":"https:\/\/www.bfv.cloud\/ajedrezeuropa\/calendario-de-competiciones-de-abril-mayo-y-junio\/","title":{"rendered":"CALENDARIO DE COMPETICIONES DE ABRIL, MAYO Y JUNIO"},"content":{"rendered":"<div class=\"separator\" style=\"clear: both;text-align: left\">\n<a href=\"https:\/\/www.bfv.cloud\/ajedrezeuropa\/wp-content\/uploads\/2015\/04\/calendarioabrilmayoyjunio2015.jpg\" style=\"clear: right;float: right;margin-bottom: 1em;margin-left: 1em\"><img fetchpriority=\"high\" decoding=\"async\" border=\"0\" src=\"https:\/\/www.bfv.cloud\/ajedrezeuropa\/wp-content\/uploads\/2015\/04\/calendarioabrilmayoyjunio2015.jpg\" height=\"232\" width=\"640\" \/><\/a><span style=\"font-family: Georgia, Times New Roman, serif\"><b>Publicamos el calendario de competiciones para este 2\u00ba trimestre de 2015.<\/b><\/span><\/div>\n<div class=\"\" style=\"clear: both;text-align: left\">\n<span style=\"font-family: Georgia, Times New Roman, serif\"><b>Tres de los campeonatos previstos son de \u00e1mbito regional y el cuarto es el provincial de Toledo por equipos sub-16 que clasificar\u00e1 para la fase auton\u00f3mica. El jueves 30 de abril comenzar\u00e1 el Regional del Deporte en Edad Escolar que contar\u00e1 con la participaci\u00f3n de 8 alumnos de nuestras escuelas: Javier Valdepe\u00f1as, Irene Sim\u00f3n, Marta Espinosa y Alba P\u00edriz en la categor\u00eda cadete; mientras que Roberto L\u00f3pez, Mar\u00eda Oliver, Nuria Lozano y Julia Meza lo har\u00e1n en la categor\u00eda infantil.<\/b><\/span><\/div>\n<div class=\"\" style=\"clear: both;text-align: left\">\n<span style=\"font-family: Georgia, Times New Roman, serif\"><b>Para el comienzo de junio, del 4 al 7 concretamente, queda el Campeonato por Equipos Absoluto de Castilla-La Mancha al que regresaremos en condici\u00f3n de campeones provinciales de Toledo con el club NUESTRO AJEDREZ EN EUROPA, despu\u00e9s de 2 a\u00f1os de ausencia.<\/b><\/span><\/div>\n<div class=\"\" style=\"clear: both;text-align: left\">\n<span style=\"font-family: Georgia, Times New Roman, serif\"><b>El 13 y 14 de junio la cita es con el Campeonato Provincial por Equipos sub-16 de Toledo donde contaremos con la presencia de los 2 clubes del proyecto: NUESTRO AJEDREZ POR LA IGUALDAD y NUESTRO AJEDREZ EN EUROPA.<\/b><\/span><\/div>\n<div class=\"\" style=\"clear: both;text-align: left\">\n<span style=\"font-family: Georgia, Times New Roman, serif\"><b>En pr\u00f3ximas semanas ampliaremos toda la informaci\u00f3n.<\/b><\/span><\/div>\n<div class=\"separator\" style=\"clear: both;text-align: center\">\n<\/div>\n","protected":false},"excerpt":{"rendered":"<p>Publicamos el calendario de competiciones para este 2\u00ba trimestre de 2015. Tres de los campeonatos previstos son de \u00e1mbito regional y el cuarto es el provincial de Toledo por equipos sub-16 que clasificar\u00e1 para la fase auton\u00f3mica. El jueves 30 de abril comenzar\u00e1 el Regional del Deporte en Edad Escolar que contar\u00e1 con la participaci\u00f3n [&hellip;]<\/p>\n","protected":false},"author":1,"featured_media":4071,"comment_status":"open","ping_status":"closed","sticky":false,"template":"","format":"standard","meta":{"footnotes":""},"categories":[1],"tags":[],"class_list":["post-4070","post","type-post","status-publish","format-standard","has-post-thumbnail","hentry","category-noticias"],"_links":{"self":[{"href":"https:\/\/www.bfv.cloud\/ajedrezeuropa\/wp-json\/wp\/v2\/posts\/4070","targetHints":{"allow":["GET"]}}],"collection":[{"href":"https:\/\/www.bfv.cloud\/ajedrezeuropa\/wp-json\/wp\/v2\/posts"}],"about":[{"href":"https:\/\/www.bfv.cloud\/ajedrezeuropa\/wp-json\/wp\/v2\/types\/post"}],"author":[{"embeddable":true,"href":"https:\/\/www.bfv.cloud\/ajedrezeuropa\/wp-json\/wp\/v2\/users\/1"}],"replies":[{"embeddable":true,"href":"https:\/\/www.bfv.cloud\/ajedrezeuropa\/wp-json\/wp\/v2\/comments?post=4070"}],"version-history":[{"count":1,"href":"https:\/\/www.bfv.cloud\/ajedrezeuropa\/wp-json\/wp\/v2\/posts\/4070\/revisions"}],"predecessor-version":[{"id":4072,"href":"https:\/\/www.bfv.cloud\/ajedrezeuropa\/wp-json\/wp\/v2\/posts\/4070\/revisions\/4072"}],"wp:featuredmedia":[{"embeddable":true,"href":"https:\/\/www.bfv.cloud\/ajedrezeuropa\/wp-json\/wp\/v2\/media\/4071"}],"wp:attachment":[{"href":"https:\/\/www.bfv.cloud\/ajedrezeuropa\/wp-json\/wp\/v2\/media?parent=4070"}],"wp:term":[{"taxonomy":"category","embeddable":true,"href":"https:\/\/www.bfv.cloud\/ajedrezeuropa\/wp-json\/wp\/v2\/categories?post=4070"},{"taxonomy":"post_tag","embeddable":true,"href":"https:\/\/www.bfv.cloud\/ajedrezeuropa\/wp-json\/wp\/v2\/tags?post=4070"}],"curies":[{"name":"wp","href":"https:\/\/api.w.org\/{rel}","templated":true}]}}