{"id":4077,"date":"2010-09-08T22:22:00","date_gmt":"2010-09-08T22:22:00","guid":{"rendered":"https:\/\/www.bfv.cloud\/ajedrezeuropa\/index.php\/2010\/09\/08\/a-falta-de-las-2-ultimas-rondas-lideramos-el-regional-de-equipos\/"},"modified":"2025-11-20T11:11:41","modified_gmt":"2025-11-20T11:11:41","slug":"a-falta-de-las-2-ultimas-rondas-lideramos-el-regional-de-equipos","status":"publish","type":"post","link":"https:\/\/www.bfv.cloud\/ajedrezeuropa\/a-falta-de-las-2-ultimas-rondas-lideramos-el-regional-de-equipos\/","title":{"rendered":"A FALTA DE LAS 2 \u00daLTIMAS RONDAS LIDERAMOS EL REGIONAL DE EQUIPOS"},"content":{"rendered":"<p><span style=\"font-family: Verdana, sans-serif\">Cuando \u00fanicamente restan las rondas 6\u00aa y 7\u00aa del Campeonato Regional&nbsp;de Clubes&nbsp;Sub-16, nuestro equipo encabeza la clasificaci\u00f3n general gracias a las sendas victorias conseguidas&nbsp;ayer, mi\u00e9rcoles,&nbsp;frente a \u00abAjedrez Cuenca 2016\u00bb por 2,5 a 1,5 y, por la tarde, frente al \u00abClub Ajedrez de Bargas\u00bb por 3 a 1. Ma\u00f1ana \u00abNuestro Ajedrez en Europa\u00bb se enfrenta al \u00abClub Ajedrez Almagro\u00bb, en la pen\u00faltima ronda, y al \u00abClub de Ajedrez Almansa\u00bb en la 7\u00aa y \u00faltima. El magn\u00edfico campeonato que est\u00e1n realizando nuestros 5 jugadores, habiendo ganado hasta ahora 12,5 puntos de los 16 posibles, nos hace ser optimistas con respecto a los resultados&nbsp;que se puedan producir hoy. De cualquier forma, valoramos positivamente la idea de la creaci\u00f3n de esta nueva competici\u00f3n oficial y consideramos que su desarrollo, hasta el momento,&nbsp;est\u00e1 siendo un ejemplo de deportividad y lucha sobre el tablero. Queremos desearles a Santiago, Daniel, Jorge, Sergio y Dani, lo mejor para sus partidas, expres\u00e1ndoles nuestra confianza en su fuerza y fe en la victoria.<\/span><\/p>\n","protected":false},"excerpt":{"rendered":"<p>Cuando \u00fanicamente restan las rondas 6\u00aa y 7\u00aa del Campeonato Regional&nbsp;de Clubes&nbsp;Sub-16, nuestro equipo encabeza la clasificaci\u00f3n general gracias a las sendas victorias conseguidas&nbsp;ayer, mi\u00e9rcoles,&nbsp;frente a \u00abAjedrez Cuenca 2016\u00bb por 2,5 a 1,5 y, por la tarde, frente al \u00abClub Ajedrez de Bargas\u00bb por 3 a 1. Ma\u00f1ana \u00abNuestro Ajedrez en Europa\u00bb se enfrenta al [&hellip;]<\/p>\n","protected":false},"author":1,"featured_media":0,"comment_status":"open","ping_status":"closed","sticky":false,"template":"","format":"standard","meta":{"footnotes":""},"categories":[1],"tags":[],"class_list":["post-4077","post","type-post","status-publish","format-standard","hentry","category-noticias"],"_links":{"self":[{"href":"https:\/\/www.bfv.cloud\/ajedrezeuropa\/wp-json\/wp\/v2\/posts\/4077","targetHints":{"allow":["GET"]}}],"collection":[{"href":"https:\/\/www.bfv.cloud\/ajedrezeuropa\/wp-json\/wp\/v2\/posts"}],"about":[{"href":"https:\/\/www.bfv.cloud\/ajedrezeuropa\/wp-json\/wp\/v2\/types\/post"}],"author":[{"embeddable":true,"href":"https:\/\/www.bfv.cloud\/ajedrezeuropa\/wp-json\/wp\/v2\/users\/1"}],"replies":[{"embeddable":true,"href":"https:\/\/www.bfv.cloud\/ajedrezeuropa\/wp-json\/wp\/v2\/comments?post=4077"}],"version-history":[{"count":1,"href":"https:\/\/www.bfv.cloud\/ajedrezeuropa\/wp-json\/wp\/v2\/posts\/4077\/revisions"}],"predecessor-version":[{"id":4078,"href":"https:\/\/www.bfv.cloud\/ajedrezeuropa\/wp-json\/wp\/v2\/posts\/4077\/revisions\/4078"}],"wp:attachment":[{"href":"https:\/\/www.bfv.cloud\/ajedrezeuropa\/wp-json\/wp\/v2\/media?parent=4077"}],"wp:term":[{"taxonomy":"category","embeddable":true,"href":"https:\/\/www.bfv.cloud\/ajedrezeuropa\/wp-json\/wp\/v2\/categories?post=4077"},{"taxonomy":"post_tag","embeddable":true,"href":"https:\/\/www.bfv.cloud\/ajedrezeuropa\/wp-json\/wp\/v2\/tags?post=4077"}],"curies":[{"name":"wp","href":"https:\/\/api.w.org\/{rel}","templated":true}]}}