{"id":4079,"date":"2024-02-23T20:09:00","date_gmt":"2024-02-23T20:09:00","guid":{"rendered":"https:\/\/www.bfv.cloud\/ajedrezeuropa\/index.php\/2024\/02\/23\/la-gala-del-deporte-de-alcazar-premia-los-buenos-resultados-de-nuestro-ajedrez-en-2023\/"},"modified":"2025-11-20T11:11:46","modified_gmt":"2025-11-20T11:11:46","slug":"la-gala-del-deporte-de-alcazar-premia-los-buenos-resultados-de-nuestro-ajedrez-en-2023","status":"publish","type":"post","link":"https:\/\/www.bfv.cloud\/ajedrezeuropa\/la-gala-del-deporte-de-alcazar-premia-los-buenos-resultados-de-nuestro-ajedrez-en-2023\/","title":{"rendered":"LA GALA DEL DEPORTE DE ALC\u00c1ZAR PREMIA LOS BUENOS RESULTADOS DE NUESTRO AJEDREZ EN 2023"},"content":{"rendered":"<\/p>\n<div class=\"separator\" style=\"clear: both;text-align: center\"><\/div>\n<p><span style=\"font-family: verdana;font-size: large\"><\/p>\n<div class=\"separator\" style=\"clear: both;text-align: center\"><a href=\"https:\/\/www.bfv.cloud\/ajedrezeuropa\/wp-content\/uploads\/2024\/02\/220PREMIADOS20AJEDREZ.jpg\" style=\"margin-left: 1em;margin-right: 1em\"><img fetchpriority=\"high\" decoding=\"async\" border=\"0\" data-original-height=\"1638\" data-original-width=\"1854\" height=\"566\" src=\"https:\/\/blogger.googleusercontent.com\/img\/b\/R29vZ2xl\/AVvXsEhqpEXd04DdpZRzGUqTaVtKMUhGF8bLWyVqECHq8a9arc9v75aarCGnSN7GZTm_c_6dv5Jsl9Wc3FZRIyBWVIVZFTR3EYBknB39WhvPgL71xTX1TZz_RZxZmQtvdD1hvNpRX9Sro4HL4c2lFftbHrMCmUQj2t-gKPpF1Fi2UyT_sts2pGoHsLeAt57MQEE\/w640-h566\/2%20PREMIADOS%20AJEDREZ.jpg\" width=\"640\" \/><\/a><\/div>\n<p>La gala del deporte de Alc\u00e1zar de San Juan entreg\u00f3 este jueves por la noche sus premios correspondientes a la temporada 2022\/2023. Fueron un total de 33 premios repartidos entre todo el deporte alcazare\u00f1o, siendo 4 de ellos destinados a reconocer los m\u00e9ritos de las mujeres y los hombres del proyecto Nuestro Ajedrez en Europa. De esta manera, al equipo absoluto de Nuestro Ajedrez en Europa se le reconoc\u00edan sus resultados deportivos de 2023 tras alcanzar el t\u00edtulo de campe\u00f3n de Castilla-La Mancha en la modalidad rel\u00e1mpago y la 4\u00aa plaza a ritmo ol\u00edmpico (partidas lentas). El equipo premiado estaba compuesto por: <b>Ana Isabel Gonz\u00e1lez Berruga, David Crespo D\u00edaz, Alonso L\u00f3pez N\u00fa\u00f1ez, \u00c1ngel Collado Alcolado, Roberto L\u00f3pez N\u00fa\u00f1ez y Silvia Toribio Camu\u00f1as.<\/b><\/span><\/p>\n<div><span style=\"font-family: verdana;font-size: large\"><\/p>\n<div class=\"separator\" style=\"clear: both;text-align: center\"><a href=\"https:\/\/www.bfv.cloud\/ajedrezeuropa\/wp-content\/uploads\/2024\/02\/720PREMIO20EQUIPO20ABS.jpg\" style=\"margin-left: 1em;margin-right: 1em\"><img decoding=\"async\" border=\"0\" data-original-height=\"1450\" data-original-width=\"1772\" height=\"524\" src=\"https:\/\/blogger.googleusercontent.com\/img\/b\/R29vZ2xl\/AVvXsEgR92reTR9As8jDIjih1ac9UsdnWXlYmEw8Wa7Cp7rXvj6NVn_1F5Y0sJS4W2138nuxq3lyDQtAt_s3et6yVnxo4NHhPlTo5FGZJgCUOAuEvhj-yUw2yDUNdmzTctbjeUx_juvfQsJMIec6halpUG_SRWeT6xKrOhrtZuUYBbFk6p_qyZOKLeKZR1pfofc\/w640-h524\/7%20PREMIO%20EQUIPO%20ABS.jpg\" width=\"640\" \/><\/a><\/div>\n<p><\/span><\/p>\n<div><span style=\"font-family: verdana;font-size: large\">En cuanto a los premios individuales, se entregaron a:<\/span><\/div>\n<div><span style=\"font-family: verdana;font-size: large\"><b>Jaime Vila Castillo, <\/b>campe\u00f3n provincial de Toledo sub12 y 8\u00ba en la Copa de Espa\u00f1a por Equipos sub12 en representaci\u00f3n del club Nuestro Ajedrez por la Igualdad; y a <b>Elvira Cicuendez Quino, <\/b>campeona provincial de Ciudad Real sub12.<\/span><\/div>\n<div><span style=\"font-family: verdana;font-size: large\">\u00a1\u00a1Enhorabuena a todos los premiados!!<\/span><\/div>\n<div>\n<div class=\"separator\" style=\"clear: both;text-align: center\"><a href=\"https:\/\/www.bfv.cloud\/ajedrezeuropa\/wp-content\/uploads\/2024\/02\/120PREMIO20JAIME.jpg\" style=\"margin-left: 1em;margin-right: 1em\"><img decoding=\"async\" border=\"0\" data-original-height=\"1380\" data-original-width=\"1551\" height=\"570\" src=\"https:\/\/blogger.googleusercontent.com\/img\/b\/R29vZ2xl\/AVvXsEjezjCy4UridbKyMHeFx5D_inCZwGI5zW5U8Iwvpn9KqQGePfSbYhkU8RzRiQfV24OKfNtdMm1p06kkNpN3vb11bqZScuLThvJNp6jgkWvQqVfr2KIKL-uuWK83X8EwBK83wYqelQNa13R-QmyFJmpx05t5jV29ncO04O-YIMwCwz-bfxBRluMdo7YzyQM\/w640-h570\/1%20PREMIO%20JAIME.jpg\" width=\"640\" \/><\/a><\/div>\n<p><\/p>\n<div class=\"separator\" style=\"clear: both;text-align: center\"><a href=\"https:\/\/www.bfv.cloud\/ajedrezeuropa\/wp-content\/uploads\/2024\/02\/620PREMIO20ELVIRA.jpg\" style=\"margin-left: 1em;margin-right: 1em\"><img loading=\"lazy\" decoding=\"async\" border=\"0\" data-original-height=\"1187\" data-original-width=\"1187\" height=\"640\" src=\"https:\/\/blogger.googleusercontent.com\/img\/b\/R29vZ2xl\/AVvXsEgN4L1OThyJ8v30DT393JuKL1-5E3SxpVJUBGgJsUK15u2CI289cQY0D8_RScmh-bG7Rbz7LuIevSbb34BxnHgerZQk21XD1PtnHQtMLAwpYuTLt6dAEoLoN8M2dc_zOxRbiB5kZ1ADTJbPj0TL60DQCs5f-LLLcHgkCaEry2ByDbA-8623eqQrkhdPAQM\/w640-h640\/6%20PREMIO%20ELVIRA.jpg\" width=\"640\" \/><\/a><\/div>\n<p><\/div>\n<\/div>\n","protected":false},"excerpt":{"rendered":"<p>La gala del deporte de Alc\u00e1zar de San Juan entreg\u00f3 este jueves por la noche sus premios correspondientes a la temporada 2022\/2023. Fueron un total de 33 premios repartidos entre todo el deporte alcazare\u00f1o, siendo 4 de ellos destinados a reconocer los m\u00e9ritos de las mujeres y los hombres del proyecto Nuestro Ajedrez en Europa. [&hellip;]<\/p>\n","protected":false},"author":1,"featured_media":4080,"comment_status":"open","ping_status":"closed","sticky":false,"template":"","format":"standard","meta":{"footnotes":""},"categories":[1],"tags":[],"class_list":["post-4079","post","type-post","status-publish","format-standard","has-post-thumbnail","hentry","category-noticias"],"_links":{"self":[{"href":"https:\/\/www.bfv.cloud\/ajedrezeuropa\/wp-json\/wp\/v2\/posts\/4079","targetHints":{"allow":["GET"]}}],"collection":[{"href":"https:\/\/www.bfv.cloud\/ajedrezeuropa\/wp-json\/wp\/v2\/posts"}],"about":[{"href":"https:\/\/www.bfv.cloud\/ajedrezeuropa\/wp-json\/wp\/v2\/types\/post"}],"author":[{"embeddable":true,"href":"https:\/\/www.bfv.cloud\/ajedrezeuropa\/wp-json\/wp\/v2\/users\/1"}],"replies":[{"embeddable":true,"href":"https:\/\/www.bfv.cloud\/ajedrezeuropa\/wp-json\/wp\/v2\/comments?post=4079"}],"version-history":[{"count":1,"href":"https:\/\/www.bfv.cloud\/ajedrezeuropa\/wp-json\/wp\/v2\/posts\/4079\/revisions"}],"predecessor-version":[{"id":4084,"href":"https:\/\/www.bfv.cloud\/ajedrezeuropa\/wp-json\/wp\/v2\/posts\/4079\/revisions\/4084"}],"wp:featuredmedia":[{"embeddable":true,"href":"https:\/\/www.bfv.cloud\/ajedrezeuropa\/wp-json\/wp\/v2\/media\/4080"}],"wp:attachment":[{"href":"https:\/\/www.bfv.cloud\/ajedrezeuropa\/wp-json\/wp\/v2\/media?parent=4079"}],"wp:term":[{"taxonomy":"category","embeddable":true,"href":"https:\/\/www.bfv.cloud\/ajedrezeuropa\/wp-json\/wp\/v2\/categories?post=4079"},{"taxonomy":"post_tag","embeddable":true,"href":"https:\/\/www.bfv.cloud\/ajedrezeuropa\/wp-json\/wp\/v2\/tags?post=4079"}],"curies":[{"name":"wp","href":"https:\/\/api.w.org\/{rel}","templated":true}]}}