{"id":408,"date":"2025-08-08T17:48:00","date_gmt":"2025-08-08T17:48:00","guid":{"rendered":"https:\/\/www.bfv.cloud\/ajedrezeuropa\/index.php\/2025\/08\/08\/xxviii-torneo-abierto-de-villafranca-de-los-caballeros\/"},"modified":"2025-11-20T10:17:17","modified_gmt":"2025-11-20T10:17:17","slug":"xxviii-torneo-abierto-de-villafranca-de-los-caballeros","status":"publish","type":"post","link":"https:\/\/www.bfv.cloud\/ajedrezeuropa\/xxviii-torneo-abierto-de-villafranca-de-los-caballeros\/","title":{"rendered":"XXVIII TORNEO ABIERTO DE VILLAFRANCA DE LOS CABALLEROS"},"content":{"rendered":"<p>&nbsp;<\/p>\n<div class=\"separator\" style=\"clear: both;text-align: center\"><a href=\"https:\/\/www.bfv.cloud\/ajedrezeuropa\/wp-content\/uploads\/2025\/08\/CARTEL20XXVIII20TORNEO20ABIERTO20VILLAFRANCA202025-1.jpg\" style=\"margin-left: 1em;margin-right: 1em\"><img fetchpriority=\"high\" decoding=\"async\" border=\"0\" data-original-height=\"1746\" data-original-width=\"1244\" height=\"640\" src=\"https:\/\/blogger.googleusercontent.com\/img\/b\/R29vZ2xl\/AVvXsEj8KJzyodJ5i8cpUjwtf5CieRD6yg17MQ3oZUVgRvdg67lz0WFIEoD8UzOF4ikaIwkfkKtZGvpNeCBIg38NXURwdArT4xVm0VxSyElJtqDk7OPmVWDtYMIgQD0a0ap9OGnWVN991ZzqMwRpRCteGCDExw-8dd7UVDxZCRnOXFRcGJpn7zaurBx6BgIDZKs\/w456-h640\/CARTEL%20XXVIII%20TORNEO%20ABIERTO%20VILLAFRANCA%202025.jpg\" width=\"456\" \/><\/a><\/div>\n<p><span style=\"font-family: Montserrat;font-size: large\"><\/p>\n<p>El domingo 7 de septiembre se celebrar\u00e1 la XXVIII edici\u00f3n del Torneo Abierto de Villafranca de los Caballeros en el sal\u00f3n de actos de la casa de la cultura.<\/p>\n<p><\/span><\/p>\n<p><span style=\"font-family: Montserrat;font-size: large\">El comienzo de las partidas est\u00e1 previsto para las 9:30 de la ma\u00f1ana, previa confirmaci\u00f3n de los participantes. Se jugar\u00e1n 6 rondas a un ritmo de 10 minutos por jugador + 3 segundos de incremento por movimiento.<\/span><\/p>\n<p><span style=\"font-family: Montserrat;font-size: large\">Se entregar\u00e1n trofeos masculinos y femeninos en las categor\u00edas: absoluta, sub16 y sub12, para los dos primeros clasificados y tambi\u00e9n para el primer clasificado local de cada una de ellas.<\/span><\/p>\n<p><span style=\"font-family: Montserrat;font-size: large\">Pod\u00e9is realizar la inscripci\u00f3n escaneando el QR del cartel, pinchando sobre el enlace que figura en las bases o a trav\u00e9s del siguiente:<\/span><\/p>\n<p><span style=\"font-family: Montserrat;font-size: large\"><a href=\"https:\/\/docs.google.com\/forms\/d\/1Lk3L-_CShdePXWN1Su5zDAS4HMhPNcZsloS9dF_ySPU\/edit\" target=\"_blank\">ENLACE CON EL FORMULARIO DE INSCRIPCI\u00d3N<\/a><br \/><\/span><\/p>\n<div class=\"separator\" style=\"clear: both;text-align: center\"><a href=\"https:\/\/www.bfv.cloud\/ajedrezeuropa\/wp-content\/uploads\/2025\/08\/BASES20XXVIII20TORNEO20FERIA20202520VILLAFRANCA_001.jpg\" style=\"margin-left: 1em;margin-right: 1em\"><img decoding=\"async\" border=\"0\" data-original-height=\"842\" data-original-width=\"595\" height=\"640\" src=\"https:\/\/blogger.googleusercontent.com\/img\/b\/R29vZ2xl\/AVvXsEhivvr7sjiac2jZ6LCXJ_IT3cFxnABw2ozCJNwTcySEwlFiNkYAOH9dsYQiYgizM41j3mVznmcjdOQ31czceak6OT51x54G1_9gsiumtYWruFkL8OBEePtDuvZUfA8ZklNPLoqH4MUGBt4Ev_QhrFEgY5_cp8w1rg0nl0tcTGJUE-aKDi4xnI91zxDso8w\/w452-h640\/BASES%20XXVIII%20TORNEO%20FERIA%202025%20VILLAFRANCA_001.jpg\" width=\"452\" \/><\/a><\/div>\n<p><\/p>\n","protected":false},"excerpt":{"rendered":"<p>&nbsp; El domingo 7 de septiembre se celebrar\u00e1 la XXVIII edici\u00f3n del Torneo Abierto de Villafranca de los Caballeros en el sal\u00f3n de actos de la casa de la cultura. El comienzo de las partidas est\u00e1 previsto para las 9:30 de la ma\u00f1ana, previa confirmaci\u00f3n de los participantes. Se jugar\u00e1n 6 rondas a un ritmo [&hellip;]<\/p>\n","protected":false},"author":1,"featured_media":409,"comment_status":"open","ping_status":"closed","sticky":false,"template":"","format":"standard","meta":{"footnotes":""},"categories":[1],"tags":[],"class_list":["post-408","post","type-post","status-publish","format-standard","has-post-thumbnail","hentry","category-noticias"],"_links":{"self":[{"href":"https:\/\/www.bfv.cloud\/ajedrezeuropa\/wp-json\/wp\/v2\/posts\/408","targetHints":{"allow":["GET"]}}],"collection":[{"href":"https:\/\/www.bfv.cloud\/ajedrezeuropa\/wp-json\/wp\/v2\/posts"}],"about":[{"href":"https:\/\/www.bfv.cloud\/ajedrezeuropa\/wp-json\/wp\/v2\/types\/post"}],"author":[{"embeddable":true,"href":"https:\/\/www.bfv.cloud\/ajedrezeuropa\/wp-json\/wp\/v2\/users\/1"}],"replies":[{"embeddable":true,"href":"https:\/\/www.bfv.cloud\/ajedrezeuropa\/wp-json\/wp\/v2\/comments?post=408"}],"version-history":[{"count":1,"href":"https:\/\/www.bfv.cloud\/ajedrezeuropa\/wp-json\/wp\/v2\/posts\/408\/revisions"}],"predecessor-version":[{"id":411,"href":"https:\/\/www.bfv.cloud\/ajedrezeuropa\/wp-json\/wp\/v2\/posts\/408\/revisions\/411"}],"wp:featuredmedia":[{"embeddable":true,"href":"https:\/\/www.bfv.cloud\/ajedrezeuropa\/wp-json\/wp\/v2\/media\/409"}],"wp:attachment":[{"href":"https:\/\/www.bfv.cloud\/ajedrezeuropa\/wp-json\/wp\/v2\/media?parent=408"}],"wp:term":[{"taxonomy":"category","embeddable":true,"href":"https:\/\/www.bfv.cloud\/ajedrezeuropa\/wp-json\/wp\/v2\/categories?post=408"},{"taxonomy":"post_tag","embeddable":true,"href":"https:\/\/www.bfv.cloud\/ajedrezeuropa\/wp-json\/wp\/v2\/tags?post=408"}],"curies":[{"name":"wp","href":"https:\/\/api.w.org\/{rel}","templated":true}]}}