{"id":4085,"date":"2010-05-03T00:31:00","date_gmt":"2010-05-03T00:31:00","guid":{"rendered":"https:\/\/www.bfv.cloud\/ajedrezeuropa\/index.php\/2010\/05\/03\/dos-puestos-de-honor-para-nuestros-equipos-en-el-campeonato-por-escuelas-de-toledo\/"},"modified":"2025-11-20T11:11:48","modified_gmt":"2025-11-20T11:11:48","slug":"dos-puestos-de-honor-para-nuestros-equipos-en-el-campeonato-por-escuelas-de-toledo","status":"publish","type":"post","link":"https:\/\/www.bfv.cloud\/ajedrezeuropa\/dos-puestos-de-honor-para-nuestros-equipos-en-el-campeonato-por-escuelas-de-toledo\/","title":{"rendered":"DOS PUESTOS DE HONOR PARA NUESTROS EQUIPOS EN EL CAMPEONATO POR ESCUELAS DE TOLEDO"},"content":{"rendered":"<div class=\"separator\" style=\"clear: both;text-align: center\"><a href=\"https:\/\/www.bfv.cloud\/ajedrezeuropa\/wp-content\/uploads\/2010\/05\/EQUIPOESCUELAS.jpg\" style=\"margin-left: 1em;margin-right: 1em\"><img decoding=\"async\" border=\"0\" src=\"https:\/\/blogger.googleusercontent.com\/img\/b\/R29vZ2xl\/AVvXsEjYjGfA-iHCZ-7fsv97Yl1qLu4EzhrdCGbiV0lpDkzGcLKcUVIRx8IkZOcvUOqDeHv_VFywSWlHGY38-92tVxXTQGJSQcLD0J0T5ZKDMfk_ojgSMCwu09vYgUrINZaIrbj-_BCRfz92JFs\/s320\/EQUIPO+ESCUELAS.jpg\" \/><\/a><\/div>\n<p>\nLa localidad de Mocej\u00f3n ha servido de sede de una nueva edici\u00f3n del Campeonato de Escuelas Deportivas de Toledo, una competici\u00f3n que ya es tradicional en el calendario provincial y que ha logrado sobrevivir a los sucesivos cambios de formato en su celebraci\u00f3n. De nuevo, el balance de la participaci\u00f3n de la escuela de ajedrez de Villafranca, ha resultado ser el mejor de toda la provincia gracias a los magn\u00edficos resultados de los equipos de la categor\u00eda cadete e infantil: subcampeones en la primera categor\u00eda y terceros en la segunda, con equipos integrados \u00fanica y exclusivamente por ni\u00f1os, ni\u00f1as y j\u00f3venes de nuestro proyecto toledano. Es un orgullo contar con un grupo de chicos y chicas que representan el presente y el futuro del ajedrez en Castilla-La Mancha. Su proceso de formaci\u00f3n ajedrec\u00edstica, basado en unos principios \u00e9ticos fundamentales y en la defensa de los valores del juego limpio y la deportividad, no les impide brillar a gran altura en sus resultados ni alcanzar grandes retos competitivos. A continuaci\u00f3n mencionamos a&nbsp;los jugadores que, en esta ocasi\u00f3n, han llevado la representaci\u00f3n de todos los que integran \u00abNuestro Ajedrez en Europa\u00bb:<\/p>\n<div align=\"center\">&#8211; Santiago Talavera Garc\u00eda<\/div>\n<div align=\"center\">&#8211; Daniel P\u00edriz Fern\u00e1ndez<\/div>\n<div align=\"center\">&#8211; Jorge Sim\u00f3n Escalona<\/div>\n<div align=\"center\">&#8211; Sergio Valencia de Loma<\/div>\n<div align=\"center\">&#8211; Blanca Y\u00e9benes Toribio<\/div>\n<div align=\"center\">&#8211; Jes\u00fas Mar\u00eda Bricio Garc\u00eda de la Torre<\/div>\n<div align=\"center\">&#8211; Jorge D\u00edaz Guerrero<\/div>\n<div align=\"center\">&#8211; Silvia Toribio Camu\u00f1as<\/div>\n<div align=\"center\">&#8211; Jos\u00e9 Luis D\u00edaz Guerrero<\/div>\n<div align=\"center\">&#8211; Ra\u00fal D\u00edaz Guerrero<\/div>\n<div align=\"center\">&#8211; Eva S\u00e1nchez Y\u00e9benes<\/div>\n<div align=\"center\">&#8211; Irene Sim\u00f3n Escalona<\/div>\n<div align=\"center\">-Iv\u00e1n Valencia de Loma<\/div>\n<div align=\"center\">&#8211; Marisa Verdejo G\u00f3mez<\/div>\n<div align=\"center\">&#8211; Jes\u00fas G\u00f3mez Chac\u00f3n<\/div>\n<div align=\"center\">&#8211; Andrea S\u00e1nchez Barrag\u00e1n<\/div>\n<div align=\"center\">&#8211; Mar\u00eda Oliver Ropero<\/div>\n<div align=\"center\">&#8211; \u00c1ngel Rodr\u00edguez Avil\u00e9s<\/div>\n","protected":false},"excerpt":{"rendered":"<p>La localidad de Mocej\u00f3n ha servido de sede de una nueva edici\u00f3n del Campeonato de Escuelas Deportivas de Toledo, una competici\u00f3n que ya es tradicional en el calendario provincial y que ha logrado sobrevivir a los sucesivos cambios de formato en su celebraci\u00f3n. De nuevo, el balance de la participaci\u00f3n de la escuela de ajedrez [&hellip;]<\/p>\n","protected":false},"author":1,"featured_media":4086,"comment_status":"open","ping_status":"closed","sticky":false,"template":"","format":"standard","meta":{"footnotes":""},"categories":[1],"tags":[],"class_list":["post-4085","post","type-post","status-publish","format-standard","has-post-thumbnail","hentry","category-noticias"],"_links":{"self":[{"href":"https:\/\/www.bfv.cloud\/ajedrezeuropa\/wp-json\/wp\/v2\/posts\/4085","targetHints":{"allow":["GET"]}}],"collection":[{"href":"https:\/\/www.bfv.cloud\/ajedrezeuropa\/wp-json\/wp\/v2\/posts"}],"about":[{"href":"https:\/\/www.bfv.cloud\/ajedrezeuropa\/wp-json\/wp\/v2\/types\/post"}],"author":[{"embeddable":true,"href":"https:\/\/www.bfv.cloud\/ajedrezeuropa\/wp-json\/wp\/v2\/users\/1"}],"replies":[{"embeddable":true,"href":"https:\/\/www.bfv.cloud\/ajedrezeuropa\/wp-json\/wp\/v2\/comments?post=4085"}],"version-history":[{"count":1,"href":"https:\/\/www.bfv.cloud\/ajedrezeuropa\/wp-json\/wp\/v2\/posts\/4085\/revisions"}],"predecessor-version":[{"id":4087,"href":"https:\/\/www.bfv.cloud\/ajedrezeuropa\/wp-json\/wp\/v2\/posts\/4085\/revisions\/4087"}],"wp:featuredmedia":[{"embeddable":true,"href":"https:\/\/www.bfv.cloud\/ajedrezeuropa\/wp-json\/wp\/v2\/media\/4086"}],"wp:attachment":[{"href":"https:\/\/www.bfv.cloud\/ajedrezeuropa\/wp-json\/wp\/v2\/media?parent=4085"}],"wp:term":[{"taxonomy":"category","embeddable":true,"href":"https:\/\/www.bfv.cloud\/ajedrezeuropa\/wp-json\/wp\/v2\/categories?post=4085"},{"taxonomy":"post_tag","embeddable":true,"href":"https:\/\/www.bfv.cloud\/ajedrezeuropa\/wp-json\/wp\/v2\/tags?post=4085"}],"curies":[{"name":"wp","href":"https:\/\/api.w.org\/{rel}","templated":true}]}}