{"id":4088,"date":"2020-11-12T09:55:00","date_gmt":"2020-11-12T09:55:00","guid":{"rendered":"https:\/\/www.bfv.cloud\/ajedrezeuropa\/index.php\/2020\/11\/12\/la-escuela-de-ajedrez-de-alcazar-comienza-este-sabado\/"},"modified":"2025-11-20T11:11:51","modified_gmt":"2025-11-20T11:11:51","slug":"la-escuela-de-ajedrez-de-alcazar-comienza-este-sabado","status":"publish","type":"post","link":"https:\/\/www.bfv.cloud\/ajedrezeuropa\/la-escuela-de-ajedrez-de-alcazar-comienza-este-sabado\/","title":{"rendered":"LA ESCUELA DE AJEDREZ DE ALC\u00c1ZAR COMIENZA ESTE S\u00c1BADO"},"content":{"rendered":"<\/p>\n<table cellpadding=\"0\" cellspacing=\"0\" class=\"tr-caption-container\" style=\"float: right\">\n<tbody>\n<tr>\n<td style=\"text-align: center\"><a href=\"https:\/\/www.bfv.cloud\/ajedrezeuropa\/wp-content\/uploads\/2020\/11\/EnclaseconHerminio.jpeg\" style=\"clear: right;margin-bottom: 1em;margin-left: auto;margin-right: auto\"><img fetchpriority=\"high\" decoding=\"async\" border=\"0\" data-original-height=\"594\" data-original-width=\"1600\" height=\"148\" src=\"https:\/\/blogger.googleusercontent.com\/img\/b\/R29vZ2xl\/AVvXsEg1O9Y3Cqeiulw8HrxEI_aQX4b8_NCM2deXn55ugvG5j7ywC3xI_q90ibQyXsFrLb7-wfbnKC_epK3INMlknoM-xdvob3h3SKGcqPlKKMe-HCmNxwjxaUFs2JVZrLIpxnw65KrN4tO3UnM\/w400-h148\/En+clase+con+Herminio.jpeg\" width=\"400\" \/><\/a><\/td>\n<\/tr>\n<tr>\n<td class=\"tr-caption\" style=\"text-align: center\">Una clase del campus de este a\u00f1o<\/td>\n<\/tr>\n<\/tbody>\n<\/table>\n<p><span style=\"font-family: Montserrat;font-size: large\"><b>Este s\u00e1bado 14 de noviembre comenzar\u00e1 la temporada 2020\/21 en la Escuela de Ajedrez de Alc\u00e1zar de San Juan. Tras la Resoluci\u00f3n de la Consejer\u00eda de Sanidad de fecha 10 de noviembre donde se autoriza la actividad de las escuelas deportivas en todas las poblaciones de Castilla-La Mancha sujetas al nivel 2, el IMD ha programado el inicio de las actividades en estos pr\u00f3ximos d\u00edas.<\/b><\/span><\/p>\n<div><span style=\"font-family: Montserrat;font-size: large\"><b>El CD Nuestro Ajedrez en Europa, en colaboraci\u00f3n con el IMD, se encarga de la gesti\u00f3n de la escuela alcazare\u00f1a esta nueva temporada, adaptando el n\u00famero de alumnos, la entrada a las clases y las medidas preventivas dentro del aula, a las normativas sanitarias vigentes en la regi\u00f3n a cada uno de los 5 grupos. El horario de clase arranca con los grupos de iniciaci\u00f3n a las 10 menos cuarto de la ma\u00f1ana y se extiende hasta cerca de las 2 de la tarde en la que finaliza el grupo de tecnificaci\u00f3n. M\u00e1s de 30 chicos y chicas ya est\u00e1n inscritos en este nuevo curso en el que las clases ser\u00e1n impartidas por: M\u00aa Luisa Camu\u00f1as, Clara Vela y F\u00e9lix Toribio.<\/b><\/span><\/div>\n<div><span style=\"font-family: Montserrat;font-size: large\"><b><\/p>\n<div class=\"separator\" style=\"clear: both;text-align: center\"><a href=\"https:\/\/www.bfv.cloud\/ajedrezeuropa\/wp-content\/uploads\/2020\/11\/GrupoenelIntur1.jpeg\" style=\"margin-left: 1em;margin-right: 1em\"><img decoding=\"async\" border=\"0\" data-original-height=\"847\" data-original-width=\"1447\" height=\"372\" src=\"https:\/\/blogger.googleusercontent.com\/img\/b\/R29vZ2xl\/AVvXsEgOIsQfZE-2peE7b8xXZMX5lYfW56EmC-RUBPbgWOEJwxFOTC3RaF5Dr-dL46vvT5y_n6vpUUY-nhrh1EukwlAFnr5g6NU2VyM9Q8PqTMiT15A-ojaFc-FUn_XARFjOvgx6ZpXHiRZw7TY\/w640-h372\/Grupo+en+el+Intur+1.jpeg\" width=\"640\" \/><\/a><\/div>\n<p><\/b><\/span><\/div>\n","protected":false},"excerpt":{"rendered":"<p>Una clase del campus de este a\u00f1o Este s\u00e1bado 14 de noviembre comenzar\u00e1 la temporada 2020\/21 en la Escuela de Ajedrez de Alc\u00e1zar de San Juan. Tras la Resoluci\u00f3n de la Consejer\u00eda de Sanidad de fecha 10 de noviembre donde se autoriza la actividad de las escuelas deportivas en todas las poblaciones de Castilla-La Mancha [&hellip;]<\/p>\n","protected":false},"author":1,"featured_media":4089,"comment_status":"open","ping_status":"closed","sticky":false,"template":"","format":"standard","meta":{"footnotes":""},"categories":[1],"tags":[],"class_list":["post-4088","post","type-post","status-publish","format-standard","has-post-thumbnail","hentry","category-noticias"],"_links":{"self":[{"href":"https:\/\/www.bfv.cloud\/ajedrezeuropa\/wp-json\/wp\/v2\/posts\/4088","targetHints":{"allow":["GET"]}}],"collection":[{"href":"https:\/\/www.bfv.cloud\/ajedrezeuropa\/wp-json\/wp\/v2\/posts"}],"about":[{"href":"https:\/\/www.bfv.cloud\/ajedrezeuropa\/wp-json\/wp\/v2\/types\/post"}],"author":[{"embeddable":true,"href":"https:\/\/www.bfv.cloud\/ajedrezeuropa\/wp-json\/wp\/v2\/users\/1"}],"replies":[{"embeddable":true,"href":"https:\/\/www.bfv.cloud\/ajedrezeuropa\/wp-json\/wp\/v2\/comments?post=4088"}],"version-history":[{"count":1,"href":"https:\/\/www.bfv.cloud\/ajedrezeuropa\/wp-json\/wp\/v2\/posts\/4088\/revisions"}],"predecessor-version":[{"id":4091,"href":"https:\/\/www.bfv.cloud\/ajedrezeuropa\/wp-json\/wp\/v2\/posts\/4088\/revisions\/4091"}],"wp:featuredmedia":[{"embeddable":true,"href":"https:\/\/www.bfv.cloud\/ajedrezeuropa\/wp-json\/wp\/v2\/media\/4089"}],"wp:attachment":[{"href":"https:\/\/www.bfv.cloud\/ajedrezeuropa\/wp-json\/wp\/v2\/media?parent=4088"}],"wp:term":[{"taxonomy":"category","embeddable":true,"href":"https:\/\/www.bfv.cloud\/ajedrezeuropa\/wp-json\/wp\/v2\/categories?post=4088"},{"taxonomy":"post_tag","embeddable":true,"href":"https:\/\/www.bfv.cloud\/ajedrezeuropa\/wp-json\/wp\/v2\/tags?post=4088"}],"curies":[{"name":"wp","href":"https:\/\/api.w.org\/{rel}","templated":true}]}}