{"id":4092,"date":"2025-07-06T16:46:00","date_gmt":"2025-07-06T16:46:00","guid":{"rendered":"https:\/\/www.bfv.cloud\/ajedrezeuropa\/index.php\/2025\/07\/06\/iv-torneo-de-ferias-de-camunas\/"},"modified":"2025-11-20T11:11:55","modified_gmt":"2025-11-20T11:11:55","slug":"iv-torneo-de-ferias-de-camunas","status":"publish","type":"post","link":"https:\/\/www.bfv.cloud\/ajedrezeuropa\/iv-torneo-de-ferias-de-camunas\/","title":{"rendered":"IV TORNEO DE FERIAS DE CAMU\u00d1AS"},"content":{"rendered":"<p>&nbsp;<\/p>\n<div class=\"separator\" style=\"clear: both;text-align: center\"><a href=\"https:\/\/www.bfv.cloud\/ajedrezeuropa\/wp-content\/uploads\/2025\/07\/CARTEL20TORNEO202025-1.jpg\" style=\"margin-left: 1em;margin-right: 1em\"><img fetchpriority=\"high\" decoding=\"async\" border=\"0\" data-original-height=\"1500\" data-original-width=\"1125\" height=\"640\" src=\"https:\/\/blogger.googleusercontent.com\/img\/b\/R29vZ2xl\/AVvXsEg6mbUTL5Wr-5RXSlKyTkjXGtmDLlBDCmFgevU9j6eUeQn4aepVWt-RT15QRJJc0vCCaLKcJhzzsln1Y6dxC20Q8bEuzXLDYR3mzBrfggMwG_CFlR6TmIH4UzTZeLPagF-Mc-ROU7QHv7FcaYHFm6hAvAXgHH9KHFwBFpm_jHgE-n9JdUoZr07M2mYZ-5I\/w480-h640\/CARTEL%20TORNEO%202025.jpg\" width=\"480\" \/><\/a><\/div>\n<div class=\"separator\" style=\"clear: both;text-align: center\"><\/div>\n<\/p>\n<blockquote style=\"border: none;margin: 0 0 0 40px;padding: 0px\">\n<div class=\"separator\" style=\"clear: both;text-align: left\"><span style=\"font-family: trebuchet;font-size: large\">El s\u00e1bado 26 de julio, a partir de las 9:30 horas, el ayuntamiento y la escuela de ajedrez de Camu\u00f1as vuelven a organizar el torneo de ajedrez de ferias. El almac\u00e9n del trigo acoger\u00e1 esta 4\u00aa edici\u00f3n de un torneo que a\u00f1o tras a\u00f1o crece en el n\u00famero de participantes. Este es el enlace con el formulario abierto en Google Forms para realizar la inscripci\u00f3n hasta completar aforo:<\/span><\/div>\n<\/p>\n<\/blockquote>\n<p style=\"text-align: center\"><a href=\"https:\/\/forms.gle\/CD3e6Cx4E28pqpuS7\" target=\"_blank\"><span style=\"font-family: helvetica;font-size: large\">ENLACE CON FORMULARIO DE INSCRIPCI\u00d3N<\/span><\/a><\/p>\n<p style=\"text-align: center\"><span style=\"font-family: helvetica;font-size: large\"><\/span><\/p>\n<div class=\"separator\" style=\"clear: both;text-align: center\"><span style=\"font-family: helvetica;font-size: large\"><a href=\"https:\/\/www.bfv.cloud\/ajedrezeuropa\/wp-content\/uploads\/2025\/07\/BASES20IV20TORNEO20CAMUC391AS201.jpg\" style=\"margin-left: 1em;margin-right: 1em\"><img decoding=\"async\" border=\"0\" data-original-height=\"1600\" data-original-width=\"1131\" height=\"640\" src=\"https:\/\/blogger.googleusercontent.com\/img\/b\/R29vZ2xl\/AVvXsEgRmgx13WapJSVTwWdx7-yX8-gRPD6uZNCZWULstSDW7XujYV-Zc9q-YI0crxlBARxvG3_lZFDHvS5I_w-twGkE911HaMOHFtV3CAYEg2iCHF8KIjfYZ87mFNQcAXlua6uZH454NI7IOr5hLZcV4JfA_nwFFI2BzGi4LD2huFsYq1UdEqDXVsbJ1IPQve8\/w452-h640\/BASES%20IV%20TORNEO%20CAMU%C3%91AS%20(1).jpg\" width=\"452\" \/><\/a><\/span><\/div>\n<p><span style=\"font-family: helvetica;font-size: large\">&nbsp;<\/p>\n<div class=\"separator\" style=\"clear: both;text-align: center\"><a href=\"https:\/\/www.bfv.cloud\/ajedrezeuropa\/wp-content\/uploads\/2025\/07\/BASES20IV20TORNEO20CAMUC391AS202.jpg\" style=\"margin-left: 1em;margin-right: 1em\"><img decoding=\"async\" border=\"0\" data-original-height=\"1600\" data-original-width=\"1131\" height=\"640\" src=\"https:\/\/blogger.googleusercontent.com\/img\/b\/R29vZ2xl\/AVvXsEgXeptcEX-0fHYIdSjjthfOEcsK2Oz6EWWd21L_Zv-bGmeegbnMD3RS3m_KT3tZdXapwdRCeRQJ92rJ3LTPpXHrbfGCTGIATy8l1_lI9x3AS7mfdmACE36-98rEau7FDruiKCYE8qypEHOVY2B7wYKNwTXFEXguQsXPiyQ2xN4JEOpmXDOcUB5qaJbYSCA\/w452-h640\/BASES%20IV%20TORNEO%20CAMU%C3%91AS%20(2).jpg\" width=\"452\" \/><\/a><\/div>\n<p><\/span><\/p>\n<p><span>&nbsp; &nbsp;&nbsp;<\/span><\/p>\n","protected":false},"excerpt":{"rendered":"<p>&nbsp; El s\u00e1bado 26 de julio, a partir de las 9:30 horas, el ayuntamiento y la escuela de ajedrez de Camu\u00f1as vuelven a organizar el torneo de ajedrez de ferias. El almac\u00e9n del trigo acoger\u00e1 esta 4\u00aa edici\u00f3n de un torneo que a\u00f1o tras a\u00f1o crece en el n\u00famero de participantes. Este es el enlace [&hellip;]<\/p>\n","protected":false},"author":1,"featured_media":4093,"comment_status":"open","ping_status":"closed","sticky":false,"template":"","format":"standard","meta":{"footnotes":""},"categories":[1],"tags":[],"class_list":["post-4092","post","type-post","status-publish","format-standard","has-post-thumbnail","hentry","category-noticias"],"_links":{"self":[{"href":"https:\/\/www.bfv.cloud\/ajedrezeuropa\/wp-json\/wp\/v2\/posts\/4092","targetHints":{"allow":["GET"]}}],"collection":[{"href":"https:\/\/www.bfv.cloud\/ajedrezeuropa\/wp-json\/wp\/v2\/posts"}],"about":[{"href":"https:\/\/www.bfv.cloud\/ajedrezeuropa\/wp-json\/wp\/v2\/types\/post"}],"author":[{"embeddable":true,"href":"https:\/\/www.bfv.cloud\/ajedrezeuropa\/wp-json\/wp\/v2\/users\/1"}],"replies":[{"embeddable":true,"href":"https:\/\/www.bfv.cloud\/ajedrezeuropa\/wp-json\/wp\/v2\/comments?post=4092"}],"version-history":[{"count":1,"href":"https:\/\/www.bfv.cloud\/ajedrezeuropa\/wp-json\/wp\/v2\/posts\/4092\/revisions"}],"predecessor-version":[{"id":4096,"href":"https:\/\/www.bfv.cloud\/ajedrezeuropa\/wp-json\/wp\/v2\/posts\/4092\/revisions\/4096"}],"wp:featuredmedia":[{"embeddable":true,"href":"https:\/\/www.bfv.cloud\/ajedrezeuropa\/wp-json\/wp\/v2\/media\/4093"}],"wp:attachment":[{"href":"https:\/\/www.bfv.cloud\/ajedrezeuropa\/wp-json\/wp\/v2\/media?parent=4092"}],"wp:term":[{"taxonomy":"category","embeddable":true,"href":"https:\/\/www.bfv.cloud\/ajedrezeuropa\/wp-json\/wp\/v2\/categories?post=4092"},{"taxonomy":"post_tag","embeddable":true,"href":"https:\/\/www.bfv.cloud\/ajedrezeuropa\/wp-json\/wp\/v2\/tags?post=4092"}],"curies":[{"name":"wp","href":"https:\/\/api.w.org\/{rel}","templated":true}]}}