{"id":4097,"date":"2011-04-14T13:26:00","date_gmt":"2011-04-14T13:26:00","guid":{"rendered":"https:\/\/www.bfv.cloud\/ajedrezeuropa\/index.php\/2011\/04\/14\/jose-maria-pastrana-subcampeon-del-campeonato-universitario-de-castilla-la-mancha\/"},"modified":"2025-11-20T11:11:56","modified_gmt":"2025-11-20T11:11:56","slug":"jose-maria-pastrana-subcampeon-del-campeonato-universitario-de-castilla-la-mancha","status":"publish","type":"post","link":"https:\/\/www.bfv.cloud\/ajedrezeuropa\/jose-maria-pastrana-subcampeon-del-campeonato-universitario-de-castilla-la-mancha\/","title":{"rendered":"JOS\u00c9 MAR\u00cdA PASTRANA SUBCAMPE\u00d3N DEL CAMPEONATO UNIVERSITARIO DE CASTILLA-LA MANCHA"},"content":{"rendered":"<table cellpadding=\"0\" cellspacing=\"0\" class=\"tr-caption-container\" style=\"float: left;margin-right: 1em;text-align: left\">\n<tbody>\n<tr>\n<td style=\"text-align: center\"><a href=\"https:\/\/www.bfv.cloud\/ajedrezeuropa\/wp-content\/uploads\/2011\/04\/Regional_por_equipos_201103_013.jpg\" style=\"clear: left;margin-bottom: 1em;margin-left: auto;margin-right: auto\"><img fetchpriority=\"high\" decoding=\"async\" border=\"0\" height=\"305\" src=\"https:\/\/blogger.googleusercontent.com\/img\/b\/R29vZ2xl\/AVvXsEi0Im99QKguq3K50U3-6lUVqKY6e963Gva4aNYJHV4ylDjyiczQ32TdsMkbcz72G2JcZymUSprFmX4r4S9tYr3VU5as5mOiuoNxhqjbJrgVeIeo4rTGdyzMCm9HTAbCzPMF-q-gLRyokCE\/s400\/Regional_por_equipos_201103_013.JPG\" width=\"400\" \/><\/a><\/td>\n<\/tr>\n<tr>\n<td class=\"tr-caption\" style=\"text-align: center\">Jos\u00e9 Mar\u00eda en el regional absoluto por clubes 2011, <br \/>\ndefendiendo el tercer tablero de nuestro equipo<\/td>\n<\/tr>\n<\/tbody>\n<\/table>\n<p><strong><span style=\", Courier, monospace\">El jugador del club Nuestro Ajedrez en Europa, Jos\u00e9 Mar\u00eda Pastrana Fern\u00e1ndez, ha logrado la segunda posici\u00f3n del Campeonato Regional Universitario, quedando clasificado para disputar la final nacional en representaci\u00f3n de&nbsp;la UCLM. La competici\u00f3n se ha jugado en el campus universitario de Albacete durante los d\u00edas 12 y 13 de abril y tambi\u00e9n ha clasificado a los 2 albacete\u00f1os, Jos\u00e9 Vicente Jim\u00e9nez (campe\u00f3n)&nbsp;e Ignacio Picazo como 3\u00ba. A estos 3 jugadores se unir\u00e1 el maestro internacional&nbsp;\u00c1ngel Espinosa y el maestro FIDE Victor Fern\u00e1ndez, completando el quinteto de&nbsp;ajedrecistas castellano-manchegos presentes en&nbsp;la fase final de este&nbsp;campeonato&nbsp;que se celebrar\u00e1 en Alicante del 8 al 12 del pr\u00f3ximo mes de mayo.&nbsp;&nbsp; <\/span><\/strong><br \/>\n<strong><span style=\", Courier, monospace\">Jos\u00e9 Mar\u00eda Pastrana es de Los Y\u00e9benes (Toledo), aunque muy pronto se vincul\u00f3 a la escuela de ajedrez de Villafranca, obteniendo algunos t\u00edtulos importantes con ella como el de campe\u00f3n de Toledo del llamado entonces \u00abDeporte Base\u00bb. Su estrecha relaci\u00f3n con el proyecto se sigue manteniendo, habiendo participado este a\u00f1o en la consecuci\u00f3n de la 2\u00aa plaza del provincial toledano y en la 5\u00aa posici\u00f3n del regional, formando parte de nuestro equipo de la categor\u00eda absoluta. <\/span><\/strong><br \/>\n<strong><span style=\", Courier, monospace\">Desde aqu\u00ed, queremos&nbsp;enviarle nuestras felicitaciones en nombre de todos sus compa\u00f1eros en el proyecto Nuestro Ajedrez en Europa,&nbsp;dese\u00e1ndole lo mejor para el Campeonato de Espa\u00f1a Universitario.<\/span><\/strong><br \/>\n<strong><span style=\"font-family: Courier New\">Aprovechamos para recordar que ma\u00f1ana comienza en Horche el Campeonato Regional por Edades con la participaci\u00f3n de 21 chicos y chicas de nuestro proyecto al que les deseamos, como siempre,&nbsp;suerte y mucha concentraci\u00f3n. Los enlaces con las p\u00e1ginas de chess-results para seguir los resultados los ten\u00e9is disponibles en la noticia anterior.<\/span><\/strong><\/p>\n","protected":false},"excerpt":{"rendered":"<p>Jos\u00e9 Mar\u00eda en el regional absoluto por clubes 2011, defendiendo el tercer tablero de nuestro equipo El jugador del club Nuestro Ajedrez en Europa, Jos\u00e9 Mar\u00eda Pastrana Fern\u00e1ndez, ha logrado la segunda posici\u00f3n del Campeonato Regional Universitario, quedando clasificado para disputar la final nacional en representaci\u00f3n de&nbsp;la UCLM. La competici\u00f3n se ha jugado en el [&hellip;]<\/p>\n","protected":false},"author":1,"featured_media":4098,"comment_status":"open","ping_status":"closed","sticky":false,"template":"","format":"standard","meta":{"footnotes":""},"categories":[1],"tags":[],"class_list":["post-4097","post","type-post","status-publish","format-standard","has-post-thumbnail","hentry","category-noticias"],"_links":{"self":[{"href":"https:\/\/www.bfv.cloud\/ajedrezeuropa\/wp-json\/wp\/v2\/posts\/4097","targetHints":{"allow":["GET"]}}],"collection":[{"href":"https:\/\/www.bfv.cloud\/ajedrezeuropa\/wp-json\/wp\/v2\/posts"}],"about":[{"href":"https:\/\/www.bfv.cloud\/ajedrezeuropa\/wp-json\/wp\/v2\/types\/post"}],"author":[{"embeddable":true,"href":"https:\/\/www.bfv.cloud\/ajedrezeuropa\/wp-json\/wp\/v2\/users\/1"}],"replies":[{"embeddable":true,"href":"https:\/\/www.bfv.cloud\/ajedrezeuropa\/wp-json\/wp\/v2\/comments?post=4097"}],"version-history":[{"count":1,"href":"https:\/\/www.bfv.cloud\/ajedrezeuropa\/wp-json\/wp\/v2\/posts\/4097\/revisions"}],"predecessor-version":[{"id":4099,"href":"https:\/\/www.bfv.cloud\/ajedrezeuropa\/wp-json\/wp\/v2\/posts\/4097\/revisions\/4099"}],"wp:featuredmedia":[{"embeddable":true,"href":"https:\/\/www.bfv.cloud\/ajedrezeuropa\/wp-json\/wp\/v2\/media\/4098"}],"wp:attachment":[{"href":"https:\/\/www.bfv.cloud\/ajedrezeuropa\/wp-json\/wp\/v2\/media?parent=4097"}],"wp:term":[{"taxonomy":"category","embeddable":true,"href":"https:\/\/www.bfv.cloud\/ajedrezeuropa\/wp-json\/wp\/v2\/categories?post=4097"},{"taxonomy":"post_tag","embeddable":true,"href":"https:\/\/www.bfv.cloud\/ajedrezeuropa\/wp-json\/wp\/v2\/tags?post=4097"}],"curies":[{"name":"wp","href":"https:\/\/api.w.org\/{rel}","templated":true}]}}