{"id":4100,"date":"2016-05-31T19:06:00","date_gmt":"2016-05-31T19:06:00","guid":{"rendered":"https:\/\/www.bfv.cloud\/ajedrezeuropa\/index.php\/2016\/05\/31\/nuestro-ajedrez-en-europa-domina-el-regional-del-deporte-en-edad-escolar\/"},"modified":"2025-11-20T11:12:03","modified_gmt":"2025-11-20T11:12:03","slug":"nuestro-ajedrez-en-europa-domina-el-regional-del-deporte-en-edad-escolar","status":"publish","type":"post","link":"https:\/\/www.bfv.cloud\/ajedrezeuropa\/nuestro-ajedrez-en-europa-domina-el-regional-del-deporte-en-edad-escolar\/","title":{"rendered":"\u00a1\u00a1NUESTRO AJEDREZ EN EUROPA DOMINA EL REGIONAL DEL DEPORTE EN EDAD ESCOLAR!!"},"content":{"rendered":"<div style=\"text-align: left\">\n<\/div>\n<table cellpadding=\"0\" cellspacing=\"0\" class=\"tr-caption-container\" style=\"float: right;margin-left: 1em;text-align: right\">\n<tbody>\n<tr>\n<td style=\"text-align: center\"><a href=\"https:\/\/www.bfv.cloud\/ajedrezeuropa\/wp-content\/uploads\/2016\/05\/IMG-20160531-WA003.jpg\" style=\"clear: left;margin-bottom: 1em;margin-left: auto;margin-right: auto\"><img fetchpriority=\"high\" decoding=\"async\" border=\"0\" height=\"640\" src=\"https:\/\/blogger.googleusercontent.com\/img\/b\/R29vZ2xl\/AVvXsEhUYm26grQi5CJS33uetWDovqE3b9BvpO3uJXdVM20JHlcKTXvVIyxbwJjQWShkQh44BmZ-6mYZwHtqRc07gDmqyO8XRciv6kHuLXhLUoIFBNWjxQ4aQdvB0JCNnFogFZtkA79I7kzKF2E\/s640\/IMG-20160531-WA003.jpg\" width=\"640\" \/><\/a><\/td>\n<\/tr>\n<tr>\n<td class=\"tr-caption\" style=\"text-align: center\">Nuestros jugadores en los momentos de recibir las medallas y, en la parte superior dcha,<br \/>una foto de grupo de los 11<\/td>\n<\/tr>\n<\/tbody>\n<\/table>\n<div class=\"separator\" style=\"clear: both;text-align: center\">\n<\/div>\n<div style=\"margin-bottom: .0001pt;margin: 0cm;text-align: justify\">\n<b><u><span style=\"color: #993300;font-size: 14.0pt\">5 MEDALLISTAS DE GRAN VALOR Y MUCHO M\u00c9RITO<\/span><\/u><\/b><\/div>\n<div style=\"margin-bottom: .0001pt;margin: 0cm;text-align: justify\">\n<\/div>\n<table cellpadding=\"0\" cellspacing=\"0\" class=\"tr-caption-container\" style=\"clear: right;float: right;margin-bottom: 1em;text-align: right\">\n<tbody>\n<tr>\n<td style=\"text-align: center\"><a href=\"https:\/\/www.bfv.cloud\/ajedrezeuropa\/wp-content\/uploads\/2016\/05\/IMG-20160530-WA014.jpg\" style=\"clear: right;margin-bottom: 1em;margin-left: auto;margin-right: auto\"><img decoding=\"async\" border=\"0\" height=\"378\" src=\"https:\/\/blogger.googleusercontent.com\/img\/b\/R29vZ2xl\/AVvXsEhDrgBoT0OooAi27qj5kf2lEdMTxwj5AwA62wRTYQ0ARRQv5kzG4qSW3wQ3tJaDdE2t7irQ0edcF_LDArgSTmsxwrh6Mg5NgeR4fvi8Hk34f7_nTOcA8qnT0R61py1okL0u6LcscP2FVX4\/s400\/IMG-20160530-WA014.jpg\" width=\"400\" \/><\/a><\/td>\n<\/tr>\n<tr>\n<td class=\"tr-caption\" style=\"text-align: center\">Roberto L\u00f3pez, campe\u00f3n de Castilla-La Mancha cadete<\/td>\n<\/tr>\n<\/tbody>\n<\/table>\n<div style=\"margin-bottom: .0001pt;margin: 0cm;text-align: justify\">\n<b><span style=\"font-family: Arial, sans-serif\">Despu\u00e9s<br \/>\nde 4 d\u00edas de competici\u00f3n ha finalizado la fase auton\u00f3mica del Campeonato<br \/>\nRegional del Deporte en Edad Escolar (CRDEE) que se ha celebrado en las Lagunas<br \/>\nde Ruidera. Los 54 ajedrecistas que han participado acud\u00edan tras lograr la<br \/>\nclasificaci\u00f3n en las respectivas fases provinciales disputadas a principios de<br \/>\n2016. Las 6 chicas y 5 chicos que han representado a las escuelas de ajedrez de<br \/>\nAlc\u00e1zar de San Juan y Villafranca de los Caballeros pueden contar el gran \u00e9xito<br \/>\ndeportivo con el que se ha visto culminado su esfuerzo durante estos meses. 2 oros<br \/>\n<\/span><\/b><b><span style=\"color: #0066ff\">(Marta Espinosa y Roberto L\u00f3pez)<\/span><\/b><b><span style=\"font-family: Arial, sans-serif\">,<br \/>\n2 platas <\/span><\/b><b><span style=\"color: #0066ff\">(Irene Sim\u00f3n e Isabel Marcos-Alberca)<\/span><\/b><b><span style=\"font-family: Arial, sans-serif\"><br \/>\ny un bronce <\/span><\/b><b><span style=\"color: #0066ff\">(Nuria Lozano)<\/span><\/b><b><span style=\"font-family: Arial, sans-serif\">,<br \/>\nes decir, 5 medallas sobre 12 posibles, certifican el claro dominio de NUESTRO<br \/>\nAJEDREZ EN EUROPA en esta final auton\u00f3mica. El dato m\u00e1s significativo lo<br \/>\nencontramos en la categor\u00eda femenina, donde 4 de las 6 medallistas pertenecen a<br \/>\nlas escuelas de Alc\u00e1zar y Villafranca, por segundo a\u00f1o consecutivo.<\/span><\/b><\/div>\n<div style=\"margin-bottom: .0001pt;margin: 0cm;text-align: justify\">\n<b><span style=\"font-family: Arial, sans-serif\">Este<br \/>\nimpresionante resultado deportivo iguala en cantidad al obtenido en 2015,<br \/>\naunque mejora el de entonces al cambiar un bronce por el nuevo y valioso t\u00edtulo<br \/>\nde <\/span><\/b><b><span style=\"color: #0066ff\">Roberto L\u00f3pez N\u00fa\u00f1ez<\/span><\/b><b><span style=\"font-family: Arial, sans-serif\"><br \/>\nen el cadete masculino. El m\u00e9rito es mucho mayor si tenemos en cuenta que tan<br \/>\nsolo en el cadete femenino se part\u00eda con una clara superioridad te\u00f3rica en<br \/>\nfunci\u00f3n de la valoraci\u00f3n internacional de los participantes.<\/span><\/b><\/div>\n<div style=\"margin-bottom: .0001pt;margin: 0cm;text-align: justify\">\n<\/div>\n<div style=\"margin-bottom: .0001pt;margin: 0cm;text-align: justify\">\n<b><u><span style=\"color: #993300;font-size: 14.0pt\">NUESTRO AJEDREZ EN EUROPA SE ALZA CON LOS DOS T\u00cdTULOS DE<br \/>\nCASTILLA-LA MANCHA EN LA CATEGOR\u00cdA CADETE<\/span><\/u><\/b><\/div>\n<div style=\"margin-bottom: .0001pt;margin: 0cm;text-align: justify\">\n<\/div>\n<table cellpadding=\"0\" cellspacing=\"0\" class=\"tr-caption-container\" style=\"float: right;text-align: left\">\n<tbody>\n<tr>\n<td style=\"text-align: center\"><a href=\"https:\/\/www.bfv.cloud\/ajedrezeuropa\/wp-content\/uploads\/2016\/05\/IMG-20160529-WA011.jpg\" style=\"clear: left;margin-bottom: 1em;margin-left: auto;margin-right: auto\"><img decoding=\"async\" border=\"0\" height=\"285\" src=\"https:\/\/blogger.googleusercontent.com\/img\/b\/R29vZ2xl\/AVvXsEim43HGQDVmTEZ3FZzVaCDWJ0Viy9SzPT-qqqG8g4kejVLbhyBfjvBXxRoi5RaBoFAjuKYyAheN_uUJijxeOHowHy2K231P5kKCAlyawtfNiRQARcuzCtE2pKGB2Y1rqDNjoWaSDBx261w\/s400\/IMG-20160529-WA011.jpg\" width=\"400\" \/><\/a><\/td>\n<\/tr>\n<tr>\n<td class=\"tr-caption\" style=\"text-align: center\">Marta Espinosa, campeona de Castilla-La Mancha cadete, en primer plano,<br \/>\ne Irene Sim\u00f3n, subcampeona regional, a la izqda.<\/td>\n<\/tr>\n<\/tbody>\n<\/table>\n<div style=\"margin-bottom: .0001pt;margin: 0cm;text-align: justify\">\n<b><span style=\"color: #0066ff\">Roberto L\u00f3pez N\u00fa\u00f1ez<\/span><\/b><b><span style=\"font-family: Arial, sans-serif\"> en el cadete masculino y <\/span><\/b><b><span style=\"color: #0066ff\">Marta Espinosa Gil<\/span><\/b><b><span style=\"font-family: Arial, sans-serif\"> en el cadete femenino, se hacen con<br \/>\nlas medallas de oro dentro de la categor\u00eda reservada para chicos y chicas de 15<br \/>\ny 16 a\u00f1os de edad. Adem\u00e1s, <\/span><\/b><b><span style=\"color: #0066ff\">Irene<br \/>\nSim\u00f3n Escalona<\/span><\/b><b><span style=\"font-family: Arial, sans-serif\">,<br \/>\nlogra la plata en el femenino, sumando 3 medallas a las 6 posibles entre los<br \/>\ndos cadetes y marcando una hegemon\u00eda todav\u00eda m\u00e1s clara que en temporadas<br \/>\nanteriores en el ajedrez castellano-manchego.<\/span><\/b><\/div>\n<div style=\"margin-bottom: .0001pt;margin: 0cm;text-align: justify\">\n<b><span style=\"font-family: Arial, sans-serif\">El cuarto jugador en esta<br \/>\ncategor\u00eda ha sido el alcazare\u00f1o <\/span><\/b><b><span style=\"color: #0066ff\">Julio<br \/>\nM\u00e9rida Ortiz<\/span><\/b><b><span style=\"font-family: Arial, sans-serif\">,<br \/>\nque ha terminado en el puesto 14\u00ba con 2 puntos sobre un total de 6.<\/span><\/b><\/div>\n<div style=\"margin-bottom: .0001pt;margin: 0cm;text-align: justify\">\n<\/div>\n<div style=\"margin-bottom: .0001pt;margin: 0cm;text-align: justify\">\n<b><u><span style=\"color: #993300;font-size: 14.0pt\">OTRAS DOS NUEVAS MEDALLAS EN LA CATEGOR\u00cdA INFANTIL<\/span><\/u><\/b><\/div>\n<div style=\"margin-bottom: .0001pt;margin: 0cm;text-align: justify\">\n<\/div>\n<table cellpadding=\"0\" cellspacing=\"0\" class=\"tr-caption-container\" style=\"clear: right;float: right;margin-bottom: 1em;text-align: right\">\n<tbody>\n<tr>\n<td style=\"text-align: center\"><a href=\"https:\/\/www.bfv.cloud\/ajedrezeuropa\/wp-content\/uploads\/2016\/05\/IMG-20160530-WA004.jpg\" style=\"clear: right;margin-bottom: 1em;margin-left: auto;margin-right: auto\"><img loading=\"lazy\" decoding=\"async\" border=\"0\" height=\"238\" src=\"https:\/\/blogger.googleusercontent.com\/img\/b\/R29vZ2xl\/AVvXsEh80kXs-_pC3dYuPByIADqjQ3e7_CBXkA04y_9FSzkNDWIa85nxsERxp84T6KxAMJK3mdQTonwKN3hKAUboAZUrfjDoysX6MqTLLfk6cVLmbMfGPsJvx-HDgAme5Ob5MopV85EJSXGknWg\/s400\/IMG-20160530-WA004.jpg\" width=\"400\" \/><\/a><\/td>\n<\/tr>\n<tr>\n<td class=\"tr-caption\" style=\"text-align: center\">Isabel Marcos-Alberca, plata, regresa a la final nacional representando<br \/>\na Castilla-La Mancha<\/td>\n<\/tr>\n<\/tbody>\n<\/table>\n<table cellpadding=\"0\" cellspacing=\"0\" class=\"tr-caption-container\" style=\"clear: right;float: right;margin-bottom: 1em;text-align: right\">\n<tbody>\n<tr>\n<td style=\"text-align: center\"><a href=\"https:\/\/www.bfv.cloud\/ajedrezeuropa\/wp-content\/uploads\/2016\/05\/IMG-20160530-WA005.jpg\" style=\"clear: right;margin-bottom: 1em;margin-left: auto;margin-right: auto\"><img loading=\"lazy\" decoding=\"async\" border=\"0\" height=\"288\" src=\"https:\/\/blogger.googleusercontent.com\/img\/b\/R29vZ2xl\/AVvXsEi1Zjs2Cr4zmhs9SKkORZV_k2hwow4qvFGbeKbF0vzVzdXOeMc37LzPH2qa84rHLeBCrl0ViJbicwdGUoUY3t3k3g-nGWYmpW2Sy1-bMLpuBPAdx9H_v_sW6L4KAMgYrSjFhRRryXUAf5U\/s400\/IMG-20160530-WA005.jpg\" width=\"400\" \/><\/a><\/td>\n<\/tr>\n<tr>\n<td class=\"tr-caption\" style=\"text-align: center\">Nuria Lozano, bronce, con 11 a\u00f1os<\/td>\n<\/tr>\n<\/tbody>\n<\/table>\n<div style=\"margin-bottom: .0001pt;margin: 0cm;text-align: justify\">\n<b><span style=\"font-family: Arial, sans-serif\">En<br \/>\nla categor\u00eda infantil, reservada para chicos y chicas de hasta 14 a\u00f1os, han<br \/>\nsido 7 los participantes clasificados por NUESTRO AJEDREZ EN EUROPA. El rendimiento<br \/>\nde las 4 chicas del femenino ha sido muy alto, logrando dos de ellas su<br \/>\nclasificaci\u00f3n para la fase nacional por selecciones auton\u00f3micas de finales de<br \/>\njunio en Padr\u00f3n. De esta manera, <\/span><\/b><b><span style=\"color: #0066ff\">Isabel Marcos- Alberca<br \/>\nLizcano<\/span><\/b><b><span>,<br \/>\nsuma su segunda medalla de plata entre 2015 y 2016, y <span style=\"color: #0066ff\">Nuria<br \/>\nLozano Serrano<\/span>, con tan solo 11 a\u00f1os, se cuelga el bronce y a\u00f1ade la que<br \/>\nser\u00e1 su primera participaci\u00f3n en la fase final del Campeonato de Espa\u00f1a del<br \/>\nDeporte en Edad Escolar. Tanto <span style=\"color: #0066ff\">Julia Meza Osorio<\/span>,<br \/>\n6\u00aa clasificada con 3,5 puntos, como <span style=\"color: #0066ff\">Mar\u00eda Oliver<br \/>\nRopero<\/span>, 10\u00aa con 3 puntos, han conseguido mejorar su ranking inicial y<br \/>\nhan disfrutado de oportunidades de situarse entre las 5 primeras de su<br \/>\ncategor\u00eda.<\/span><\/b><\/div>\n<table align=\"center\" cellpadding=\"0\" cellspacing=\"0\" class=\"tr-caption-container\" style=\"margin-left: auto;margin-right: auto;text-align: left\">\n<tbody>\n<tr>\n<td style=\"text-align: center\"><a href=\"https:\/\/www.bfv.cloud\/ajedrezeuropa\/wp-content\/uploads\/2016\/05\/IMG-20160529-WA004.jpg\" style=\"clear: right;margin-bottom: 1em;margin-left: auto;margin-right: auto\"><img loading=\"lazy\" decoding=\"async\" border=\"0\" height=\"276\" src=\"https:\/\/blogger.googleusercontent.com\/img\/b\/R29vZ2xl\/AVvXsEh2GRcIbHRWSs_PPnH2lyaPjGiNUNwd9lNS41dHeZXPmeBIV4IhS06VPMEXtTSO0j-0di1rwZhxq_SP9pnct22FNIr1oCQLe2kuy0H9XNEfsfLeK06u_VLDJ0FAWVanTcunEW46tio123w\/s400\/IMG-20160529-WA004.jpg\" width=\"400\" \/><\/a><\/td>\n<\/tr>\n<tr>\n<td class=\"tr-caption\" style=\"text-align: center\">En el Infantil Masculino, Alfredo Amador, finaliza<br \/>\nentre los primeros clasificados<\/td>\n<\/tr>\n<\/tbody>\n<\/table>\n<table cellpadding=\"0\" cellspacing=\"0\" class=\"tr-caption-container\" style=\"clear: right;float: left;margin-bottom: 1em;text-align: left\">\n<tbody>\n<tr>\n<td style=\"text-align: center\"><a href=\"https:\/\/www.bfv.cloud\/ajedrezeuropa\/wp-content\/uploads\/2016\/05\/IMG-20160529-WA006.jpg\" style=\"clear: left;margin-bottom: 1em;margin-left: auto;margin-right: auto\"><img loading=\"lazy\" decoding=\"async\" border=\"0\" height=\"320\" src=\"https:\/\/blogger.googleusercontent.com\/img\/b\/R29vZ2xl\/AVvXsEhfnXXUkWRHwLGrGsDqnkPsxhnkRZN48qhVJzKkKo7K51yCaRStOmcmNvOrwlLNNGf_WRcm-gFMj1lNjKSEg_dXgxBP9sn8l4l_PKqXGxopIPqI0O0Hh2kOmj1w3hNh_XMHxSktB024B00\/s320\/IMG-20160529-WA006.jpg\" width=\"309\" \/><\/a><\/td>\n<\/tr>\n<tr>\n<td class=\"tr-caption\" style=\"text-align: center\">Arturo Mate ante el tablero en una de las rondas<\/td>\n<\/tr>\n<\/tbody>\n<\/table>\n<div style=\"margin-bottom: .0001pt;margin: 0cm;text-align: justify\">\n<b><span>Por su<br \/>\nparte, a los 3 chicos del infantil masculino les ha faltado ese punto de<br \/>\nexperiencia y tranquilidad que les hubiera acercado a los puestos de cabeza en<br \/>\nalgunos momentos del torneo. Con el trabajo que vienen desarrollando seguir\u00e1n<br \/>\ncreciendo y mejorando, contando con la ventaja del apoyo de un grupo numeroso de<br \/>\ncompa\u00f1eros con los que continuar\u00e1n compartiendo vivencias y conocimientos.<\/span><\/b><\/div>\n<p><\/p>\n<div style=\"margin-bottom: .0001pt;margin: 0cm;text-align: justify\">\n<b><span>Estos han<br \/>\nsido sus resultados: <span style=\"color: #0066ff\">Alfredo Amador And\u00fajar<\/span>,<br \/>\n6\u00ba puesto con 3,5 puntos; <span style=\"color: #0066ff\">Arturo Mate Mart\u00edn<\/span>,<br \/>\n11\u00ba con 2,5 puntos; y <span style=\"color: #0066ff\">Enrique Velasco Aragon\u00e9s<\/span>,<br \/>\n13\u00ba con 2 puntos.<\/span><\/b><\/div>\n<div style=\"margin-bottom: .0001pt;margin: 0cm;text-align: justify\">\n<b><span>\u00a1\u00a1Enhorabuena a todos!!&nbsp;<\/span><\/b><span><\/span><\/div>\n<div style=\"text-align: right\">\n<\/div>\n<p><\/p>\n<div class=\"separator\" style=\"clear: both;text-align: center\">\n<\/div>\n<div class=\"separator\" style=\"clear: both;text-align: center\">\n<\/div>\n","protected":false},"excerpt":{"rendered":"<p>Nuestros jugadores en los momentos de recibir las medallas y, en la parte superior dcha,una foto de grupo de los 11 5 MEDALLISTAS DE GRAN VALOR Y MUCHO M\u00c9RITO Roberto L\u00f3pez, campe\u00f3n de Castilla-La Mancha cadete Despu\u00e9s de 4 d\u00edas de competici\u00f3n ha finalizado la fase auton\u00f3mica del Campeonato Regional del Deporte en Edad Escolar [&hellip;]<\/p>\n","protected":false},"author":1,"featured_media":4101,"comment_status":"open","ping_status":"closed","sticky":false,"template":"","format":"standard","meta":{"footnotes":""},"categories":[1],"tags":[],"class_list":["post-4100","post","type-post","status-publish","format-standard","has-post-thumbnail","hentry","category-noticias"],"_links":{"self":[{"href":"https:\/\/www.bfv.cloud\/ajedrezeuropa\/wp-json\/wp\/v2\/posts\/4100","targetHints":{"allow":["GET"]}}],"collection":[{"href":"https:\/\/www.bfv.cloud\/ajedrezeuropa\/wp-json\/wp\/v2\/posts"}],"about":[{"href":"https:\/\/www.bfv.cloud\/ajedrezeuropa\/wp-json\/wp\/v2\/types\/post"}],"author":[{"embeddable":true,"href":"https:\/\/www.bfv.cloud\/ajedrezeuropa\/wp-json\/wp\/v2\/users\/1"}],"replies":[{"embeddable":true,"href":"https:\/\/www.bfv.cloud\/ajedrezeuropa\/wp-json\/wp\/v2\/comments?post=4100"}],"version-history":[{"count":1,"href":"https:\/\/www.bfv.cloud\/ajedrezeuropa\/wp-json\/wp\/v2\/posts\/4100\/revisions"}],"predecessor-version":[{"id":4108,"href":"https:\/\/www.bfv.cloud\/ajedrezeuropa\/wp-json\/wp\/v2\/posts\/4100\/revisions\/4108"}],"wp:featuredmedia":[{"embeddable":true,"href":"https:\/\/www.bfv.cloud\/ajedrezeuropa\/wp-json\/wp\/v2\/media\/4101"}],"wp:attachment":[{"href":"https:\/\/www.bfv.cloud\/ajedrezeuropa\/wp-json\/wp\/v2\/media?parent=4100"}],"wp:term":[{"taxonomy":"category","embeddable":true,"href":"https:\/\/www.bfv.cloud\/ajedrezeuropa\/wp-json\/wp\/v2\/categories?post=4100"},{"taxonomy":"post_tag","embeddable":true,"href":"https:\/\/www.bfv.cloud\/ajedrezeuropa\/wp-json\/wp\/v2\/tags?post=4100"}],"curies":[{"name":"wp","href":"https:\/\/api.w.org\/{rel}","templated":true}]}}