{"id":4113,"date":"2012-11-13T00:20:00","date_gmt":"2012-11-13T00:20:00","guid":{"rendered":"https:\/\/www.bfv.cloud\/ajedrezeuropa\/index.php\/2012\/11\/13\/primera-jornada-del-provincial-por-equipos-de-toledo\/"},"modified":"2025-11-20T11:12:12","modified_gmt":"2025-11-20T11:12:12","slug":"primera-jornada-del-provincial-por-equipos-de-toledo","status":"publish","type":"post","link":"https:\/\/www.bfv.cloud\/ajedrezeuropa\/primera-jornada-del-provincial-por-equipos-de-toledo\/","title":{"rendered":"PRIMERA JORNADA DEL PROVINCIAL POR EQUIPOS DE TOLEDO"},"content":{"rendered":"<p>\ufeff <\/p>\n<table cellpadding=\"0\" cellspacing=\"0\" class=\"tr-caption-container\" style=\"float: right;margin-left: 1em;text-align: right\">\n<tbody>\n<tr>\n<td style=\"text-align: center\"><a href=\"https:\/\/www.bfv.cloud\/ajedrezeuropa\/wp-content\/uploads\/2012\/11\/FOTOSABSTOLEDO013.jpg\" style=\"clear: right;margin-bottom: 1em;margin-left: auto;margin-right: auto\"><img fetchpriority=\"high\" decoding=\"async\" border=\"0\" height=\"300\" src=\"https:\/\/blogger.googleusercontent.com\/img\/b\/R29vZ2xl\/AVvXsEiSQTuJ28Cy3wtRjnyDJcDv9h3uasm_ChwVXeMvimy0Tw2H5SMxArmG0zxvAXe7GpGHpWHQju_pPUpj3BPO_M7OzXy-yRu9glsnz8YOok26KaVfUtXfVAqC-1bmdh5S2uFpsQ5lIhfjI68\/s400\/FOTOS+ABS+TOLEDO+013.jpg\" width=\"400\" \/><\/a><\/td>\n<\/tr>\n<tr>\n<td class=\"tr-caption\" style=\"text-align: center\">Nuestro Ajedrez en Europa \u00abB\u00bb, con Santiago, Jorge, Isaac y Javier<\/td>\n<\/tr>\n<\/tbody>\n<\/table>\n<p>\ufeff<br \/>\n&nbsp;<span style=\"color: blue;font-family: Verdana, sans-serif\">El pasado domingo se disputaban las 2 primeras rondas del campeonato por equipos absoluto de Toledo. El torneo vuelve a reivindicarse como el encuentro ajedrec\u00edstico oficial de mayor nivel en nuestra provincia, reuniendo a sus mejores clubes y a buena parte de los valores m\u00e1s j\u00f3venes de nuestro deporte en Castilla-La Mancha. Si adem\u00e1s&nbsp;el equipo m\u00e1s destacado del ranking inicial, el Club de Ajedrez Talavera, se presenta con los&nbsp;4 primeros jugadores de su orden de fuerza desde la 1\u00aa ronda, demostrando su respeto por la competici\u00f3n, podemos asegurar&nbsp;nuestro&nbsp;m\u00e1ximo inter\u00e9s por este&nbsp;provincial.&nbsp;&nbsp;<\/span><br \/>\n\ufeff <\/p>\n<table cellpadding=\"0\" cellspacing=\"0\" class=\"tr-caption-container\" style=\"float: right;margin-left: 1em;text-align: right\">\n<tbody>\n<tr>\n<td style=\"text-align: center\"><a href=\"https:\/\/www.bfv.cloud\/ajedrezeuropa\/wp-content\/uploads\/2012\/11\/FOTOSABSTOLEDO002.jpg\" style=\"clear: right;margin-bottom: 1em;margin-left: auto;margin-right: auto\"><img decoding=\"async\" border=\"0\" height=\"300\" src=\"https:\/\/blogger.googleusercontent.com\/img\/b\/R29vZ2xl\/AVvXsEgP8gT9Qgl_vw9AFPjibPoILZvc5I_LmNkXhNM18e6J9Pdr7pFgwZ13L1b6fa810mGraEoO9SpVcj3-z0ZDuJB59NNxXvi9LjgZr1YBw6a8nt4G2IN7EnJ_d5tbODfP6dkRlHc_pxQP2zc\/s400\/FOTOS+ABS+TOLEDO+002.jpg\" width=\"400\" \/><\/a><\/td>\n<\/tr>\n<tr>\n<td class=\"tr-caption\" style=\"text-align: center\">El equipo de 1\u00aa divisi\u00f3n de Nuestro Ajedrez por la Igualdad jug\u00f3 con<br \/>\nAntonio, Jos\u00e9 Luis, Carlos, Enrique y Ra\u00fal<\/td>\n<\/tr>\n<\/tbody>\n<\/table>\n<p>\ufeff<br \/>\n&nbsp;<span style=\"color: blue;font-family: Verdana, sans-serif\">En esta ocasi\u00f3n, nuestros equipos, han mezclado la experiencia de nuestros jugadores de mayor nivel con otros chicos y chicas que contin\u00faan en&nbsp;plena etapa de formaci\u00f3n. Esta nueva experiencia ha provocado que tengamos 2 formaciones representantes de Nuestro Ajedrez en Europa&nbsp;de similares caracter\u00edsticas, aunque manteniendo un nivel medio-alto en ambas,&nbsp;y una tercera con Nuestro Ajedrez por la Igualdad,&nbsp;tambi\u00e9n con un planteamiento novedoso, gracias a la uni\u00f3n&nbsp;de antiguos alumnos con chicos y chicas de gran proyecci\u00f3n a medio y largo plazo.<\/span>\ufeff <\/p>\n<table cellpadding=\"0\" cellspacing=\"0\" class=\"tr-caption-container\" style=\"float: left;margin-right: 1em;text-align: left\">\n<tbody>\n<tr>\n<td style=\"text-align: center\"><a href=\"https:\/\/www.bfv.cloud\/ajedrezeuropa\/wp-content\/uploads\/2012\/11\/FOTOSABSTOLEDO007.jpg\" style=\"clear: left;margin-bottom: 1em;margin-left: auto;margin-right: auto\"><img decoding=\"async\" border=\"0\" height=\"300\" src=\"https:\/\/blogger.googleusercontent.com\/img\/b\/R29vZ2xl\/AVvXsEh3Uw3oJeCHVerIzgDQxj469LmWz8FrAxaGqQY8IiSE6_pbuxMJfsGkRCL1iKLPwXUlZIhJngWx7BGyfdh4S-GztwOQqAliR5Z5R2KVsF6DlhSIAlw0nG17H1FLWDaSJpamJaxZJhKPJJU\/s400\/FOTOS+ABS+TOLEDO+007.jpg\" width=\"400\" \/><\/a><\/td>\n<\/tr>\n<tr>\n<td class=\"tr-caption\" style=\"text-align: center\">Daniel, Jos\u00e9 \u00c1ngel, Leo y Silvia compusieron el equipo de<br \/>\nNuestro Ajedrez en Europa \u00abA\u00bb<\/p>\n<div align=\"left\">\n<span style=\"color: blue;font-family: Verdana;font-size: small\">El pr\u00f3ximo domingo, 18 de noviembre, comenzar\u00e1 la 2 \u00aa divisi\u00f3n de este provincial, donde estaremos presentes con 2 equipos de jovenc\u00edsimos alumnos y alumnas. El ritmo de juego, 50 minutos + 5 segundos por jugada, y la disputa de 2 \u00fanicas rondas diarias en jornada matinal, propician la presencia de estos chicos y chicas a pesar del esfuerzo permanente del largo desplazamiento. De esta forma, el orden de fuerza de nuestros equipos es el siguiente:<\/span><\/div>\n<div align=\"left\">\n<\/div>\n<div align=\"center\">\n<u><span style=\"color: blue;font-family: Verdana;font-size: small\">Nuestro Ajedrez por la Igualdad \u00abB\u00bb<\/span><\/u><\/div>\n<div align=\"center\">\n<span style=\"color: blue;font-family: Verdana;font-size: small\">1.- Julio M\u00e9rida<\/span><\/div>\n<div align=\"center\">\n<span style=\"color: blue;font-family: Verdana;font-size: small\">2.- Iv\u00e1n Valencia<\/span><\/div>\n<div align=\"center\">\n<span style=\"color: blue;font-family: Verdana;font-size: small\">3.- Samuel Ortiz<\/span><\/div>\n<div align=\"center\">\n<span style=\"color: blue;font-family: Verdana;font-size: small\">4.- Enrique Velasco<\/span><\/div>\n<div align=\"center\">\n<span style=\"color: blue;font-family: Verdana;font-size: small\">5.- Isabel Marcos-Alberca<\/span><\/div>\n<div align=\"center\">\n<span style=\"color: blue;font-family: Verdana;font-size: small\">6.- Mar\u00eda Oliver<\/span><\/div>\n<div align=\"center\">\n<span style=\"color: blue;font-family: Verdana;font-size: small\">7.- Julia Meza<\/span><\/div>\n<div align=\"center\">\n<\/div>\n<div align=\"center\">\n<u><span style=\"color: blue;font-family: Verdana;font-size: small\">Nuestro Ajedrez en Europa \u00abC\u00bb<\/span><\/u><\/div>\n<div align=\"center\">\n<span style=\"color: blue;font-family: Verdana;font-size: small\">1.- Rub\u00e9n Escribano<\/span><\/div>\n<div align=\"center\">\n<span style=\"color: blue;font-family: Verdana;font-size: small\">2.- Arturo Mate<\/span><\/div>\n<div align=\"center\">\n<span style=\"color: blue;font-family: Verdana;font-size: small\">3.- Alba P\u00edriz<\/span><\/div>\n<div align=\"center\">\n<span style=\"color: blue;font-family: Verdana;font-size: small\">4.- Marta Espinosa<\/span><\/div>\n<div align=\"center\">\n<span style=\"color: blue;font-family: Verdana;font-size: small\">5.- \u00c1lvaro S\u00e1nchez-Mateos<\/span><\/div>\n<div align=\"center\">\n<span style=\"color: blue;font-family: Verdana;font-size: small\">6.- \u00d3scar Roncero<\/span><\/div>\n<div align=\"center\">\n<span style=\"color: blue;font-family: Verdana;font-size: small\">7.- Pablo Vela<\/span><\/div>\n<div align=\"center\">\n\ufeff<\/div>\n<h2>\n<u><span style=\"color: purple\">EL ASCENSO DE LOS HOMBRES V.A.S.O.<\/span><\/u><\/h2>\n<p>\n<a href=\"https:\/\/www.bfv.cloud\/ajedrezeuropa\/wp-content\/uploads\/2012\/11\/VASO.jpg\" style=\"clear: left;float: left;margin-bottom: 1em;margin-right: 1em\"><img loading=\"lazy\" decoding=\"async\" border=\"0\" height=\"320\" src=\"https:\/\/blogger.googleusercontent.com\/img\/b\/R29vZ2xl\/AVvXsEi_3OgkeB2dJuMVgRFz4591GgtQ3YG0yVFcv_Demb-tfCfhoyXEaSemtpFbvnQ4n_VdmxihRT_sFtuquLSPkfuuNdwklqAhbTS3dd2t_IqYG6WlJ-ZF5y8fSPvOSlroq9e_qrRMjD2FOdY\/s320\/VASO.jpg\" width=\"320\" \/><\/a><\/p>\n<h4>\n<span style=\"color: purple\">Es sabido que cada deporte tiene sus propias caracter\u00edsticas y que cada competici\u00f3n tambi\u00e9n se diferencia por particularidades que le son propias e intransferibles. En el caso del provincial por equipos de Toledo en su categor\u00eda absoluta, son varios los elementos que lo distinguen de otros campeonatos. Hoy, queremos se\u00f1alar la singular presencia de los hombres V.A.S.O. (como deseamos&nbsp;que le ech\u00e9is imaginaci\u00f3n, no desvelaremos su significado, por el momento). Esta estirpe de hombres maduros&nbsp;ha ido cobrando notoriedad, precisamente en esta competici\u00f3n, a lo largo de los \u00faltimos a\u00f1os bajo la alargada sombra de los anteriormente famosos J.A.S.P. (J\u00f3venes Aunque Sobradamente Preparados). Descubramos ya la importante dedicaci\u00f3n que vienen desarrollando. Por suerte, en el ajedrez de Toledo hay varios hombres V.A.S.O., ellos son grandes jugadores de ajedrez que mutaron en monitores y entrenadores de escuelas de iniciaci\u00f3n y perfeccionamiento, pero que no olvidan sus or\u00edgenes y que con absoluta fidelidad a estos, a\u00f1o tras a\u00f1o, su enorme desparpajo, les acerca al tablero con el sano \u00e1nimo de laminar a todos sus rivales y florecer con el equipo de sus sue\u00f1os. Con un \u00e1nimo tan po\u00e9tico, en ocasiones, la situaci\u00f3n deportiva de los equipos les fuerza, les obliga, les condena, a tener que enfrentarse con sus propios alumnos y alumnas. Seguramente que, bien visto, esto tambi\u00e9n formar\u00e1 parte de la \u201csecci\u00f3n aprendizaje\u201d que dise\u00f1an estos curtidos preparadores. Est\u00e1 muy claro que, de no ser as\u00ed, cabr\u00eda preguntarse la \u00faltima finalidad de la disputa directa entre profesor y alumno (o alumna) dentro de una competici\u00f3n oficial valedera para un t\u00edtulo provincial. Ahondando en el enmara\u00f1ado terreno de las interrogantes abiertas, planteemos varias posibilidades u objetivos concretos: \u00bfpodr\u00eda ser la b\u00fasqueda de la supremac\u00eda de la experiencia y el conocimiento sobre la irreflexiva e inocente juventud?; quiz\u00e1s \u00bfuna nueva y revolucionaria terapia para aplacar los maltrechos nervios de los propios entrenadores?; \u00bfpodr\u00eda ser que estos avezados jugadores\/monitores tuvieran m\u00e1s derechos a jugar competiciones oficiales que sus propios alumnos o alumnas, ya que ocupan con disimulada gracia y soltura el tablero que les corresponder\u00eda a alguno de sus j\u00f3venes ajedrecistas?; \u00bfo acaso es, sencillamente, una palpable y rotunda demostraci\u00f3n de que algunos de estos hombres V.A.S.O., cuarentones y hasta setentones, a\u00fan est\u00e1n en edad de ser \u201cpromocionables\u201d y desean recibir, en su merecida e imparable ascensi\u00f3n al olimpo ajedrec\u00edstico, el apoyo financiero y pol\u00edtico de las instituciones p\u00fablicas?&nbsp;<\/span><span style=\"color: purple\">Como dijera un autor cl\u00e1sico: \u201cNo se sabe, es un misterio\u201d. Aunque debemos reconocer que alguno de estos hombres V.A.S.O. merecer\u00eda tambi\u00e9n poder participar como flamante jugador en su propio equipo de la categor\u00eda sub-16, siendo como&nbsp;es un joven en plena evoluci\u00f3n,&nbsp;una&nbsp; jovenc\u00edsima promesa, tanto de mentalidad como de esp\u00edritu, no hay derecho a que permanezca \u201cencerrado\u201d en un cuerpo demasiado viejo que no le permite competir con sus iguales.<\/span><\/h4>\n<\/td>\n<\/tr>\n<\/tbody>\n<\/table>\n<p>\ufeff\ufeff <\/p>\n","protected":false},"excerpt":{"rendered":"<p>\ufeff Nuestro Ajedrez en Europa \u00abB\u00bb, con Santiago, Jorge, Isaac y Javier \ufeff &nbsp;El pasado domingo se disputaban las 2 primeras rondas del campeonato por equipos absoluto de Toledo. El torneo vuelve a reivindicarse como el encuentro ajedrec\u00edstico oficial de mayor nivel en nuestra provincia, reuniendo a sus mejores clubes y a buena parte de [&hellip;]<\/p>\n","protected":false},"author":1,"featured_media":4114,"comment_status":"open","ping_status":"closed","sticky":false,"template":"","format":"standard","meta":{"footnotes":""},"categories":[1],"tags":[],"class_list":["post-4113","post","type-post","status-publish","format-standard","has-post-thumbnail","hentry","category-noticias"],"_links":{"self":[{"href":"https:\/\/www.bfv.cloud\/ajedrezeuropa\/wp-json\/wp\/v2\/posts\/4113","targetHints":{"allow":["GET"]}}],"collection":[{"href":"https:\/\/www.bfv.cloud\/ajedrezeuropa\/wp-json\/wp\/v2\/posts"}],"about":[{"href":"https:\/\/www.bfv.cloud\/ajedrezeuropa\/wp-json\/wp\/v2\/types\/post"}],"author":[{"embeddable":true,"href":"https:\/\/www.bfv.cloud\/ajedrezeuropa\/wp-json\/wp\/v2\/users\/1"}],"replies":[{"embeddable":true,"href":"https:\/\/www.bfv.cloud\/ajedrezeuropa\/wp-json\/wp\/v2\/comments?post=4113"}],"version-history":[{"count":1,"href":"https:\/\/www.bfv.cloud\/ajedrezeuropa\/wp-json\/wp\/v2\/posts\/4113\/revisions"}],"predecessor-version":[{"id":4118,"href":"https:\/\/www.bfv.cloud\/ajedrezeuropa\/wp-json\/wp\/v2\/posts\/4113\/revisions\/4118"}],"wp:featuredmedia":[{"embeddable":true,"href":"https:\/\/www.bfv.cloud\/ajedrezeuropa\/wp-json\/wp\/v2\/media\/4114"}],"wp:attachment":[{"href":"https:\/\/www.bfv.cloud\/ajedrezeuropa\/wp-json\/wp\/v2\/media?parent=4113"}],"wp:term":[{"taxonomy":"category","embeddable":true,"href":"https:\/\/www.bfv.cloud\/ajedrezeuropa\/wp-json\/wp\/v2\/categories?post=4113"},{"taxonomy":"post_tag","embeddable":true,"href":"https:\/\/www.bfv.cloud\/ajedrezeuropa\/wp-json\/wp\/v2\/tags?post=4113"}],"curies":[{"name":"wp","href":"https:\/\/api.w.org\/{rel}","templated":true}]}}