{"id":4119,"date":"2015-11-19T00:24:00","date_gmt":"2015-11-19T00:24:00","guid":{"rendered":"https:\/\/www.bfv.cloud\/ajedrezeuropa\/index.php\/2015\/11\/19\/nuestro-ajedrez-en-europa-lidera-el-campeonato-por-equipos-de-toledo\/"},"modified":"2025-11-20T11:12:20","modified_gmt":"2025-11-20T11:12:20","slug":"nuestro-ajedrez-en-europa-lidera-el-campeonato-por-equipos-de-toledo","status":"publish","type":"post","link":"https:\/\/www.bfv.cloud\/ajedrezeuropa\/nuestro-ajedrez-en-europa-lidera-el-campeonato-por-equipos-de-toledo\/","title":{"rendered":"NUESTRO AJEDREZ EN EUROPA LIDERA EL CAMPEONATO POR EQUIPOS DE TOLEDO"},"content":{"rendered":"<div class=\"separator\" style=\"clear: both;text-align: center\">\n<\/div>\n<h4>\n<table cellpadding=\"0\" cellspacing=\"0\" class=\"tr-caption-container\" style=\"float: right;margin-left: 1em;text-align: right\">\n<tbody>\n<tr>\n<td style=\"text-align: center\"><a href=\"https:\/\/www.bfv.cloud\/ajedrezeuropa\/wp-content\/uploads\/2015\/11\/SAM_2270.jpg\" style=\"clear: right;margin-bottom: 1em;margin-left: auto;margin-right: auto\"><img fetchpriority=\"high\" decoding=\"async\" border=\"0\" height=\"300\" src=\"https:\/\/blogger.googleusercontent.com\/img\/b\/R29vZ2xl\/AVvXsEjJDDUsNC6PbvAaQFthzHmNHP4-_WMoZ7lc-PyeiFhjyt3r9ujCzNO1AjqCb1veGtesxFMn5fi_0WU53JnCAsAPQytBFtVDUCMdWSkihVTCQzpBJOHyW4yDp4wyg6GEKbbcDwjAiTSo_VI\/s400\/SAM_2270.JPG\" width=\"400\" \/><\/a><\/td>\n<\/tr>\n<tr>\n<td class=\"tr-caption\" style=\"text-align: center\">NUESTRO AJEDREZ EN EUROPA \u00abA\u00bb al frente del provincial por<br \/>equipos de 1\u00aa Divisi\u00f3n<\/td>\n<\/tr>\n<\/tbody>\n<\/table>\n<div style=\"margin-bottom: .0001pt;margin: 0cm\">\n<span style=\"font-family: Arial, sans-serif;font-size: 13.5pt;font-weight: normal\">El pasado domingo se celebr\u00f3 la<br \/>\n2\u00aa jornada del Campeonato Provincial por Equipos de 1\u00aa Divisi\u00f3n de Toledo,<br \/>\ndisput\u00e1ndose las rondas 3\u00aa y 4\u00aa. El equipo de NUESTRO AJEDREZ EN EUROPA \u201cA\u201d,<br \/>\nvigente campe\u00f3n de la categor\u00eda, lidera en solitario la clasificaci\u00f3n<br \/>\nprovisional con 8 puntos, despu\u00e9s de sumar 4 victorias en otros tantos<br \/>\nencuentros. En segunda posici\u00f3n se sit\u00faa el pr\u00f3ximo rival del club manchego,&nbsp; el TODOM\u00d3VIL TALAVERA, con 6 puntos. <\/span><\/div>\n<div style=\"margin-bottom: .0001pt;margin: 0cm\">\n<span style=\"font-family: Arial, sans-serif;font-size: 13.5pt;font-weight: normal\">Son un total de 11 las<br \/>\nformaciones participantes en este campeonato, entre las que se encuentran 3 m\u00e1s<br \/>\npertenecientes al proyecto que integran las localidades de Alc\u00e1zar de San Juan<br \/>\ny Villafranca de los Caballeros, el \u201cB\u201d de EUROPA y los dos representantes del<br \/>\nCLUB NUESTRO AJEDREZ POR LA IGUALDAD. En los cuadros siguientes completamos<br \/>\ntoda la informaci\u00f3n, con la publicaci\u00f3n de la clasificaci\u00f3n despu\u00e9s de la ronda<br \/>\n4 y el emparejamiento de la 5\u00aa.&nbsp; <\/span><span style=\"font-size: 13.5pt\"><\/span><\/div>\n<div style=\"margin-bottom: .0001pt;margin: 0cm\">\n<span style=\"font-family: Arial, sans-serif;font-size: 13.5pt;font-weight: normal\"><br \/><\/span><\/div>\n<div class=\"separator\" style=\"clear: both;text-align: center\">\n<a href=\"https:\/\/www.bfv.cloud\/ajedrezeuropa\/wp-content\/uploads\/2015\/11\/CLASIF125C225AAR-4.jpg\" style=\"margin-left: 1em;margin-right: 1em\"><img decoding=\"async\" border=\"0\" height=\"340\" src=\"https:\/\/blogger.googleusercontent.com\/img\/b\/R29vZ2xl\/AVvXsEgunzflBRceaQiiHtPCmssfO8bmvplKt7MomG5HmIWHXA3bBYAtSCS2K9f8TNr2Gm6YofpMWK6mvreWMQC-w4TE82U9D0wgf2w3SSK4wht_bcEwEoWkOsBhZq__rDfXy77MBdAJDeD36es\/s640\/CLASIF+1%25C2%25AA+R-4.jpg\" width=\"640\" \/><\/a><\/div>\n<p><\/p>\n<div class=\"separator\" style=\"clear: both;text-align: center\">\n<a href=\"https:\/\/www.bfv.cloud\/ajedrezeuropa\/wp-content\/uploads\/2015\/11\/EMP125C225AAR-5.jpg\" style=\"margin-left: 1em;margin-right: 1em\"><img decoding=\"async\" border=\"0\" height=\"176\" src=\"https:\/\/blogger.googleusercontent.com\/img\/b\/R29vZ2xl\/AVvXsEjvAK5WlAjp5EIy_Ep1MlGiv3ge1k4QjvMpBcCpSb7Ad22RiZokXSp3qPqzvQnA7x9-_Jm_On29Tju2HAra4zmeuVqmsisqfy9n2gFkX4ce0R1Fz7jjDvAftOKMDoQrvos-VVf7qese3Tg\/s640\/EMP+1%25C2%25AA+R-5.jpg\" width=\"640\" \/><\/a><\/div>\n<div style=\"margin-bottom: .0001pt;margin: 0cm\">\n<\/div>\n<div style=\"margin-bottom: .0001pt;margin: 0cm\">\n<b><u><span style=\"color: #333399;font-size: 13.5pt\">CON 33 AJEDRECISTAS DE ENTRE 9 Y 72 A\u00d1OS<\/span><\/u><\/b><\/div>\n<div style=\"margin-bottom: .0001pt;margin: 0cm\">\n<b><u><span style=\"color: #333399;font-size: 13.5pt\"><br \/><\/span><\/u><\/b><\/div>\n<div style=\"margin-bottom: .0001pt;margin: 0cm\">\n<span style=\"color: #333399;font-family: Arial, sans-serif;font-size: 13.5pt;font-weight: normal\">Un total de 33 ajedrecistas, con 9 jugadoras entre ellos, forman parte de los 4 equipos que ha presentado el proyecto en la m\u00e1xima categor\u00eda del ajedrez toledano. La realidad es que en funci\u00f3n de la cantidad y de su alto nivel de calidad la representaci\u00f3n del proyecto NUESTRO AJEDREZ EN EUROPA es la m\u00e1s importante de todos los participantes.<\/span><\/div>\n<div style=\"margin-bottom: .0001pt;margin: 0cm\">\n<span style=\"color: #333399;font-family: Arial, sans-serif;font-size: 13.5pt;font-weight: normal\"><br \/><\/span><\/div>\n<\/h4>\n<h4>\n<span style=\"color: #990000\"><br \/>\n&nbsp;<span style=\"font-family: Arial, Helvetica, sans-serif\"><u>UN IMPORTANTE ACONTECIMIENTO: EL REGRESO A LOS TABLEROS DE FERNANDO VISIER, UNA LEYENDA DEL AJEDREZ ESPA\u00d1OL<\/u>&nbsp;<\/span><\/span><\/h4>\n<table align=\"center\" cellpadding=\"0\" cellspacing=\"0\" class=\"tr-caption-container\" style=\"margin-left: auto;margin-right: auto;text-align: center\">\n<tbody>\n<tr>\n<td style=\"text-align: center\"><a href=\"https:\/\/www.bfv.cloud\/ajedrezeuropa\/wp-content\/uploads\/2015\/11\/IMG_20151108_100510.jpg\" style=\"margin-left: auto;margin-right: auto\"><img loading=\"lazy\" decoding=\"async\" border=\"0\" height=\"324\" src=\"https:\/\/blogger.googleusercontent.com\/img\/b\/R29vZ2xl\/AVvXsEgt_-thNnakrHsE3hRzGLPbZU1vT0HD7sm7uXavgT-yy9duj9Ib3PPYZ7hR_qGGjRltRqxOK-U3yqY2Frkk4NKftjnAufW4YWubqYm3gnN0s9SI6bT2pwAVZGd7LKPcV0JLZ5XaCUeTqnQ\/s640\/IMG_20151108_100510.jpg\" width=\"640\" \/><\/a><\/td>\n<\/tr>\n<tr>\n<td class=\"tr-caption\" style=\"text-align: center\">El regreso del que fuera doble campe\u00f3n de Espa\u00f1a, Fernando Visier Segovia, a los tableros tuvo lugar<br \/>\ncon uno de nuestros equipos y ante el jugador m\u00e1s joven del campeonato: <br \/>\nnuestro alumno&nbsp;Alonso L\u00f3pez de 8 a\u00f1os&nbsp;<\/td>\n<\/tr>\n<\/tbody>\n<\/table>\n<p><span style=\"color: #333399;font-family: Arial, sans-serif\"><span style=\"font-size: 18px\"><b><u>1\u00aa JORNADA EN PROMOCI\u00d3N DEPORTIVA<\/u><\/b><\/span><\/span><br \/>\n<span style=\"color: #333399;font-family: Arial, sans-serif\"><span style=\"font-size: 18px\">Este mismo domingo comenzaba el torneo de promoci\u00f3n deportiva con la presencia de los equipos \u00abC\u00bb de NUESTRO AJEDREZ EN EUROPA y de NUESTRO AJEDREZ POR LA IGUALDAD. Una mezcla entre los alumnos m\u00e1s peque\u00f1os de las escuelas deportivas y aficionados con ganas de tener nuevas experiencias en el mundo de la competici\u00f3n reflejan el conjunto de jugadores que se acercan a este torneo. A continuaci\u00f3n dejamos los cuadros informativos de la situaci\u00f3n del torneo despu\u00e9s de las 2 rondas iniciales:<\/span><\/span><br \/>\n<span style=\"color: #333399;font-family: Arial, sans-serif\"><span style=\"font-size: 18px\"><br \/><\/span><\/span><\/p>\n<div class=\"separator\" style=\"clear: both;text-align: center\">\n<a href=\"https:\/\/www.bfv.cloud\/ajedrezeuropa\/wp-content\/uploads\/2015\/11\/CLASIFPROMOCI25C32593NR-2.jpg\" style=\"margin-left: 1em;margin-right: 1em\"><img loading=\"lazy\" decoding=\"async\" border=\"0\" height=\"396\" src=\"https:\/\/blogger.googleusercontent.com\/img\/b\/R29vZ2xl\/AVvXsEiNcCyDsUF0uNL7FXy72kAWmr1qvKD_d_8EIatShB3DpsWQM9ICvKAmrzZr2KrZaDhSBg1flf0zgW0vqYOEKti3lof6VAUSLEkmjGySnKG6YRt4UGhjawDS0EGuhxUTUeXD7u9UfrcqeZo\/s640\/CLASIF+PROMOCI%25C3%2593N+R-2.jpg\" width=\"640\" \/><\/a><\/div>\n<p><\/p>\n<div class=\"separator\" style=\"clear: both;text-align: center\">\n<a href=\"https:\/\/www.bfv.cloud\/ajedrezeuropa\/wp-content\/uploads\/2015\/11\/EMPPROMOCR-3.jpg\" style=\"margin-left: 1em;margin-right: 1em\"><img loading=\"lazy\" decoding=\"async\" border=\"0\" height=\"212\" src=\"https:\/\/blogger.googleusercontent.com\/img\/b\/R29vZ2xl\/AVvXsEjJzlne-CY6cfp3tQkT6J1WOyjMOD_oqTm4erIhX4bwOJh3PZcegXgGxBcbiUxYc3Y-bFnXF7Cs4eGkhKVBlYcTx8eDPpow7Eg4okcjfWckZ3McXv91D7R2Ben32k6kyDftjZlL3jmAO8U\/s640\/EMP+PROMOC+R-3.jpg\" width=\"640\" \/><\/a><\/div>\n<p><span style=\"color: #333399;font-family: Arial, sans-serif\"><span style=\"font-size: 18px\"><br \/><\/span><\/span><\/p>\n","protected":false},"excerpt":{"rendered":"<p>NUESTRO AJEDREZ EN EUROPA \u00abA\u00bb al frente del provincial porequipos de 1\u00aa Divisi\u00f3n El pasado domingo se celebr\u00f3 la 2\u00aa jornada del Campeonato Provincial por Equipos de 1\u00aa Divisi\u00f3n de Toledo, disput\u00e1ndose las rondas 3\u00aa y 4\u00aa. El equipo de NUESTRO AJEDREZ EN EUROPA \u201cA\u201d, vigente campe\u00f3n de la categor\u00eda, lidera en solitario la clasificaci\u00f3n [&hellip;]<\/p>\n","protected":false},"author":1,"featured_media":4120,"comment_status":"open","ping_status":"closed","sticky":false,"template":"","format":"standard","meta":{"footnotes":""},"categories":[1],"tags":[],"class_list":["post-4119","post","type-post","status-publish","format-standard","has-post-thumbnail","hentry","category-noticias"],"_links":{"self":[{"href":"https:\/\/www.bfv.cloud\/ajedrezeuropa\/wp-json\/wp\/v2\/posts\/4119","targetHints":{"allow":["GET"]}}],"collection":[{"href":"https:\/\/www.bfv.cloud\/ajedrezeuropa\/wp-json\/wp\/v2\/posts"}],"about":[{"href":"https:\/\/www.bfv.cloud\/ajedrezeuropa\/wp-json\/wp\/v2\/types\/post"}],"author":[{"embeddable":true,"href":"https:\/\/www.bfv.cloud\/ajedrezeuropa\/wp-json\/wp\/v2\/users\/1"}],"replies":[{"embeddable":true,"href":"https:\/\/www.bfv.cloud\/ajedrezeuropa\/wp-json\/wp\/v2\/comments?post=4119"}],"version-history":[{"count":1,"href":"https:\/\/www.bfv.cloud\/ajedrezeuropa\/wp-json\/wp\/v2\/posts\/4119\/revisions"}],"predecessor-version":[{"id":4126,"href":"https:\/\/www.bfv.cloud\/ajedrezeuropa\/wp-json\/wp\/v2\/posts\/4119\/revisions\/4126"}],"wp:featuredmedia":[{"embeddable":true,"href":"https:\/\/www.bfv.cloud\/ajedrezeuropa\/wp-json\/wp\/v2\/media\/4120"}],"wp:attachment":[{"href":"https:\/\/www.bfv.cloud\/ajedrezeuropa\/wp-json\/wp\/v2\/media?parent=4119"}],"wp:term":[{"taxonomy":"category","embeddable":true,"href":"https:\/\/www.bfv.cloud\/ajedrezeuropa\/wp-json\/wp\/v2\/categories?post=4119"},{"taxonomy":"post_tag","embeddable":true,"href":"https:\/\/www.bfv.cloud\/ajedrezeuropa\/wp-json\/wp\/v2\/tags?post=4119"}],"curies":[{"name":"wp","href":"https:\/\/api.w.org\/{rel}","templated":true}]}}