{"id":4127,"date":"2011-11-02T17:24:00","date_gmt":"2011-11-02T17:24:00","guid":{"rendered":"https:\/\/www.bfv.cloud\/ajedrezeuropa\/index.php\/2011\/11\/02\/nuestros-2-clubes-en-el-iv-campeonato-de-espana-por-equipos-sub-16\/"},"modified":"2025-11-20T11:12:23","modified_gmt":"2025-11-20T11:12:23","slug":"nuestros-2-clubes-en-el-iv-campeonato-de-espana-por-equipos-sub-16","status":"publish","type":"post","link":"https:\/\/www.bfv.cloud\/ajedrezeuropa\/nuestros-2-clubes-en-el-iv-campeonato-de-espana-por-equipos-sub-16\/","title":{"rendered":"NUESTROS 2 CLUBES EN EL IV CAMPEONATO DE ESPA\u00d1A POR EQUIPOS SUB-16"},"content":{"rendered":"<p>\ufeff\ufeff\ufeff\ufeff\ufeff<strong><u><span style=\", Courier, monospace\">NOTA: Recordad que el reportaje de TELETOLEDO sobre \u00abnuestro ajedrez\u00bb se emitir\u00e1 el martes 8 de noviembre a partir de las 10 de la noche.<\/span><\/u><\/strong><br \/>\n\ufeff <\/p>\n<table cellpadding=\"0\" cellspacing=\"0\" class=\"tr-caption-container\" style=\"float: left;margin-right: 1em;text-align: left\">\n<tbody>\n<tr>\n<td style=\"text-align: center\"><a href=\"https:\/\/www.bfv.cloud\/ajedrezeuropa\/wp-content\/uploads\/2011\/11\/fotosIVCAMPUS023.jpg\" style=\"clear: left;margin-bottom: 1em;margin-left: auto;margin-right: auto\"><img decoding=\"async\" border=\"0\" height=\"240px\" src=\"https:\/\/blogger.googleusercontent.com\/img\/b\/R29vZ2xl\/AVvXsEhRL6p9PvGVnJeprclM97xr_5cEr9RaeOpKUiGOr2Wm4Wag7LjCAoulqVgmj59PFH9yxKn6CE9oM8PP0c_8L93UjALM1uQKKtjcL8zndC0F-WQ3cL5EpK2H99D0mq3T7WobBiTZ5TyIFpI\/s320\/fotos+IV+CAMPUS+023.jpg\" width=\"320px\" \/><\/a><\/td>\n<\/tr>\n<tr>\n<td class=\"tr-caption\" style=\"text-align: center\">Elizbar Ubilava, F\u00e9lix Toribio, Antonio Albo,<br \/>\nAna Isabel Gonz\u00e1lez y Herminio Herr\u00e1iz, durante<br \/>\nel \u00faltimo campus<\/td>\n<\/tr>\n<\/tbody>\n<\/table>\n<p>\ufeff \ufeff\ufeff\ufeff\ufeff\ufeff &nbsp;<a href=\"https:\/\/www.bfv.cloud\/ajedrezeuropa\/wp-content\/uploads\/2011\/11\/ceclubs-162011.jpg\" style=\"clear: right;float: right;height: 287px;margin-bottom: 1em;margin-left: 1em;width: 203px\"><img decoding=\"async\" border=\"0\" height=\"320px\" src=\"https:\/\/blogger.googleusercontent.com\/img\/b\/R29vZ2xl\/AVvXsEhEwRzcf4HM1yCkfV-bvMt5qkNKZ1YqsSJvaSuM53Z4DUPwVl0hCr_8cN8micuiBIK2Tz-4ZI7vTpSXUt4VCGDgWU8hWIu1vE-Mo9TxOtRcczhaFa2nI9r2gfYdD0fX8rAWCNa7H2KwiMI\/s320\/ceclub+s-16+2011.jpg\" width=\"187px\" \/><\/a><\/p>\n<p><span style=\"font-family: Verdana, sans-serif\">Se acaba de producir la inscripci\u00f3n de los equipos pertenecientes a los clubes \u00abNuestro Ajedrez en Europa\u00bb y \u00abNuestro Ajedrez por la Igualdad\u00bb para su participaci\u00f3n en el IV CECLUB SUB-16. Es de destacar la presencia, por segundo a\u00f1o consecutivo, de nuestros 2 clubes en esta fase final. Recordemos que en la edici\u00f3n de 2010 los puestos que ocuparon en la clasificaci\u00f3n final fueron el noveno y decimoctavo, repectivamente. Como es sabido, \u00abNuestro Ajedrez en Europa\u00bb, es el actual campe\u00f3n de Castilla-La Mancha por equipos sub-16, despu\u00e9s de revalidar su t\u00edtulo a primeros de septiembre en Daimiel.&nbsp;Para el proyecto que representamos&nbsp;este a\u00f1o&nbsp;es muy especial, ya que 6 de los&nbsp;chicos integrados en estos equipos,&nbsp;nacidos en 1995, tendr\u00e1n su \u00faltima oportunidad de participar en esta importante competici\u00f3n.&nbsp;Por eso, queremos apoyarles y&nbsp;prestarles&nbsp;toda nuestra atenci\u00f3n antes y durante la cita ajedrec\u00edstica m\u00e1s destacada que tenemos esta temporada. Gracias a este&nbsp;empe\u00f1o ha nacido una programaci\u00f3n espec\u00edfica, con&nbsp;un entrenamiento y una preparaci\u00f3n&nbsp;previa al torneo y otra durante&nbsp;las jornadas de juego en Benidorm, con la presencia&nbsp;y planificaci\u00f3n del gm Herminio Herr\u00e1iz. Estos son nuestros equipos:<\/span><\/p>\n<div style=\"text-align: center\"><span style=\"font-family: Verdana, sans-serif\"><strong><em><u>Nuestro Ajedrez en Europa<\/u><\/em><\/strong><\/span><\/div>\n<div style=\"text-align: center\">\n<\/div>\n<div style=\"text-align: center\"><span style=\"font-family: Verdana, sans-serif\"><strong>1.- Santiago Talavera Garc\u00eda<\/strong><\/span><\/div>\n<div style=\"text-align: center\"><span style=\"font-family: Verdana, sans-serif\"><strong>2.- Daniel P\u00edriz Fern\u00e1ndez<\/strong><\/span><\/div>\n<div style=\"text-align: center\"><span style=\"font-family: Verdana, sans-serif\"><strong>3.- Jorge Sim\u00f3n Escalona<\/strong><\/span><\/div>\n<div style=\"text-align: center\"><span style=\"font-family: Verdana, sans-serif\"><strong>4.- Sergio Valencia de Loma<\/strong><\/span><\/div>\n<div style=\"text-align: center\"><span style=\"font-family: Verdana, sans-serif\"><strong>5.- Jos\u00e9 \u00c1ngel Vela Horcajada<\/strong><\/span><\/div>\n<div style=\"text-align: center\"><span style=\"font-family: Verdana\">Delegado: Herminio Herr\u00e1iz Hidalgo<\/span><\/div>\n<div style=\"text-align: center\">\n<\/div>\n<div style=\"text-align: center\"><span style=\"font-family: Verdana, sans-serif\"><strong><em><u>Nuestro Ajedrez por la Igualdad<\/u><\/em><\/strong><\/span><\/div>\n<div style=\"text-align: center\">\n<\/div>\n<div style=\"text-align: center\"><span style=\"font-family: Verdana, sans-serif\"><strong>1.- Manuel Lorenzo Marcos-Alberca Lizcano<\/strong><\/span><\/div>\n<div style=\"text-align: center\"><strong><span style=\"font-family: Verdana\">2.- Cosimo Leonardo de Giorgi Benavent<\/span><\/strong><\/div>\n<div style=\"text-align: center\"><strong><span style=\"font-family: Verdana\">3.- Jes\u00fas Mar\u00eda Bricio Garc\u00eda de la Torre<\/span><\/strong><\/div>\n<div style=\"text-align: center\"><strong><span style=\"font-family: Verdana\">4.- Silvia Toribio Camu\u00f1as<\/span><\/strong><\/div>\n<div style=\"text-align: center\"><strong><span style=\"font-family: Verdana\">5.- Irene Sim\u00f3n Escalona<\/span><\/strong><\/div>\n<div style=\"text-align: center\"><span style=\"font-family: Verdana\">Delegado: F\u00e9lix Toribio G\u00f3mez<\/span><\/div>\n<div style=\"text-align: center\">\n<\/div>\n<div style=\"text-align: left\">\ufeff<span style=\"font-family: Verdana, sans-serif\">Un total de 8 chicos y 2 chicas, pertenecientes a la escuela de ajedrez de Alc\u00e1zar (4) y a la escuela de Villafranca (6), ser\u00e1n los representantes de nuestro proyecto en esta final del&nbsp;Campeonato de Espa\u00f1a.<\/span><\/div>\n<div style=\"text-align: left\"><span style=\"font-family: Verdana\"><u><em>\u00a1\u00a1 Buena suerte y mucha imaginaci\u00f3n para todos !!<\/em><\/u><\/span><\/div>\n<div style=\"text-align: center\">\n<\/div>\n<div align=\"left\" style=\"text-align: center\">\ufeff<\/div>\n<div style=\"text-align: center\">\n<\/div>\n","protected":false},"excerpt":{"rendered":"<p>\ufeff\ufeff\ufeff\ufeff\ufeffNOTA: Recordad que el reportaje de TELETOLEDO sobre \u00abnuestro ajedrez\u00bb se emitir\u00e1 el martes 8 de noviembre a partir de las 10 de la noche. \ufeff Elizbar Ubilava, F\u00e9lix Toribio, Antonio Albo, Ana Isabel Gonz\u00e1lez y Herminio Herr\u00e1iz, durante el \u00faltimo campus \ufeff \ufeff\ufeff\ufeff\ufeff\ufeff &nbsp; Se acaba de producir la inscripci\u00f3n de los equipos pertenecientes [&hellip;]<\/p>\n","protected":false},"author":1,"featured_media":4128,"comment_status":"open","ping_status":"closed","sticky":false,"template":"","format":"standard","meta":{"footnotes":""},"categories":[1],"tags":[],"class_list":["post-4127","post","type-post","status-publish","format-standard","has-post-thumbnail","hentry","category-noticias"],"_links":{"self":[{"href":"https:\/\/www.bfv.cloud\/ajedrezeuropa\/wp-json\/wp\/v2\/posts\/4127","targetHints":{"allow":["GET"]}}],"collection":[{"href":"https:\/\/www.bfv.cloud\/ajedrezeuropa\/wp-json\/wp\/v2\/posts"}],"about":[{"href":"https:\/\/www.bfv.cloud\/ajedrezeuropa\/wp-json\/wp\/v2\/types\/post"}],"author":[{"embeddable":true,"href":"https:\/\/www.bfv.cloud\/ajedrezeuropa\/wp-json\/wp\/v2\/users\/1"}],"replies":[{"embeddable":true,"href":"https:\/\/www.bfv.cloud\/ajedrezeuropa\/wp-json\/wp\/v2\/comments?post=4127"}],"version-history":[{"count":1,"href":"https:\/\/www.bfv.cloud\/ajedrezeuropa\/wp-json\/wp\/v2\/posts\/4127\/revisions"}],"predecessor-version":[{"id":4130,"href":"https:\/\/www.bfv.cloud\/ajedrezeuropa\/wp-json\/wp\/v2\/posts\/4127\/revisions\/4130"}],"wp:featuredmedia":[{"embeddable":true,"href":"https:\/\/www.bfv.cloud\/ajedrezeuropa\/wp-json\/wp\/v2\/media\/4128"}],"wp:attachment":[{"href":"https:\/\/www.bfv.cloud\/ajedrezeuropa\/wp-json\/wp\/v2\/media?parent=4127"}],"wp:term":[{"taxonomy":"category","embeddable":true,"href":"https:\/\/www.bfv.cloud\/ajedrezeuropa\/wp-json\/wp\/v2\/categories?post=4127"},{"taxonomy":"post_tag","embeddable":true,"href":"https:\/\/www.bfv.cloud\/ajedrezeuropa\/wp-json\/wp\/v2\/tags?post=4127"}],"curies":[{"name":"wp","href":"https:\/\/api.w.org\/{rel}","templated":true}]}}