{"id":4134,"date":"2016-08-29T20:24:00","date_gmt":"2016-08-29T20:24:00","guid":{"rendered":"https:\/\/www.bfv.cloud\/ajedrezeuropa\/index.php\/2016\/08\/29\/el-torneo-de-alcazar-sigue-creciendo-en-jugadores-y-fuerza-de-juego\/"},"modified":"2025-11-20T11:12:35","modified_gmt":"2025-11-20T11:12:35","slug":"el-torneo-de-alcazar-sigue-creciendo-en-jugadores-y-fuerza-de-juego","status":"publish","type":"post","link":"https:\/\/www.bfv.cloud\/ajedrezeuropa\/el-torneo-de-alcazar-sigue-creciendo-en-jugadores-y-fuerza-de-juego\/","title":{"rendered":"\u00a1\u00a1EL TORNEO DE ALC\u00c1ZAR SIGUE CRECIENDO EN JUGADORES Y FUERZA DE JUEGO!!"},"content":{"rendered":"<div class=\"separator\" style=\"clear: both;text-align: center\">\n<a href=\"https:\/\/www.bfv.cloud\/ajedrezeuropa\/wp-content\/uploads\/2016\/08\/SAM_3017.jpg\"><img fetchpriority=\"high\" decoding=\"async\" border=\"0\" height=\"178\" src=\"https:\/\/blogger.googleusercontent.com\/img\/b\/R29vZ2xl\/AVvXsEhkeAnxW-Xg4Ur4goNe8WK6caxgR0Owb2YCE2C5qHxtU0hVWsK3yoYvJSLDz157GuJg3ElORq7cDOTbutz48lz8qMML84ev5bW0KBrNC9hgIpI1WNm_fXEyfX9DZTFBsV-W-WdQ1pMiGHM\/s640\/SAM_3017.JPG\" width=\"640\" \/><\/a><\/div>\n<p><\/p>\n<div class=\"separator\" style=\"clear: both;text-align: center\">\n<a href=\"https:\/\/www.bfv.cloud\/ajedrezeuropa\/wp-content\/uploads\/2016\/08\/IMG_20160827_162931.jpg\" style=\"clear: right;float: right;margin-bottom: 1em;margin-left: 1em\"><img decoding=\"async\" border=\"0\" height=\"400\" src=\"https:\/\/blogger.googleusercontent.com\/img\/b\/R29vZ2xl\/AVvXsEj1hyDLWenZYO5AmIptlIqSpjDxu_JTAFz3TfE-cWDMrWUn2yFUFWbN2FR7IzVFQRhuPre9LOanB46n75gEEWRwTgXjKo3zQzVNk0XhOFbnfP6YcUPSgrMY61FgRTzdJWbaJV8HnGUHWuk\/s400\/IMG_20160827_162931.jpg\" width=\"400\" \/><\/a><\/div>\n<p><span style=\"color: purple;font-family: Verdana, sans-serif\"><b>El XIV Torneo de Feria de Alc\u00e1zar de San Juan reuni\u00f3 el pasado s\u00e1bado 27 de agosto a 66 ajedrecistas en las dos categor\u00edas que lo componen. Este dato de participaci\u00f3n, muy superior al de a\u00f1os anteriores, no solo indica un notable crecimiento de jugadores, tambi\u00e9n refleja una mayor variedad de procedencias y, lo que es m\u00e1s importante, un notable ascenso en la calidad de juego elaborada sobre los tableros.&nbsp;<\/b><\/span><br \/>\n<span style=\"color: purple;font-family: Verdana, sans-serif\"><b>El torneo sub-16 tuvo a 43 jugadores, mientras el absoluto lleg\u00f3 a 23.<\/b><\/span><\/p>\n<table cellpadding=\"0\" cellspacing=\"0\" class=\"tr-caption-container\" style=\"float: left;margin-right: 1em;text-align: left\">\n<tbody>\n<tr>\n<td style=\"text-align: center\"><a href=\"https:\/\/www.bfv.cloud\/ajedrezeuropa\/wp-content\/uploads\/2016\/08\/SAM_3018.jpg\" style=\"clear: left;margin-bottom: 1em;margin-left: auto;margin-right: auto\"><span style=\"color: #274e13\"><img decoding=\"async\" border=\"0\" height=\"196\" src=\"https:\/\/blogger.googleusercontent.com\/img\/b\/R29vZ2xl\/AVvXsEhJ_jd77gmfDVJuP4RoyVIf-NsFL1pUAwBB8s5HFXM9ysmGxobvDxGhhzgxf4oNyprIvo7KFDiq-4FwOjTbASuDO9LnsjYulmKZuRTjliNrLrVKXl3LFgkCeLtTLI18_p01qHf7fXJ9G_M\/s400\/SAM_3018.JPG\" width=\"400\" \/><\/span><\/a><\/td>\n<\/tr>\n<tr>\n<td class=\"tr-caption\" style=\"text-align: center\"><span style=\"color: #274e13\">La sala de juego se llen\u00f3 de ajedrecistas<\/span><\/td>\n<\/tr>\n<\/tbody>\n<\/table>\n<p><u style=\"background-color: white;color: #4a4a4a;font-size: 16px;line-height: 1.42857em\"><span style=\"font-family: Verdana, sans-serif\"><b><br \/><\/b><\/span><\/u><br \/>\n<u style=\"background-color: white;font-size: 16px;line-height: 1.42857em\"><span style=\"color: blue;font-family: Verdana, sans-serif\"><b><br \/><\/b><\/span><\/u><br \/>\n<u style=\"background-color: white;font-size: 16px;line-height: 1.42857em\"><span style=\"color: blue;font-family: Verdana, sans-serif\"><b>IX TORNEO SUB-16<\/b><\/span><\/u><\/p>\n<table align=\"center\" cellpadding=\"0\" cellspacing=\"0\" class=\"tr-caption-container\" style=\"float: left;margin-right: 1em;text-align: left\">\n<tbody>\n<tr>\n<td style=\"text-align: center\"><a href=\"https:\/\/www.bfv.cloud\/ajedrezeuropa\/wp-content\/uploads\/2016\/08\/IMG_20160827_162529.jpg\" style=\"clear: left;margin-bottom: 1em;margin-left: auto;margin-right: auto\"><img loading=\"lazy\" decoding=\"async\" border=\"0\" height=\"398\" src=\"https:\/\/blogger.googleusercontent.com\/img\/b\/R29vZ2xl\/AVvXsEhZOJNktnXwJJ_kQ5HFgl52JzG1fGmWN4-Y-IgZppV_JMXMWiL8qCw_n0ZwXJ05tRDTBiEBRrEJw_GPWJIJWZ8RWzmg4Q_eScYBZtf9USJ5tIRkfOaoE8N6dmEgaHRx2QSeAhulv0eaGFU\/s400\/IMG_20160827_162529.jpg\" width=\"400\" \/><\/a><\/td>\n<\/tr>\n<tr>\n<td class=\"tr-caption\" style=\"text-align: center\">Los trofeos de los Hnos. Pe\u00f1o son una de las se\u00f1as de<br \/>identidad de nuestros torneos<\/td>\n<\/tr>\n<\/tbody>\n<\/table>\n<div style=\"background-color: white;border: 0px;font-size: 16px;line-height: 28px;margin: 0px;padding: 0px\">\n<span style=\"color: blue;font-family: Verdana, sans-serif\"><b><br \/><\/b><\/span><\/div>\n<div style=\"background-color: white;border: 0px;font-size: 16px;line-height: 28px;margin: 0px;padding: 0px\">\n<span style=\"color: blue;font-family: Verdana, sans-serif\"><b>El torneo sub-16 estuvo dominado, de principio a fin, por el equipo de NUESTRO AJEDREZ EN EUROPA, aunque finalmente los 36 puntos obtenidos por sus 8 jugadores con mejores resultados solo sirvieran para distanciar en un punto al Club de Ajedrez Bargas, 2\u00ba clasificado. En la 3\u00aa plaza empataron a 29,5 puntos el Club Ajedrez Tomelloso y el equipo de NUESTRO AJEDREZ POR LA IGUALDAD, decidi\u00e9ndose la clasificaci\u00f3n en favor de los tomelloseros gracias al primer desempate. En el plano individual, fueron 5 los jugadores empatados a 5,5 puntos en la cabeza de la clasificaci\u00f3n, quedando as\u00ed estas primeras posiciones : Irene Sim\u00f3n (campeona del torneo), Roberto L\u00f3pez (2\u00ba), Marta Espinosa (3\u00aa) y Alfredo Amador (4\u00ba), todos de Nuestro Ajedrez en Europa, y como 5\u00ba clasificado el tomellosero, Santiago Benito.<\/p>\n<table align=\"center\" cellpadding=\"0\" cellspacing=\"0\" class=\"tr-caption-container\" style=\"margin-left: auto;margin-right: auto;text-align: center\">\n<tbody>\n<tr>\n<td style=\"text-align: center\"><a href=\"https:\/\/www.bfv.cloud\/ajedrezeuropa\/wp-content\/uploads\/2016\/08\/SAM_3041.jpg\" style=\"margin-left: auto;margin-right: auto\"><img loading=\"lazy\" decoding=\"async\" border=\"0\" height=\"440\" src=\"https:\/\/blogger.googleusercontent.com\/img\/b\/R29vZ2xl\/AVvXsEiK5G21615Eo0HJJj1ibIy-HEkEeclQjxRx33Ad7yxX-rEXIFxdW0_iDb3fHokVwu-xsxuJKhbjTcjuQytDD18f3QZ6zW052erMpAm3RiCnOq8SjwfokGXqrPMU53OUSI-DYYF_GMJjgV4\/s640\/SAM_3041.JPG\" width=\"640\" \/><\/a><\/td>\n<\/tr>\n<tr>\n<td class=\"tr-caption\" style=\"text-align: center\">El equipo sub-16 de Nuestro Ajedrez en Europa volvi\u00f3 a vencer<\/td>\n<\/tr>\n<\/tbody>\n<\/table>\n<p><\/b><\/span><\/div>\n<div style=\"background-color: white;border: 0px;font-size: 16px;line-height: 28px;margin: 0px;padding: 0px\">\n<span style=\"color: blue;font-family: Verdana, sans-serif\"><b><\/b><\/span><br \/><span style=\"color: blue;font-family: Verdana, sans-serif\"><b><\/b><\/span><\/div>\n<div style=\"background-color: white;border: 0px;font-size: 16px;line-height: 28px;margin: 0px;padding: 0px\">\n<u style=\"line-height: 1.42857em\"><span style=\"color: blue;font-family: Verdana, sans-serif\"><b>I TORNEO ABSOLUTO<\/b><\/span><\/u><\/div>\n<table cellpadding=\"0\" cellspacing=\"0\" class=\"tr-caption-container\" style=\"float: right;margin-left: 1em;text-align: right\">\n<tbody>\n<tr>\n<td style=\"text-align: center\"><a href=\"https:\/\/www.bfv.cloud\/ajedrezeuropa\/wp-content\/uploads\/2016\/08\/SAM_3024.jpg\" style=\"clear: right;margin-bottom: 1em;margin-left: auto;margin-right: auto\"><img loading=\"lazy\" decoding=\"async\" border=\"0\" height=\"161\" src=\"https:\/\/blogger.googleusercontent.com\/img\/b\/R29vZ2xl\/AVvXsEggkctR4h4oX1HwuY4Rq5mRFSP7LTGNSF8keoraOHliDBL4bFCIeeFmETdfn7rKDa_lrBMJfIrmozWrsAEjQ_grD4IvuZaNKktzxtizkmedrypIju5eO5L7PTNuW1K2fnha9y_erJRRkdQ\/s320\/SAM_3024.JPG\" width=\"320\" \/><\/a><\/td>\n<\/tr>\n<tr>\n<td class=\"tr-caption\" style=\"text-align: center\">Todos ante el tablero<\/td>\n<\/tr>\n<\/tbody>\n<\/table>\n<table align=\"center\" cellpadding=\"0\" cellspacing=\"0\" class=\"tr-caption-container\" style=\"margin-left: auto;margin-right: auto;text-align: center\">\n<tbody>\n<tr>\n<td style=\"text-align: center\"><a href=\"https:\/\/www.bfv.cloud\/ajedrezeuropa\/wp-content\/uploads\/2016\/08\/SAM_3034.jpg\" style=\"clear: right;margin-bottom: 1em;margin-left: auto;margin-right: auto;text-align: center\"><img loading=\"lazy\" decoding=\"async\" border=\"0\" height=\"132\" src=\"https:\/\/blogger.googleusercontent.com\/img\/b\/R29vZ2xl\/AVvXsEi6qtpVWD-A1Q5FKBwVypiSNeNGr27sYJWp03N4Ykszg7zfIJvWVS4hG_xhQzTXZ-CthX3fxt9sk8JpVGPDOiKo5yEdp8FapRALairZ9sbFUpQhr0va3B-ask9ejKAHWWCWU0_4dwCQAj4\/s200\/SAM_3034.JPG\" width=\"200\" \/><\/a><\/td>\n<\/tr>\n<tr>\n<td class=\"tr-caption\" style=\"text-align: center\">Tomelloso recoge su premio<br \/>como campe\u00f3n<\/td>\n<\/tr>\n<\/tbody>\n<\/table>\n<p><\/p>\n<div style=\"background-color: white;border: 0px;font-size: 16px;line-height: 28px;margin: 0px;padding: 0px\">\n<span style=\"color: blue;font-family: Verdana, sans-serif\"><b>La clasificaci\u00f3n final de esta primera edici\u00f3n del torneo en la categor\u00eda absoluta result\u00f3 tan igualada en los 3 primeros puestos que una m\u00ednima distancia de medio punto marc\u00f3 la diferencia entre el campe\u00f3n y el tercer clasificado. Finalmente, Tomelloso venc\u00eda con 10,5 puntos igualado con Bargas, pero con mejor desempate que estos. En la 3\u00aa posici\u00f3n, con 10 puntos, se situaba Nuestro Ajedrez en Europa, que le cost\u00f3 remontar los p\u00e9simos resultados de la 4\u00aa ronda. En la 4\u00aa plaza los conquenses de Pe\u00f3n Avanzado se descolgaban de los anteriores tras sumar 6 puntos, dejando a Nuestro Ajedrez por la Igualdad con 5,5 puntos en el \u00faltimo lugar de la clasificaci\u00f3n final.<\/b><\/span><\/div>\n<table align=\"center\" cellpadding=\"0\" cellspacing=\"0\" class=\"tr-caption-container\" style=\"margin-left: auto;margin-right: auto;text-align: center\">\n<tbody>\n<tr>\n<td style=\"text-align: center\"><a href=\"https:\/\/www.bfv.cloud\/ajedrezeuropa\/wp-content\/uploads\/2016\/08\/SAM_3019.jpg\" style=\"margin-left: auto;margin-right: auto\"><img loading=\"lazy\" decoding=\"async\" border=\"0\" height=\"282\" src=\"https:\/\/blogger.googleusercontent.com\/img\/b\/R29vZ2xl\/AVvXsEigVzfayimamMSAl4SZyzagdsxG0aCD_G8JTXnKg79aIqGVXQjy3HaHO5JGrZ7qD-BNy5j6s-r7BvPuP9YmdMgP7JwG_K1NpGFaUtaEfLLLVhBQEpQ2or2jGMw-hijQTDgZb72075AkswU\/s640\/SAM_3019.JPG\" width=\"640\" \/><\/a><\/td>\n<\/tr>\n<tr>\n<td class=\"tr-caption\" style=\"text-align: center\">Irene y Roberto realizaron un magn\u00edfico torneo<\/td>\n<\/tr>\n<\/tbody>\n<\/table>\n<div style=\"background-color: white;border: 0px;font-size: 16px;line-height: 28px;margin: 0px;padding: 0px\">\n<span style=\"color: #660000;font-family: Verdana, sans-serif\"><b>Mancha Centro TV ha elaborado un reportaje sobre el torneo con el que crearemos un enlace en el momento que sea subido a YouTube. A la entrega de premios asisti\u00f3 el concejal de deportes, Javier Ortega, y un grupo numeroso de padres y madres de los jugadores m\u00e1s j\u00f3venes.<\/b><\/span><\/div>\n<p><\/p>\n","protected":false},"excerpt":{"rendered":"<p>El XIV Torneo de Feria de Alc\u00e1zar de San Juan reuni\u00f3 el pasado s\u00e1bado 27 de agosto a 66 ajedrecistas en las dos categor\u00edas que lo componen. Este dato de participaci\u00f3n, muy superior al de a\u00f1os anteriores, no solo indica un notable crecimiento de jugadores, tambi\u00e9n refleja una mayor variedad de procedencias y, lo que [&hellip;]<\/p>\n","protected":false},"author":1,"featured_media":4135,"comment_status":"open","ping_status":"closed","sticky":false,"template":"","format":"standard","meta":{"footnotes":""},"categories":[1],"tags":[],"class_list":["post-4134","post","type-post","status-publish","format-standard","has-post-thumbnail","hentry","category-noticias"],"_links":{"self":[{"href":"https:\/\/www.bfv.cloud\/ajedrezeuropa\/wp-json\/wp\/v2\/posts\/4134","targetHints":{"allow":["GET"]}}],"collection":[{"href":"https:\/\/www.bfv.cloud\/ajedrezeuropa\/wp-json\/wp\/v2\/posts"}],"about":[{"href":"https:\/\/www.bfv.cloud\/ajedrezeuropa\/wp-json\/wp\/v2\/types\/post"}],"author":[{"embeddable":true,"href":"https:\/\/www.bfv.cloud\/ajedrezeuropa\/wp-json\/wp\/v2\/users\/1"}],"replies":[{"embeddable":true,"href":"https:\/\/www.bfv.cloud\/ajedrezeuropa\/wp-json\/wp\/v2\/comments?post=4134"}],"version-history":[{"count":1,"href":"https:\/\/www.bfv.cloud\/ajedrezeuropa\/wp-json\/wp\/v2\/posts\/4134\/revisions"}],"predecessor-version":[{"id":4143,"href":"https:\/\/www.bfv.cloud\/ajedrezeuropa\/wp-json\/wp\/v2\/posts\/4134\/revisions\/4143"}],"wp:featuredmedia":[{"embeddable":true,"href":"https:\/\/www.bfv.cloud\/ajedrezeuropa\/wp-json\/wp\/v2\/media\/4135"}],"wp:attachment":[{"href":"https:\/\/www.bfv.cloud\/ajedrezeuropa\/wp-json\/wp\/v2\/media?parent=4134"}],"wp:term":[{"taxonomy":"category","embeddable":true,"href":"https:\/\/www.bfv.cloud\/ajedrezeuropa\/wp-json\/wp\/v2\/categories?post=4134"},{"taxonomy":"post_tag","embeddable":true,"href":"https:\/\/www.bfv.cloud\/ajedrezeuropa\/wp-json\/wp\/v2\/tags?post=4134"}],"curies":[{"name":"wp","href":"https:\/\/api.w.org\/{rel}","templated":true}]}}