{"id":415,"date":"2010-12-29T19:52:00","date_gmt":"2010-12-29T19:52:00","guid":{"rendered":"https:\/\/www.bfv.cloud\/ajedrezeuropa\/index.php\/2010\/12\/29\/iii-concentracion-de-navidad-nuestro-ajedrez-en-europa\/"},"modified":"2025-11-20T10:17:23","modified_gmt":"2025-11-20T10:17:23","slug":"iii-concentracion-de-navidad-nuestro-ajedrez-en-europa","status":"publish","type":"post","link":"https:\/\/www.bfv.cloud\/ajedrezeuropa\/iii-concentracion-de-navidad-nuestro-ajedrez-en-europa\/","title":{"rendered":"III CONCENTRACI\u00d3N DE NAVIDAD \u00abNUESTRO AJEDREZ EN EUROPA\u00bb"},"content":{"rendered":"<table align=\"center\" cellpadding=\"0\" cellspacing=\"0\" class=\"tr-caption-container\" style=\"margin-left: auto;margin-right: auto;text-align: center\">\n<tbody>\n<tr>\n<td style=\"text-align: center\"><a href=\"https:\/\/www.bfv.cloud\/ajedrezeuropa\/wp-content\/uploads\/2010\/12\/100_0545.jpg\" style=\"margin-left: auto;margin-right: auto\"><img fetchpriority=\"high\" decoding=\"async\" border=\"0\" height=\"300\" src=\"https:\/\/blogger.googleusercontent.com\/img\/b\/R29vZ2xl\/AVvXsEjj7LQi35IP4vVqF1esOIAKhGjSTo-amvO2-okk_8iEKDRTPiBusSX9y6fZwSoSo3_T2E7iEYSWJf1IsI6hTOCUOElGY4Bw__sWorwgRvtee0GCdVT4apc3ORDcqXw7wtpYUwd82aUuhPQ\/s400\/100_0545.jpg\" width=\"400\" \/><\/a><\/td>\n<\/tr>\n<tr>\n<td class=\"tr-caption\" style=\"text-align: center\"><strong>Parte del grupo de Antonio Albo durante la concentraci\u00f3n<\/strong><\/td>\n<\/tr>\n<\/tbody>\n<\/table>\n<div style=\"text-align: center\"><strong><em><span style=\"font-family: Verdana, sans-serif\">Ayer se clausuraba&nbsp;la tercera&nbsp;concentraci\u00f3n de Navidad, a la que han asistido m\u00e1s de 60 chicos y chicas procedentes de las escuelas deportivas municipales de Alc\u00e1zar de San Juan y Villafranca de los Caballeros m\u00e1s los 3 j\u00f3venes jugadores pertenecientes al Linex-Magic Extremadura. La experiencia ha sido espl\u00e9ndida en todos sus aspectos, desde el formativo hasta el de convivencia. Uno de los puntos cardinales del acuerdo que hemos&nbsp;establecido est\u00e1 precisamente ah\u00ed, en&nbsp;intercambiar conocimientos&nbsp;y experiencias con el&nbsp;fin de crecer en&nbsp;la gran amplitud de facetas que&nbsp;se desarrollan con nuestro deporte. Es evidente que se ha abierto una puerta para beneficiar a ni\u00f1os, ni\u00f1as, j\u00f3venes y adultos en un futuro pr\u00f3ximo.&nbsp;&nbsp;<\/span><\/em><\/strong>\n<\/div>\n<table cellpadding=\"0\" cellspacing=\"0\" class=\"tr-caption-container\" style=\"float: left;margin-right: 1em;text-align: left\">\n<tbody>\n<tr>\n<td style=\"text-align: center\"><a href=\"https:\/\/www.bfv.cloud\/ajedrezeuropa\/wp-content\/uploads\/2010\/12\/CLAUSURAIIICONCENTRACIONNAVIDAD2010001.jpg\" style=\"clear: left;margin-bottom: 1em;margin-left: auto;margin-right: auto\"><img decoding=\"async\" border=\"0\" height=\"300\" src=\"https:\/\/blogger.googleusercontent.com\/img\/b\/R29vZ2xl\/AVvXsEgiodFSwcZcegDE3l9JzG30OOLceVI_xa6Y0j4mJQcQWog_eaeIF2ePFjqBWXGChyphenhyphen0UgVLAv8RwmvQwzNicNHmQOXOihY0orAb5sufVi6xKuaSRhLbT_MmbFvoATsni1z3sUWnlgqz6tdY\/s400\/CLAUSURA+III+CONCENTRACION+NAVIDAD+2010+001.jpg\" width=\"400\" \/><\/a><\/td>\n<\/tr>\n<tr>\n<td class=\"tr-caption\" style=\"text-align: center\"><strong>Delegaci\u00f3n del Magic con Nicol\u00e1s Gallego y los jugadores, Pablo Garrido P\u00edriz,&nbsp;Clara Gallego Sosa y Javier Mart\u00edn Morientes.<\/strong><\/td>\n<\/tr>\n<\/tbody>\n<\/table>\n<p>\ufeff\ufeff&nbsp;<br \/>\n<strong><em><span style=\"font-family: Verdana\">En lo que se refiere a la concentraci\u00f3n,&nbsp;destacamos la numerosa asistencia que se ha producido, as\u00ed como la implicaci\u00f3n de los padres y madres favoreciendo la presencia, desde las 10 de la ma\u00f1ana hasta las 7 de la tarde, de chicos y chicas de apenas 5 a\u00f1os de edad hasta 16. Como siempre,&nbsp;hemos contado con&nbsp;un&nbsp;notable grupo de profesores y preparadores&nbsp;encabezados por Herminio Herr\u00e1iz&nbsp;al que acompa\u00f1aron Ana Isabel Gonz\u00e1lez Berruga, Antonio Albo y Luis Miguel Monreal, ayudados en m\u00faltiples ocasiones por Nicol\u00e1s Gallego, al que desde aqu\u00ed queremos agradecer su colaboraci\u00f3n y prestancia en el torneo y en las actividades relacionadas con la concentraci\u00f3n y la firma del convenio.<\/span><\/em><\/strong><br \/>\n\ufeff <br \/>\n\ufeff <\/p>\n<table align=\"center\" cellpadding=\"0\" cellspacing=\"0\" class=\"tr-caption-container\" style=\"margin-left: auto;margin-right: auto;text-align: center\">\n<tbody>\n<tr>\n<td style=\"text-align: center\"><a href=\"https:\/\/www.bfv.cloud\/ajedrezeuropa\/wp-content\/uploads\/2010\/12\/CLAUSURAIIICONCENTRACIONNAVIDAD2010007.jpg\" style=\"margin-left: auto;margin-right: auto\"><img decoding=\"async\" border=\"0\" height=\"300\" src=\"https:\/\/blogger.googleusercontent.com\/img\/b\/R29vZ2xl\/AVvXsEhQuk3C_5ccugVZY5ohBcuQirtmmeiYxDe9CEM_tpgw2AfTxPcpsMOExT2TI681nqLcDD86bg3FUUc6_Akf17acsCezO8dbw8Q8QE-QIYQmi90VX2X06HVN1ToTnlnELFh4GlwoIEa4WdY\/s400\/CLAUSURA+III+CONCENTRACION+NAVIDAD+2010+007.jpg\" width=\"400\" \/><\/a><\/td>\n<\/tr>\n<tr>\n<td class=\"tr-caption\" style=\"text-align: center\"><strong>Grupo de alumnos y alumnas asistentes a la clausura, acompa\u00f1ados de sus monitores y entrenadora.<\/strong><\/td>\n<\/tr>\n<\/tbody>\n<\/table>\n<p>\ufeff \ufeff<\/p>\n","protected":false},"excerpt":{"rendered":"<p>Parte del grupo de Antonio Albo durante la concentraci\u00f3n Ayer se clausuraba&nbsp;la tercera&nbsp;concentraci\u00f3n de Navidad, a la que han asistido m\u00e1s de 60 chicos y chicas procedentes de las escuelas deportivas municipales de Alc\u00e1zar de San Juan y Villafranca de los Caballeros m\u00e1s los 3 j\u00f3venes jugadores pertenecientes al Linex-Magic Extremadura. La experiencia ha sido [&hellip;]<\/p>\n","protected":false},"author":1,"featured_media":416,"comment_status":"open","ping_status":"closed","sticky":false,"template":"","format":"standard","meta":{"footnotes":""},"categories":[1],"tags":[],"class_list":["post-415","post","type-post","status-publish","format-standard","has-post-thumbnail","hentry","category-noticias"],"_links":{"self":[{"href":"https:\/\/www.bfv.cloud\/ajedrezeuropa\/wp-json\/wp\/v2\/posts\/415","targetHints":{"allow":["GET"]}}],"collection":[{"href":"https:\/\/www.bfv.cloud\/ajedrezeuropa\/wp-json\/wp\/v2\/posts"}],"about":[{"href":"https:\/\/www.bfv.cloud\/ajedrezeuropa\/wp-json\/wp\/v2\/types\/post"}],"author":[{"embeddable":true,"href":"https:\/\/www.bfv.cloud\/ajedrezeuropa\/wp-json\/wp\/v2\/users\/1"}],"replies":[{"embeddable":true,"href":"https:\/\/www.bfv.cloud\/ajedrezeuropa\/wp-json\/wp\/v2\/comments?post=415"}],"version-history":[{"count":1,"href":"https:\/\/www.bfv.cloud\/ajedrezeuropa\/wp-json\/wp\/v2\/posts\/415\/revisions"}],"predecessor-version":[{"id":419,"href":"https:\/\/www.bfv.cloud\/ajedrezeuropa\/wp-json\/wp\/v2\/posts\/415\/revisions\/419"}],"wp:featuredmedia":[{"embeddable":true,"href":"https:\/\/www.bfv.cloud\/ajedrezeuropa\/wp-json\/wp\/v2\/media\/416"}],"wp:attachment":[{"href":"https:\/\/www.bfv.cloud\/ajedrezeuropa\/wp-json\/wp\/v2\/media?parent=415"}],"wp:term":[{"taxonomy":"category","embeddable":true,"href":"https:\/\/www.bfv.cloud\/ajedrezeuropa\/wp-json\/wp\/v2\/categories?post=415"},{"taxonomy":"post_tag","embeddable":true,"href":"https:\/\/www.bfv.cloud\/ajedrezeuropa\/wp-json\/wp\/v2\/tags?post=415"}],"curies":[{"name":"wp","href":"https:\/\/api.w.org\/{rel}","templated":true}]}}