{"id":4150,"date":"2010-08-06T16:33:00","date_gmt":"2010-08-06T16:33:00","guid":{"rendered":"https:\/\/www.bfv.cloud\/ajedrezeuropa\/index.php\/2010\/08\/06\/el-campus-regresa-a-villafranca\/"},"modified":"2025-11-20T11:12:48","modified_gmt":"2025-11-20T11:12:48","slug":"el-campus-regresa-a-villafranca","status":"publish","type":"post","link":"https:\/\/www.bfv.cloud\/ajedrezeuropa\/el-campus-regresa-a-villafranca\/","title":{"rendered":"EL CAMPUS REGRESA A VILLAFRANCA"},"content":{"rendered":"<div class=\"separator\" style=\"clear: both;text-align: center\"><a href=\"https:\/\/www.bfv.cloud\/ajedrezeuropa\/wp-content\/uploads\/2010\/08\/GRUPOCHICOSYPROFESORES.jpg\" style=\"margin-left: 1em;margin-right: 1em\"><img fetchpriority=\"high\" decoding=\"async\" border=\"0\" height=\"300\" src=\"https:\/\/blogger.googleusercontent.com\/img\/b\/R29vZ2xl\/AVvXsEhQfrEYb612Cxi7f30s9pczrQcusc0KcJvOcizQsEGoZoTkLE2UJxGMFqn1qslCrjnkB4zYEA66TzP8RGfwijvzgFOjlkTe80kJAi5uBjy7-okm0DxSIxg2hbjz0Js8SA34Q7SYvnxnzJk\/s400\/GRUPO+CHICOS+Y+PROFESORES.jpg\" width=\"400\" \/><\/a><\/div>\n<div class=\"separator\" style=\"clear: both;text-align: center\">Finalizados los 3 d\u00edas de estancia en el centro juvenil \u00abLa Covadonga\u00bb de Alc\u00e1zar de San Juan, en el d\u00eda de ayer, el III campus \u00abNuestro Ajedrez en Europa\u00bb se trasladaba y retomaba sus clases en&nbsp;6 aulas de la&nbsp;casa de la cultura de Villafranca, 5 dedicadas a la preparaci\u00f3n de los grupos de perfeccionamiento y una, el&nbsp;aula de internet, donde los chicos y chicas participantes practican su ajedrez analizando partidas retransmitidas o a trav\u00e9s de programas de an\u00e1lisis y juego.<\/div>\n<div class=\"separator\" style=\"clear: both;text-align: center\">Las fotograf\u00edas est\u00e1n realizadas en el sal\u00f3n de actos y en ella podemos ver a nuestros alumnos y alumnas acompa\u00f1ados de sus entrenadores y preparadores. Detr\u00e1s de todos ellos,&nbsp;un cartel aleg\u00f3rico al s\u00edmbolo natural y distintivo de Villafranca de los Caballeros que son sus Lagunas, declaradas hace algunos a\u00f1os Reserva de la Biosfera.<\/div>\n<div class=\"separator\" style=\"clear: both;text-align: center\"><a href=\"https:\/\/www.bfv.cloud\/ajedrezeuropa\/wp-content\/uploads\/2010\/08\/GRUPOCHICOSSOLOS.jpg\" style=\"margin-left: 1em;margin-right: 1em\"><img decoding=\"async\" border=\"0\" height=\"300\" src=\"https:\/\/blogger.googleusercontent.com\/img\/b\/R29vZ2xl\/AVvXsEjevEXYfRg151flW9Efgk7GfAugg631I1VSHXAREE6SePE8XVkt_k7coYU_FzajAJDPCvlY4ySqX-cm4UrdhZBygnHPqCFpFOo4yaZ1J709F8N9yUjCqAum0hIF6DBM7c1042Dj3cizR3Y\/s400\/GRUPO+CHICOS+SOLOS.jpg\" width=\"400\" \/><\/a><\/div>\n<div class=\"separator\" style=\"clear: both;text-align: center\"><a href=\"https:\/\/www.bfv.cloud\/ajedrezeuropa\/wp-content\/uploads\/2010\/08\/CLASEDEUBILAVA.jpg\" style=\"clear: left;float: left;margin-bottom: 1em;margin-right: 1em\"><img decoding=\"async\" border=\"0\" src=\"https:\/\/blogger.googleusercontent.com\/img\/b\/R29vZ2xl\/AVvXsEg5SBrKscnnUwrGSy2MMuVvBGF71O9pnTmvDyDcCYOSx-9P9hbX908z0m1MS1AabExRABrUDvD4AaIeIjUD4_Y12oWScaYA5o4FFIROOZXOKj3pDFdc9RU0MjUgkbk9CuLMkjCPoK8J_kw\/s320\/CLASE+DE+UBILAVA.jpg\" \/><\/a><\/div>\n<p><\/p>\n<div class=\"separator\" style=\"clear: both;text-align: center\"><a href=\"https:\/\/www.bfv.cloud\/ajedrezeuropa\/wp-content\/uploads\/2010\/08\/CLASEDEHERMINIO.jpg\" style=\"clear: right;float: right;margin-bottom: 1em;margin-left: 1em\"><img decoding=\"async\" border=\"0\" src=\"https:\/\/blogger.googleusercontent.com\/img\/b\/R29vZ2xl\/AVvXsEgiVeZGoFsVSZo51QIicvotdVEvycS6vWn__sx6ETU8ZhDmf3sdj2ydqf3CvTtwQyeNNgiN9R7TUxfCigqyojKR2PMYNuqnpwEgMFsqYHQ2i6JRE47DYtlkt1P1Xq2kCn8SwsE5Z3dFpsY\/s320\/CLASE+DE+HERMINIO.jpg\" \/><\/a><\/div>\n<p>Arriba, un momento de la clase del gran maestro georgiano Elizbar Ubilava. A la derecha, el gran maestro Herminio Herr\u00e1iz mientras explica una de sus posiciones de an\u00e1lisis.<br \/>\nAbajo,&nbsp;el grupo de iniciaci\u00f3n de Antonio Albo.<\/p>\n<div style=\"border-bottom: medium none;border-left: medium none;border-right: medium none;border-top: medium none\"><\/div>\n<p><\/p>\n<div style=\"border-bottom: medium none;border-left: medium none;border-right: medium none;border-top: medium none\">\n<div style=\"border-bottom: medium none;border-left: medium none;border-right: medium none;border-top: medium none\"><a href=\"https:\/\/www.bfv.cloud\/ajedrezeuropa\/wp-content\/uploads\/2010\/08\/CLASEDEANTONIO.jpg\" style=\"clear: left;float: left;margin-bottom: 1em;margin-right: 1em\"><img decoding=\"async\" border=\"0\" src=\"https:\/\/blogger.googleusercontent.com\/img\/b\/R29vZ2xl\/AVvXsEhZXz3nCe7Q2FLg7IUxJxG42w2stpWa5mZ5ZyHE4qfT98jOxCeDYUXLo0iuO-8peYrXohCFZ2x4REPUymLvJbRB1a5eEE2BnVYsI8Tzzspp8qW4I3TYfkVLoyOzX9exnAeJVFQ8LJVz9ug\/s320\/CLASE+DE+ANTONIO.jpg\" \/><\/a><br \/>\n&nbsp;<\/div>\n<\/div>\n<div align=\"center\" style=\"border-bottom: medium none;border-left: medium none;border-right: medium none;border-top: medium none\">\n<div style=\"border-bottom: medium none;border-left: medium none;border-right: medium none;border-top: medium none\">\n<\/div>\n<div style=\"border-bottom: medium none;border-left: medium none;border-right: medium none;border-top: medium none\">\n<\/div>\n<div style=\"border-bottom: medium none;border-left: medium none;border-right: medium none;border-top: medium none\">\n<\/div>\n<div style=\"border-bottom: medium none;border-left: medium none;border-right: medium none;border-top: medium none\"><\/div>\n<\/div>\n<div class=\"separator\" style=\"border-bottom: medium none;border-left: medium none;border-right: medium none;border-top: medium none;clear: both;text-align: center\"><a href=\"https:\/\/www.bfv.cloud\/ajedrezeuropa\/wp-content\/uploads\/2010\/08\/CLASEDEANAISABEL.jpg\" style=\"clear: right;float: right;margin-bottom: 1em;margin-left: 1em\"><img decoding=\"async\" border=\"0\" height=\"300\" src=\"https:\/\/blogger.googleusercontent.com\/img\/b\/R29vZ2xl\/AVvXsEh1GyHUWrN4p8-Low6GUPWRSDc8-2TgqPDZEIEDY6k9B4svRA06l8aQiR31jpGDdOkdi5vbHOveLVMtQKsgMysy5b7ipBMcNG68g7XgcDQM4gxyRgRc7jlXJf6f8mawVGtVkfSZU_GRBd0\/s400\/CLASE+DE+ANA+ISABEL.jpg\" width=\"400\" \/><\/a><\/div>\n<p>A la derecha el grupo de competici\u00f3n femenino de Ana Isabel Gonz\u00e1lez. Abajo el otro grupo de iniciaci\u00f3n, a cargo de Sergio Y\u00e9benes. <\/p>\n<div class=\"separator\" style=\"border-bottom: medium none;border-left: medium none;border-right: medium none;border-top: medium none;clear: both;text-align: center\"><a href=\"https:\/\/www.bfv.cloud\/ajedrezeuropa\/wp-content\/uploads\/2010\/08\/CLASEDEANTONIO.jpg\" style=\"clear: right;float: right;margin-bottom: 1em;margin-left: 1em\"><img loading=\"lazy\" decoding=\"async\" border=\"0\" height=\"72\" src=\"https:\/\/blogger.googleusercontent.com\/img\/b\/R29vZ2xl\/AVvXsEhZXz3nCe7Q2FLg7IUxJxG42w2stpWa5mZ5ZyHE4qfT98jOxCeDYUXLo0iuO-8peYrXohCFZ2x4REPUymLvJbRB1a5eEE2BnVYsI8Tzzspp8qW4I3TYfkVLoyOzX9exnAeJVFQ8LJVz9ug\/s320\/CLASE+DE+ANTONIO.jpg\" style=\"left: 662px;opacity: 0.3;position: absolute;top: 1595px\" width=\"96\" \/><\/a><a href=\"https:\/\/www.bfv.cloud\/ajedrezeuropa\/wp-content\/uploads\/2010\/08\/CLASEDESERGIO.jpg\" style=\"margin-left: 1em;margin-right: 1em\"><img loading=\"lazy\" decoding=\"async\" border=\"0\" height=\"300\" src=\"https:\/\/blogger.googleusercontent.com\/img\/b\/R29vZ2xl\/AVvXsEgJRqmsnVT9ZZdrCuo2dwg38TOTaqw2o7mPZJznFsWzTCtN9PBfQMve42-K5YMRcT8fFRQTV75B2pYw7btTaEDLTF12LMg0bYaMZBd1zPkXwuAL1TYkkDOx_-Jeo4Y6ey1IU_-X9D81FaY\/s400\/CLASE+DE+SERGIO.jpg\" width=\"400\" \/><\/a><\/div>\n","protected":false},"excerpt":{"rendered":"<p>Finalizados los 3 d\u00edas de estancia en el centro juvenil \u00abLa Covadonga\u00bb de Alc\u00e1zar de San Juan, en el d\u00eda de ayer, el III campus \u00abNuestro Ajedrez en Europa\u00bb se trasladaba y retomaba sus clases en&nbsp;6 aulas de la&nbsp;casa de la cultura de Villafranca, 5 dedicadas a la preparaci\u00f3n de los grupos de perfeccionamiento y [&hellip;]<\/p>\n","protected":false},"author":1,"featured_media":4151,"comment_status":"open","ping_status":"closed","sticky":false,"template":"","format":"standard","meta":{"footnotes":""},"categories":[1],"tags":[],"class_list":["post-4150","post","type-post","status-publish","format-standard","has-post-thumbnail","hentry","category-noticias"],"_links":{"self":[{"href":"https:\/\/www.bfv.cloud\/ajedrezeuropa\/wp-json\/wp\/v2\/posts\/4150","targetHints":{"allow":["GET"]}}],"collection":[{"href":"https:\/\/www.bfv.cloud\/ajedrezeuropa\/wp-json\/wp\/v2\/posts"}],"about":[{"href":"https:\/\/www.bfv.cloud\/ajedrezeuropa\/wp-json\/wp\/v2\/types\/post"}],"author":[{"embeddable":true,"href":"https:\/\/www.bfv.cloud\/ajedrezeuropa\/wp-json\/wp\/v2\/users\/1"}],"replies":[{"embeddable":true,"href":"https:\/\/www.bfv.cloud\/ajedrezeuropa\/wp-json\/wp\/v2\/comments?post=4150"}],"version-history":[{"count":1,"href":"https:\/\/www.bfv.cloud\/ajedrezeuropa\/wp-json\/wp\/v2\/posts\/4150\/revisions"}],"predecessor-version":[{"id":4158,"href":"https:\/\/www.bfv.cloud\/ajedrezeuropa\/wp-json\/wp\/v2\/posts\/4150\/revisions\/4158"}],"wp:featuredmedia":[{"embeddable":true,"href":"https:\/\/www.bfv.cloud\/ajedrezeuropa\/wp-json\/wp\/v2\/media\/4151"}],"wp:attachment":[{"href":"https:\/\/www.bfv.cloud\/ajedrezeuropa\/wp-json\/wp\/v2\/media?parent=4150"}],"wp:term":[{"taxonomy":"category","embeddable":true,"href":"https:\/\/www.bfv.cloud\/ajedrezeuropa\/wp-json\/wp\/v2\/categories?post=4150"},{"taxonomy":"post_tag","embeddable":true,"href":"https:\/\/www.bfv.cloud\/ajedrezeuropa\/wp-json\/wp\/v2\/tags?post=4150"}],"curies":[{"name":"wp","href":"https:\/\/api.w.org\/{rel}","templated":true}]}}