{"id":4162,"date":"2016-11-24T23:31:00","date_gmt":"2016-11-24T23:31:00","guid":{"rendered":"https:\/\/www.bfv.cloud\/ajedrezeuropa\/index.php\/2016\/11\/24\/el-campeonato-de-espana-por-equipos-de-benidorm-contara-con-3-equipos-de-nuestro-ajedrez\/"},"modified":"2025-11-20T11:12:52","modified_gmt":"2025-11-20T11:12:52","slug":"el-campeonato-de-espana-por-equipos-de-benidorm-contara-con-3-equipos-de-nuestro-ajedrez","status":"publish","type":"post","link":"https:\/\/www.bfv.cloud\/ajedrezeuropa\/el-campeonato-de-espana-por-equipos-de-benidorm-contara-con-3-equipos-de-nuestro-ajedrez\/","title":{"rendered":"\u00a1\u00a1EL CAMPEONATO DE ESPA\u00d1A POR EQUIPOS DE BENIDORM CONTAR\u00c1 CON 3 EQUIPOS DE NUESTRO AJEDREZ!!"},"content":{"rendered":"<div class=\"separator\" style=\"clear: both;text-align: left\">\n<a href=\"https:\/\/www.bfv.cloud\/ajedrezeuropa\/wp-content\/uploads\/2016\/11\/0001252852529.jpg\" style=\"clear: left;float: left;margin-bottom: 1em;margin-right: 1em\"><img fetchpriority=\"high\" decoding=\"async\" border=\"0\" height=\"400\" src=\"https:\/\/blogger.googleusercontent.com\/img\/b\/R29vZ2xl\/AVvXsEhMtUe3oKFs-MNEP7bxGstCbuamlR8BqVTtLWlvW2JTXEgb80rss4n6ss3q29reZiPYMhrRH3ZfRqQGiJIH_Nt4XSJbTo6KSFf9_1J1VyvjPosSgLxEq0X7qUTG-Ut23bLYh2dsfEbO2zA\/s400\/0001+%25285%2529.jpg\" width=\"261\" \/><\/a><span style=\", sans-serif;font-size: large\"><\/span><\/div>\n<div style=\"text-align: left\">\n<span style=\", sans-serif;font-size: large\"><span style=\", sans-serif;font-size: large\">La 9\u00aa edici\u00f3n del Campeonato de Espa\u00f1a por Equipos de Club llega con la novedad de la doble categor\u00eda sub-18 y sub-12, con la que se quiere conseguir mayor promoci\u00f3n y m\u00e1s participaci\u00f3n en este torneo que hasta el a\u00f1o pasado se limitaba a los jugadores de hasta 16 a\u00f1os de edad.<\/span><\/span><\/div>\n<div style=\"text-align: left\">\n<span style=\", sans-serif;font-size: large\"><span style=\"color: #20124d\"><b><u style=\"font-style: italic\"><br \/><\/u><\/b><\/span><\/span><\/div>\n<div style=\"text-align: left\">\n<span style=\", sans-serif;font-size: large\"><span style=\"color: #20124d\"><b><u style=\"font-style: italic\">UN EQUIPO SUB-12 Y DOS SUB-18 REPRESENTAR\u00c1N A NUESTROS CLUBES<\/u>&nbsp;<\/b><\/span>&nbsp; &nbsp; &nbsp; &nbsp; &nbsp;<\/span><\/div>\n<div style=\"text-align: left\">\n<span style=\", sans-serif;font-size: large\"><span style=\"color: #20124d\">Por vez primera en las 8 temporadas consecutivas que los j\u00f3venes equipos del proyecto Nuestro Ajedrez en Europa llevan acudiendo a la cita del hotel Bali de Benidorm, ser\u00e1n 3 los equipos que participar\u00e1n con 11 chicos y 5 chicas en sus \u00f3rdenes de fuerza:<\/span><\/span><br \/>\n<span style=\", sans-serif;font-size: large\"><span style=\"color: #20124d\"><br \/><\/span><\/span><\/p>\n<div style=\"text-align: center\">\n<span style=\"color: #20124d;font-family: verdana, sans-serif;font-size: large\"><i><u>CD NUESTRO AJEDREZ EN EUROPA S-18<\/u><\/i><\/span><\/div>\n<div style=\"text-align: center\">\n<span style=\"color: #20124d;font-family: verdana, sans-serif;font-size: large\"><i>1. Javier Valdepe\u00f1as Octavio<\/i><\/span><\/div>\n<div style=\"text-align: center\">\n<span style=\"color: #20124d;font-family: verdana, sans-serif;font-size: large\"><i>2. Roberto L\u00f3pez N\u00fa\u00f1ez<\/i><\/span><\/div>\n<div style=\"text-align: center\">\n<span style=\"color: #20124d;font-family: verdana, sans-serif;font-size: large\"><i>3. Alfredo Amador And\u00fajar<\/i><\/span><\/div>\n<div style=\"text-align: center\">\n<span style=\"color: #20124d;font-family: verdana, sans-serif;font-size: large\"><i>4. Irene Sim\u00f3n Escalona<\/i><\/span><\/div>\n<div style=\"text-align: center\">\n<span style=\"color: #20124d;font-family: verdana, sans-serif;font-size: large\"><i>5. Julio M\u00e9rida Ortiz<\/i><\/span><\/div>\n<div style=\"text-align: center\">\n<span style=\"color: #20124d;font-family: verdana, sans-serif;font-size: large\"><i><br \/><\/i><\/span><\/div>\n<div style=\"text-align: center\">\n<span style=\"color: #20124d;font-family: verdana, sans-serif;font-size: large\"><i><u>CD NUESTRO AJEDREZ POR LA IGUALDAD S-18<\/u><\/i><\/span><\/div>\n<div style=\"text-align: center\">\n<span style=\"color: #20124d;font-family: verdana, sans-serif;font-size: large\"><i>1. Enrique Velasco Aragon\u00e9s<\/i><\/span><\/div>\n<div style=\"text-align: center\">\n<span style=\"color: #20124d;font-family: verdana, sans-serif;font-size: large\"><i>2. M\u00aa Isabel Marcos-Alberca Lizcano<\/i><\/span><\/div>\n<div style=\"text-align: center\">\n<span style=\"color: #20124d;font-family: verdana, sans-serif;font-size: large\"><i>3. Mar\u00eda Oliver Ropero<\/i><\/span><\/div>\n<div style=\"text-align: center\">\n<span style=\"color: #20124d;font-family: verdana, sans-serif;font-size: large\"><i>4. Clara Vela Adri\u00e1n<\/i><\/span><\/div>\n<div style=\"text-align: center\">\n<span style=\"color: #20124d;font-family: verdana, sans-serif;font-size: large\"><i>5. Arsenio L\u00f3pez Ochoa<\/i><\/span><\/div>\n<div style=\"text-align: center\">\n<span style=\"color: #20124d;font-family: verdana, sans-serif;font-size: large\"><i><br \/><\/i><\/span><\/div>\n<div style=\"text-align: center\">\n<span style=\"color: #20124d;font-family: verdana, sans-serif;font-size: large\"><i><u>CD NUESTRO AJEDREZ POR LA IGUALDAD S-12<\/u><\/i><\/span><\/div>\n<div style=\"text-align: center\">\n<span style=\"color: #20124d;font-family: verdana, sans-serif;font-size: large\"><i>1. Alonso L\u00f3pez N\u00fa\u00f1ez<\/i><\/span><\/div>\n<div style=\"text-align: center\">\n<span style=\"color: #20124d;font-family: verdana, sans-serif;font-size: large\"><i>2. Nuria Lozano Serrano<\/i><\/span><\/div>\n<div style=\"text-align: center\">\n<span style=\"color: #20124d;font-family: verdana, sans-serif;font-size: large\"><i>3. Juan Francisco Mar\u00edn Torres<\/i><\/span><\/div>\n<div style=\"text-align: center\">\n<span style=\"color: #20124d;font-family: verdana, sans-serif;font-size: large\"><i>4. Gabriel Amador And\u00fajar<\/i><\/span><\/div>\n<div style=\"text-align: center\">\n<span style=\"color: #20124d;font-family: verdana, sans-serif;font-size: large\"><i>5. Daniel Climent Castillo<\/i><\/span><\/div>\n<div style=\"text-align: center\">\n<span style=\"color: #20124d;font-family: verdana, sans-serif;font-size: large\"><i>6. Roberto Yeghiazaryan Petrosyan<\/i><\/span><\/div>\n<div style=\"text-align: center\">\n<span style=\"color: #20124d;font-family: verdana, sans-serif;font-size: large\"><i><br \/><\/i><\/span><\/div>\n<div style=\"text-align: left\">\n<span style=\"color: #20124d;font-family: verdana, sans-serif;font-size: large\"><b><i><u>UNA GRAN PARTICIPACI\u00d3N QUE ES POSIBLE GRACIAS A TODOS LOS QUE NOS AYUDAN<\/u><\/i><\/b><\/span><\/div>\n<div style=\"text-align: left\">\n<span style=\"color: #20124d;font-family: verdana, sans-serif;font-size: large\">Esta oportunidad \u00fanica para seguir creciendo que tienen los ajedrecistas de las escuelas de Alc\u00e1zar de San Juan y Villafranca de los Caballeros hay que agradecerla a los dos ayuntamientos que patrocinan el proyecto y a la Diputaci\u00f3n de Toledo.<\/span><\/div>\n<div style=\"text-align: left\">\n<span style=\"color: #20124d;font-family: verdana, sans-serif;font-size: large\">Los 16 jugadores ya vienen entrenando para este campeonato y recibir\u00e1n el apoyo t\u00e9cnico durante el torneo de los preparadores: Herminio Herr\u00e1iz, Silvia Toribio y Jes\u00fas M\u00aa Bricio.<\/span><\/div>\n<div style=\"text-align: left\">\n<span style=\"color: #20124d;font-family: verdana, sans-serif;font-size: large\">\u00a1\u00a1Buena competici\u00f3n a todos!!<\/span><\/div>\n<\/div>\n","protected":false},"excerpt":{"rendered":"<p>La 9\u00aa edici\u00f3n del Campeonato de Espa\u00f1a por Equipos de Club llega con la novedad de la doble categor\u00eda sub-18 y sub-12, con la que se quiere conseguir mayor promoci\u00f3n y m\u00e1s participaci\u00f3n en este torneo que hasta el a\u00f1o pasado se limitaba a los jugadores de hasta 16 a\u00f1os de edad. UN EQUIPO SUB-12 [&hellip;]<\/p>\n","protected":false},"author":1,"featured_media":4163,"comment_status":"open","ping_status":"closed","sticky":false,"template":"","format":"standard","meta":{"footnotes":""},"categories":[1],"tags":[],"class_list":["post-4162","post","type-post","status-publish","format-standard","has-post-thumbnail","hentry","category-noticias"],"_links":{"self":[{"href":"https:\/\/www.bfv.cloud\/ajedrezeuropa\/wp-json\/wp\/v2\/posts\/4162","targetHints":{"allow":["GET"]}}],"collection":[{"href":"https:\/\/www.bfv.cloud\/ajedrezeuropa\/wp-json\/wp\/v2\/posts"}],"about":[{"href":"https:\/\/www.bfv.cloud\/ajedrezeuropa\/wp-json\/wp\/v2\/types\/post"}],"author":[{"embeddable":true,"href":"https:\/\/www.bfv.cloud\/ajedrezeuropa\/wp-json\/wp\/v2\/users\/1"}],"replies":[{"embeddable":true,"href":"https:\/\/www.bfv.cloud\/ajedrezeuropa\/wp-json\/wp\/v2\/comments?post=4162"}],"version-history":[{"count":1,"href":"https:\/\/www.bfv.cloud\/ajedrezeuropa\/wp-json\/wp\/v2\/posts\/4162\/revisions"}],"predecessor-version":[{"id":4164,"href":"https:\/\/www.bfv.cloud\/ajedrezeuropa\/wp-json\/wp\/v2\/posts\/4162\/revisions\/4164"}],"wp:featuredmedia":[{"embeddable":true,"href":"https:\/\/www.bfv.cloud\/ajedrezeuropa\/wp-json\/wp\/v2\/media\/4163"}],"wp:attachment":[{"href":"https:\/\/www.bfv.cloud\/ajedrezeuropa\/wp-json\/wp\/v2\/media?parent=4162"}],"wp:term":[{"taxonomy":"category","embeddable":true,"href":"https:\/\/www.bfv.cloud\/ajedrezeuropa\/wp-json\/wp\/v2\/categories?post=4162"},{"taxonomy":"post_tag","embeddable":true,"href":"https:\/\/www.bfv.cloud\/ajedrezeuropa\/wp-json\/wp\/v2\/tags?post=4162"}],"curies":[{"name":"wp","href":"https:\/\/api.w.org\/{rel}","templated":true}]}}