{"id":4165,"date":"2014-04-14T23:43:00","date_gmt":"2014-04-14T23:43:00","guid":{"rendered":"https:\/\/www.bfv.cloud\/ajedrezeuropa\/index.php\/2014\/04\/14\/nuestro-ajedrez-en-europa-suma-3-trofeos-en-el-regional-por-edades\/"},"modified":"2025-11-20T11:12:59","modified_gmt":"2025-11-20T11:12:59","slug":"nuestro-ajedrez-en-europa-suma-3-trofeos-en-el-regional-por-edades","status":"publish","type":"post","link":"https:\/\/www.bfv.cloud\/ajedrezeuropa\/nuestro-ajedrez-en-europa-suma-3-trofeos-en-el-regional-por-edades\/","title":{"rendered":"NUESTRO AJEDREZ EN EUROPA SUMA 3 TROFEOS EN EL REGIONAL POR EDADES"},"content":{"rendered":"<table cellpadding=\"0\" cellspacing=\"0\" class=\"tr-caption-container\" style=\"float: left;margin-right: 1em;text-align: left\">\n<tbody>\n<tr>\n<td style=\"text-align: center\"><a href=\"https:\/\/www.bfv.cloud\/ajedrezeuropa\/wp-content\/uploads\/2014\/04\/REGIONALEDADES2014023.jpg\" style=\"clear: left;margin-bottom: 1em;margin-left: auto;margin-right: auto\"><img fetchpriority=\"high\" decoding=\"async\" border=\"0\" src=\"https:\/\/www.bfv.cloud\/ajedrezeuropa\/wp-content\/uploads\/2014\/04\/REGIONALEDADES2014023.jpg\" height=\"436\" width=\"640\" \/><\/a><\/td>\n<\/tr>\n<tr>\n<td class=\"tr-caption\" style=\"text-align: center\">Todos nuestros jugadores con sus entrenadores, Luismi y Jorge<\/td>\n<\/tr>\n<\/tbody>\n<\/table>\n<div class=\"MsoTitle\" style=\"text-align: justify\">\n<span style=\"font-size: 12.0pt\"><span style=\"font-family: Trebuchet MS, sans-serif\"><b><u>Dos<br \/>\nsubcampeonas regionales y un tercer puesto masculino<\/u><\/b><\/span><\/span><\/div>\n<div class=\"MsoTitle\" style=\"text-align: justify\">\n<\/div>\n<div class=\"MsoTitle\" style=\"text-align: justify\">\n<span style=\"font-size: 12pt\"><span style=\"font-family: Trebuchet MS, sans-serif\">Ha finalizado el Campeonato por<br \/>\nEdades de Castilla-La Mancha que, desde el pasado viernes 11 hasta el lunes 14 de abril, se ha<br \/>\ncelebrado en lo localidad alcarre\u00f1a de Horche. La participaci\u00f3n de los 15<br \/>\najedrecistas de Nuestro Ajedrez en Europa tiene como referentes principales a<br \/>\nlos 3 premiados, 2 chicas y un chico, que contin\u00faan evolucionando positivamente<br \/>\nen el mundo del ajedrez. El numeroso grupo que nos ha representado, junto a otros<br \/>\njugadores y jugadoras que en esta ocasi\u00f3n no han podido asistir, son el mejor<br \/>\nejemplo, por trabajo y constancia, para sus compa\u00f1eros de menor edad en las escuelas de<br \/>\nAlc\u00e1zar y Villafranca.&nbsp; Los resultados<br \/>\nm\u00e1s sobresalientes son:<\/p>\n<table cellpadding=\"0\" cellspacing=\"0\" class=\"tr-caption-container\" style=\"float: left;margin-right: 1em;text-align: left\">\n<tbody>\n<tr>\n<td style=\"text-align: center\"><a href=\"https:\/\/www.bfv.cloud\/ajedrezeuropa\/wp-content\/uploads\/2014\/04\/REGIONALEDADES2014039.jpg\" style=\"clear: left;margin-bottom: 1em;margin-left: auto;margin-right: auto\"><img decoding=\"async\" border=\"0\" src=\"https:\/\/www.bfv.cloud\/ajedrezeuropa\/wp-content\/uploads\/2014\/04\/REGIONALEDADES2014039.jpg\" height=\"400\" width=\"171\" \/><\/a><\/td>\n<\/tr>\n<tr>\n<td class=\"tr-caption\" style=\"text-align: center\">Irene recoge su trofeo<br \/>\njunto a la 3\u00aa clasificada,<br \/>\nCarmen M\u00aa Benito<\/td>\n<\/tr>\n<\/tbody>\n<\/table>\n<p><\/span><\/span><\/div>\n<table cellpadding=\"0\" cellspacing=\"0\" class=\"tr-caption-container\" style=\"float: right;text-align: right\">\n<tbody>\n<tr>\n<td style=\"text-align: center\"><a href=\"https:\/\/www.bfv.cloud\/ajedrezeuropa\/wp-content\/uploads\/2014\/04\/REGIONALEDADES2014038.jpg\" style=\"clear: right;margin-bottom: 1em;margin-left: auto;margin-right: auto\"><img decoding=\"async\" border=\"0\" src=\"https:\/\/www.bfv.cloud\/ajedrezeuropa\/wp-content\/uploads\/2014\/04\/REGIONALEDADES2014038.jpg\" height=\"400\" width=\"135\" \/><\/a><\/td>\n<\/tr>\n<tr>\n<td class=\"tr-caption\" style=\"text-align: center\">Nuria, subcampeona<br \/>\ndel sub-10<\/td>\n<\/tr>\n<\/tbody>\n<\/table>\n<div class=\"MsoTitle\" style=\"margin-left: 36pt;text-align: center;text-indent: -18pt\">\n<!--[if !supportLists]--><span style=\"background-color: #fff2cc;color: #660000\"><span style=\"font-size: 12pt\"><span style=\"font-family: Wingdings\">\u00d8<\/span><span style=\"font-family: 'Times New Roman';font-size: 7pt\">&nbsp;<\/span><span style=\"font-size: 7pt\"><span style=\"font-family: Trebuchet MS, sans-serif\"> <\/span><\/span><\/span><!--[endif]--><span style=\"font-size: 12pt\"><span style=\"font-family: Trebuchet MS, sans-serif\">2 subcampeonas<br \/>\nregionales,<\/span><\/span><\/span><\/div>\n<div class=\"MsoTitle\" style=\"text-align: left\">\n<span style=\"font-size: 12pt\"><span style=\"background-color: #fff2cc;color: #660000\">&nbsp; &nbsp; &nbsp;&nbsp;<span style=\"font-family: Trebuchet MS, sans-serif\">Irene Sim\u00f3n en la categor\u00eda sub-14<\/span><\/span><\/span><\/div>\n<div class=\"MsoTitle\" style=\"text-align: center\">\n<span style=\"font-size: 12pt\"><span style=\"background-color: #fff2cc;color: #660000\"><span style=\"font-family: Trebuchet MS, sans-serif\">&nbsp;Nuria<br \/>\nLozano en sub-10<\/span><\/span><\/span><\/div>\n<div class=\"MsoTitle\" style=\"margin-left: 36pt;text-align: center;text-indent: -18pt\">\n<!--[if !supportLists]--><span style=\"background-color: #fff2cc;color: #660000\"><span style=\"font-size: 12pt\"><span style=\"font-family: Wingdings\">\u00d8<\/span><span style=\"font-size: 7pt\"><span style=\"font-family: Trebuchet MS, sans-serif\">&nbsp; <\/span><\/span><\/span><!--[endif]--><span style=\"font-size: 12pt\"><span style=\"font-family: Trebuchet MS, sans-serif\">Un tercer<br \/>\npuesto masculino,<\/span><\/span><\/span><\/div>\n<div class=\"MsoTitle\" style=\"text-align: center\">\n<span style=\"font-size: 12pt\"><span style=\"background-color: #fff2cc;color: #660000\"><span style=\"font-family: Trebuchet MS, sans-serif\">Javier<br \/>\nValdepe\u00f1as en sub-16<\/span><\/span><\/span><\/div>\n<div class=\"MsoTitle\" style=\"margin-left: 36pt;text-align: center;text-indent: -18pt\">\n<!--[if !supportLists]--><span style=\"background-color: #fff2cc;color: #660000\"><span style=\"font-family: Wingdings;font-size: 12pt\">\u00d8<span style=\"font-family: 'Times New Roman';font-size: 7pt\">&nbsp; <\/span><\/span><!--[endif]--><span style=\"font-size: 12pt\"><span style=\"font-family: Trebuchet MS, sans-serif\">2 cuartas<br \/>\nplazas,<\/span><\/span><\/span><\/div>\n<div class=\"MsoTitle\" style=\"text-align: center\">\n<span style=\"background-color: #fff2cc\"><span style=\"font-size: 12pt\"><span style=\"color: #660000\"><span style=\"font-family: Trebuchet MS, sans-serif\">Silvia<br \/>\nToribio en sub-16<\/span><\/span><\/span><span style=\"color: #660000;font-family: 'Trebuchet MS', sans-serif;font-size: 12pt\">&nbsp;Isabel Marcos-Alberca<br \/>\nen sub-12<\/span><\/span><\/div>\n<div class=\"MsoTitle\" style=\"text-align: center\">\n<\/div>\n<div class=\"MsoTitle\" style=\"text-align: justify\">\n<span style=\"font-size: 12pt\"><span style=\"font-family: Trebuchet MS, sans-serif\">Adem\u00e1s, los otros 10 chicos y chicas,<br \/>\nhan continuado con su preparaci\u00f3n t\u00e9cnica, alcanzando varios de ellos<br \/>\nposiciones destacadas en sus respectivas categor\u00edas:<\/span><\/span><\/div>\n<div class=\"MsoTitle\" style=\"margin-left: 36.0pt;text-indent: -18.0pt\">\n<!--[if !supportLists]--><span style=\"color: #660000\"><span style=\"background-color: #fff2cc\"><span style=\"font-size: 12pt\"><span style=\"font-family: Wingdings\">\u00d8<\/span><span style=\"font-family: 'Times New Roman';font-size: 7pt\">&nbsp;<\/span><span style=\"font-size: 7pt\"><span style=\"font-family: Trebuchet MS, sans-serif\"> <\/span><\/span><\/span><!--[endif]--><\/span><span style=\"font-size: 12pt\"><span style=\"background-color: #fff2cc;font-family: Trebuchet MS, sans-serif\">En el sub-18,<br \/>\nla categor\u00eda de mayor edad y de mayor nivel de juego de todas, Isaac Lozano, ha<br \/>\nconseguido una meritoria 6\u00aa plaza tras sumar 3,5 puntos.<\/span><span style=\"background-color: #b6d7a8\"><\/span><\/span><\/span><\/div>\n<div class=\"MsoTitle\" style=\"margin-left: 36.0pt;text-indent: -18.0pt\">\n<span style=\"background-color: #b6d7a8\"><span style=\"color: #660000\"><span style=\"font-size: 12pt\"><span style=\"font-family: Wingdings\"><br \/><\/span><\/span><\/span><\/span><\/div>\n<table cellpadding=\"0\" cellspacing=\"0\" class=\"tr-caption-container\" style=\"float: left;text-align: left\">\n<tbody>\n<tr>\n<td style=\"text-align: center\"><a href=\"https:\/\/www.bfv.cloud\/ajedrezeuropa\/wp-content\/uploads\/2014\/04\/REGIONALEDADES2014041.jpg\" style=\"clear: left;margin-bottom: 1em;margin-left: auto;margin-right: auto\"><img loading=\"lazy\" decoding=\"async\" border=\"0\" src=\"https:\/\/www.bfv.cloud\/ajedrezeuropa\/wp-content\/uploads\/2014\/04\/REGIONALEDADES2014041.jpg\" height=\"400\" width=\"168\" \/><\/a><\/td>\n<\/tr>\n<tr>\n<td class=\"tr-caption\" style=\"text-align: center\">Javier, bronce del sub-16<\/td>\n<\/tr>\n<\/tbody>\n<\/table>\n<div class=\"MsoTitle\" style=\"margin-left: 36.0pt;text-indent: -18.0pt\">\n<span style=\"background-color: #b6d7a8\"><span style=\"color: #660000\"><span style=\"font-size: 12pt\"><span style=\"font-family: Wingdings\"><\/span><\/span><\/span><\/span><br \/>\n<span style=\"background-color: #b6d7a8\"><span style=\"color: #660000\"><span style=\"font-size: 12pt\"><span style=\"font-family: Wingdings\"><\/span><\/span><\/span><\/span><\/div>\n<div class=\"MsoTitle\" style=\"margin-left: 36.0pt;text-indent: -18.0pt\">\n<\/div>\n<div class=\"MsoTitle\" style=\"margin-left: 36.0pt;text-indent: -18.0pt\">\n<span style=\"background-color: #b6d7a8\"><span style=\"color: #660000\"><span style=\"font-size: 12pt\"><span style=\"font-family: Wingdings\"><\/span><\/span><\/span><\/span><\/div>\n<div class=\"MsoTitle\" style=\"margin-left: 36.0pt;text-indent: -18.0pt\">\n<span style=\"background-color: #b6d7a8\"><span style=\"color: #660000\"><span style=\"font-size: 12pt\"><span style=\"font-family: Wingdings\"><br \/><\/span><\/span><\/span><\/span><\/div>\n<div class=\"MsoTitle\" style=\"margin-left: 36pt;text-align: center;text-indent: -18pt\">\n<!--[if !supportLists]--><span style=\"background-color: #fff2cc;color: #660000\"><span style=\"font-size: 12pt\"><span style=\"font-family: Wingdings\">\u00d8<\/span><span style=\"font-family: 'Times New Roman';font-size: 7pt\">&nbsp;<\/span><span style=\"font-size: 7pt\"><span style=\"font-family: Trebuchet MS, sans-serif\"> <\/span><\/span><\/span><!--[endif]--><span style=\"font-size: 12pt\"><span style=\"font-family: Trebuchet MS, sans-serif\">En sub-14,<br \/>\nIv\u00e1n Valencia, en su primera participaci\u00f3n en una competici\u00f3n auton\u00f3mica, ha<br \/>\nlogrado 3 puntos de los 6 posibles, mientras que Julio M\u00e9rida se ha quedado en<br \/>\n2 puntos.<\/span><\/span><\/span><\/div>\n<div class=\"MsoTitle\" style=\"margin-left: 36pt;text-align: center;text-indent: -18pt\">\n<!--[if !supportLists]--><span style=\"background-color: #fff2cc\"><span style=\"color: #660000\"><span style=\"font-size: 12pt\"><span style=\"font-family: Wingdings\">\u00d8<\/span><span style=\"font-size: 7pt\"><span style=\"font-family: Trebuchet MS, sans-serif\">&nbsp; <\/span><\/span><\/span><!--[endif]--><\/span><span style=\"font-size: 12pt\"><span style=\"color: #660000;font-family: Trebuchet MS, sans-serif\">En sub-12,<br \/>\ncon un grupo muy numeroso y prometedor, que son parte del futuro pr\u00f3ximo de<br \/>\nnuestro ajedrez, se est\u00e1n poniendo las bases para la formaci\u00f3n de un equipo con<br \/>\nmuy buena proyecci\u00f3n. Arturo Mate, con 3,5 puntos, ha ocupado la 16\u00aa posici\u00f3n;<br \/>\nEnrique Velasco la vig\u00e9sima, \u00d3scar Roncero ha terminado en la posici\u00f3n 35 y Pablo Vela en la 36. En lo que respecta a la clasificaci\u00f3n femenina, Julia Meza ha acabado 8\u00aa y Mar\u00eda Oliver 9\u00aa.<\/span><\/span><\/span><\/div>\n<div class=\"MsoTitle\" style=\"margin-left: 36pt;text-align: center;text-indent: -18pt\">\n<!--[if !supportLists]--><span style=\"background-color: #fff2cc\"><span style=\"font-family: Wingdings\">\u00d8<span style=\"font-family: 'Times New Roman';font-size: 7pt\"> <\/span><\/span><!--[endif]--><span style=\"font-size: 12pt\"><span style=\"font-family: Trebuchet MS, sans-serif\">En sub-10, Juan<br \/>\nFrancisco Mar\u00edn, se ha estrenado con brillantez al conseguir 4,5 puntos, ocupando<br \/>\nla 13\u00aa plaza.<\/span><\/span><\/span> <\/div>\n<div class=\"MsoTitle\" style=\"text-align: justify\">\n<\/div>\n<p><\/p>\n<table cellpadding=\"0\" cellspacing=\"0\" class=\"tr-caption-container\" style=\"float: right;margin-left: 1em;text-align: right\">\n<tbody>\n<tr>\n<td style=\"text-align: center\"><a href=\"https:\/\/www.bfv.cloud\/ajedrezeuropa\/wp-content\/uploads\/2014\/04\/REGIONALEDADES2014037.jpg\" style=\"clear: right;margin-bottom: 1em;margin-left: auto;margin-right: auto\"><img loading=\"lazy\" decoding=\"async\" border=\"0\" src=\"https:\/\/www.bfv.cloud\/ajedrezeuropa\/wp-content\/uploads\/2014\/04\/REGIONALEDADES2014037.jpg\" height=\"400\" width=\"315\" \/><\/a><\/td>\n<\/tr>\n<tr>\n<td class=\"tr-caption\" style=\"text-align: center\">Alonso recogiendo su trofeo<\/td>\n<\/tr>\n<\/tbody>\n<\/table>\n<div class=\"MsoTitle\" style=\"text-align: justify\">\n<span style=\"font-size: 12.0pt\"><span style=\"font-family: Trebuchet MS, sans-serif\"><b><u>Otros<br \/>\nparticipantes noveles<\/u><\/b><\/span><\/span><\/div>\n<div class=\"MsoTitle\" style=\"text-align: justify\">\n<\/div>\n<div class=\"MsoTitle\" style=\"text-align: justify\">\n<span style=\"font-size: 12pt\"><span style=\"font-family: Trebuchet MS, sans-serif\">Queremos hacer una menci\u00f3n especial a<br \/>\n4 jugadores debutantes en la competici\u00f3n regional, pertenecientes a escuelas y<br \/>\nclubes muy cercanos y queridos por nosotros. En primer lugar, originario de la escuela<br \/>\nde Illescas, \u00c1lvaro Moreno, entrenado por nuestro jugador y entrenador Daniel<br \/>\nP\u00edriz, ha logrado una destacada 10\u00aa posici\u00f3n con 4,5 puntos. Los otros 3 chicos<br \/>\nson alumnos de la escuela de Mora, preparados por Cristina Maestro y Clara<br \/>\nJim\u00e9nez, han obtenido una plaza en el cuadro de honor del campeonato gracias a<br \/>\nla 3\u00aa posici\u00f3n en el sub-8 de Alonso L\u00f3pez, con Alfredo Amador &nbsp;trig\u00e9simo en el sub-12 y Roberto L\u00f3pez 15\u00ba en<br \/>\nsub-14.<\/span><\/span><\/div>\n<div class=\"MsoTitle\" style=\"margin-left: 36.0pt;text-indent: -18.0pt\">\n<\/div>\n<div class=\"MsoTitle\" style=\"text-align: justify\">\n<span style=\"font-size: 12pt\"><span style=\"background-color: #fff2cc;color: #38761d;font-family: Trebuchet MS, sans-serif\"><b>Enhorabuena a todos y que los 19<br \/>\ncontin\u00faen con su afici\u00f3n durante muchos a\u00f1os.<\/b><\/span><\/span><\/div>\n","protected":false},"excerpt":{"rendered":"<p>Todos nuestros jugadores con sus entrenadores, Luismi y Jorge Dos subcampeonas regionales y un tercer puesto masculino Ha finalizado el Campeonato por Edades de Castilla-La Mancha que, desde el pasado viernes 11 hasta el lunes 14 de abril, se ha celebrado en lo localidad alcarre\u00f1a de Horche. La participaci\u00f3n de los 15 ajedrecistas de Nuestro [&hellip;]<\/p>\n","protected":false},"author":1,"featured_media":4166,"comment_status":"open","ping_status":"closed","sticky":false,"template":"","format":"standard","meta":{"footnotes":""},"categories":[1],"tags":[],"class_list":["post-4165","post","type-post","status-publish","format-standard","has-post-thumbnail","hentry","category-noticias"],"_links":{"self":[{"href":"https:\/\/www.bfv.cloud\/ajedrezeuropa\/wp-json\/wp\/v2\/posts\/4165","targetHints":{"allow":["GET"]}}],"collection":[{"href":"https:\/\/www.bfv.cloud\/ajedrezeuropa\/wp-json\/wp\/v2\/posts"}],"about":[{"href":"https:\/\/www.bfv.cloud\/ajedrezeuropa\/wp-json\/wp\/v2\/types\/post"}],"author":[{"embeddable":true,"href":"https:\/\/www.bfv.cloud\/ajedrezeuropa\/wp-json\/wp\/v2\/users\/1"}],"replies":[{"embeddable":true,"href":"https:\/\/www.bfv.cloud\/ajedrezeuropa\/wp-json\/wp\/v2\/comments?post=4165"}],"version-history":[{"count":1,"href":"https:\/\/www.bfv.cloud\/ajedrezeuropa\/wp-json\/wp\/v2\/posts\/4165\/revisions"}],"predecessor-version":[{"id":4171,"href":"https:\/\/www.bfv.cloud\/ajedrezeuropa\/wp-json\/wp\/v2\/posts\/4165\/revisions\/4171"}],"wp:featuredmedia":[{"embeddable":true,"href":"https:\/\/www.bfv.cloud\/ajedrezeuropa\/wp-json\/wp\/v2\/media\/4166"}],"wp:attachment":[{"href":"https:\/\/www.bfv.cloud\/ajedrezeuropa\/wp-json\/wp\/v2\/media?parent=4165"}],"wp:term":[{"taxonomy":"category","embeddable":true,"href":"https:\/\/www.bfv.cloud\/ajedrezeuropa\/wp-json\/wp\/v2\/categories?post=4165"},{"taxonomy":"post_tag","embeddable":true,"href":"https:\/\/www.bfv.cloud\/ajedrezeuropa\/wp-json\/wp\/v2\/tags?post=4165"}],"curies":[{"name":"wp","href":"https:\/\/api.w.org\/{rel}","templated":true}]}}