{"id":4172,"date":"2015-12-14T22:45:00","date_gmt":"2015-12-14T22:45:00","guid":{"rendered":"https:\/\/www.bfv.cloud\/ajedrezeuropa\/index.php\/2015\/12\/14\/de-nuevo-campeones-por-equipos-de-toledo\/"},"modified":"2025-11-20T11:13:07","modified_gmt":"2025-11-20T11:13:07","slug":"de-nuevo-campeones-por-equipos-de-toledo","status":"publish","type":"post","link":"https:\/\/www.bfv.cloud\/ajedrezeuropa\/de-nuevo-campeones-por-equipos-de-toledo\/","title":{"rendered":"\u00a1\u00a1DE NUEVO, CAMPEONES POR EQUIPOS DE TOLEDO!!"},"content":{"rendered":"<p><\/p>\n<table align=\"center\" cellpadding=\"0\" cellspacing=\"0\" class=\"tr-caption-container\" style=\"margin-left: auto;margin-right: auto;text-align: center\">\n<tbody>\n<tr>\n<td style=\"text-align: center\"><a href=\"https:\/\/www.bfv.cloud\/ajedrezeuropa\/wp-content\/uploads\/2015\/12\/SAM_2369.jpg\" style=\"margin-left: auto;margin-right: auto\"><img fetchpriority=\"high\" decoding=\"async\" border=\"0\" height=\"322\" src=\"https:\/\/blogger.googleusercontent.com\/img\/b\/R29vZ2xl\/AVvXsEjbwXJteTOh5aD1p_vIKF02ga5-zWf0iLJw2B8NQ0yXrJVVu_wGAwbS09q2U88T871d9q7dHhNp9bEmAllD36oGdC5k5Tk2AvBxiwVsX5GdtCm3OFPmUOnS7Hrrh2WbfHH1mX8p3xYL6kk\/s640\/SAM_2369.JPG\" width=\"640\" \/><\/a><\/td>\n<\/tr>\n<tr>\n<td class=\"tr-caption\" style=\"text-align: center\">El grupo de jugadores de nuestros equipos en la \u00faltima jornada del Provincial por Equipos de Toledo<\/td>\n<\/tr>\n<\/tbody>\n<\/table>\n<div class=\"MsoTitle\" style=\"text-align: justify\">\n<span style=\", serif\"><b>El equipo&nbsp; absoluto de NUESTRO AJEDREZ EN EUROPA<br \/>\n\u201cA\u201d&nbsp; ha revalidado el titulo de campe\u00f3n<br \/>\nen el Provincial por Equipos de 1\u00aa Divisi\u00f3n de Toledo tras la \u00faltima jornada<br \/>\ncelebrada el domingo 13 de diciembre. Este segundo oro consecutivo ha sido<br \/>\nposible gracias a las 5 victorias y 2 empates logrados en las 7 rondas de<br \/>\ncompetici\u00f3n, sumando 12 puntos de encuentro y 22,5 por tableros, distanciando<br \/>\nal 2\u00ba clasificado (LOS NAVALMORALES) en 5,5 puntos de este primer criterio de<br \/>\ndesempate tras resultar igualados en la puntuaci\u00f3n principal. El resto de<br \/>\nclubes participantes han quedado bastante distanciados de estos resultados, con<br \/>\nNUESTRO AJEDREZ EN EUROPA \u201cB\u201d situado en la 6\u00aa plaza y las dos formaciones de<br \/>\n\u201cNUESTRO AJEDREZ POR LA IGUALDAD\u201d en las posiciones 7\u00aa (A) y 10\u00aa (B) de la<br \/>\nclasificaci\u00f3n final.<\/b><\/span><\/div>\n<div class=\"MsoTitle\" style=\"text-align: justify\">\n<\/div>\n<div class=\"MsoTitle\" style=\"text-align: justify\">\n<i><span style=\", serif\"><u>UN<br \/>\nEQUIPO MUY FUERTE Y HOMOG\u00c9NEO<\/u><\/span><\/i><\/div>\n<div class=\"MsoTitle\" style=\"text-align: justify\">\n<\/div>\n<table cellpadding=\"0\" cellspacing=\"0\" class=\"tr-caption-container\" style=\"float: left;margin-right: 1em;text-align: left\">\n<tbody>\n<tr>\n<td style=\"text-align: center\"><a href=\"https:\/\/www.bfv.cloud\/ajedrezeuropa\/wp-content\/uploads\/2015\/12\/SAM_2366.jpg\" style=\"clear: left;margin-bottom: 1em;margin-left: auto;margin-right: auto\"><img decoding=\"async\" border=\"0\" height=\"246\" src=\"https:\/\/blogger.googleusercontent.com\/img\/b\/R29vZ2xl\/AVvXsEh_GGDxS5ujzPLnMi1x7MvT0DO6Yfk7bTqQcpxFZgSGVaEUsdjc76OucIKCSmTVJt1lo5VwhIyYo6pcmtKnIXVifwC9UX77Q5pf_tGOUOjDzFi8mCP9YPO4QnkqLZeSpXhkNGsnwVmWaPg\/s400\/SAM_2366.JPG\" width=\"400\" \/><\/a><\/td>\n<\/tr>\n<tr>\n<td class=\"tr-caption\" style=\"text-align: center\">NUESTRO AJEDREZ EN EUROPA \u00abA\u00bb recibe el trofeo de campe\u00f3n<br \/>\nprovincial de las manos de la representante del Ayto de Toledo<br \/>\ny de Juan Jos\u00e9 Sobrino, delegado de Toledo de la FACLM<\/td>\n<\/tr>\n<\/tbody>\n<\/table>\n<div class=\"MsoTitle\" style=\"text-align: justify\">\n<span style=\", serif\"><b>Si algo merece destacarse del equipo<br \/>\nde \u201cEUROPA \u2013 A\u201d es su fortaleza en los 4 tableros con cualquiera de los 7 jugadores<br \/>\nque han formado parte de sus alineaciones. Carlos \u00c1lvarez, Santiago Talavera,<br \/>\nAna Isabel Gonz\u00e1lez, Isaac Lozano, Daniel P\u00edriz, Luis Miguel Monreal y Jorge<br \/>\nSim\u00f3n, forman un grupo muy homog\u00e9neo, de gran calidad en su juego y con<br \/>\ncapacidad sobrada para intercambiar la responsabilidad de defender los primeros<br \/>\ntableros ante los rivales m\u00e1s duros y complicados.&nbsp; <\/b><\/span><\/div>\n<div class=\"MsoTitle\" style=\"text-align: justify\">\n<span style=\", serif\"><b>Esperemos que el calendario que se<br \/>\nestablezca para el Campeonato Regional por Equipos permita poder contar con la<br \/>\nmayor parte de estos magn\u00edficos 7 ajedrecistas para formar el orden de fuerza<br \/>\nde NUESTRO AJEDREZ EN EUROPA. Con ellos se puede asegurar la lucha por los 5<br \/>\nprimeros puestos de Castilla-La Mancha e incluso por el t\u00edtulo regional.<\/b><\/span><\/div>\n<div class=\"MsoTitle\" style=\"text-align: justify\">\n<\/div>\n<div align=\"left\" class=\"MsoTitle\">\n<i><span style=\", serif\"><u>EL RESTO DE EQUIPOS DEL PROYECTO EN 1\u00aa DIVISI\u00d3N<\/u><\/span><\/i><\/div>\n<div align=\"left\" class=\"MsoTitle\">\n<\/div>\n<table cellpadding=\"0\" cellspacing=\"0\" class=\"tr-caption-container\" style=\"float: left;margin-right: 1em;text-align: left\">\n<tbody>\n<tr>\n<td style=\"text-align: center\"><a href=\"https:\/\/www.bfv.cloud\/ajedrezeuropa\/wp-content\/uploads\/2015\/12\/SAM_2326.jpg\" style=\"clear: left;margin-bottom: 1em;margin-left: auto;margin-right: auto\"><img decoding=\"async\" border=\"0\" height=\"284\" src=\"https:\/\/blogger.googleusercontent.com\/img\/b\/R29vZ2xl\/AVvXsEiNvCMPTm2VOOXMEo3M793L-vEfLV-UKKJFdY4jOgxY9BZZ0vJELiyyv8c85I-mykbRu1uygjQm8YHJfKI6tGRYY2FYySrBDJp6sY142jkt8vl3EEwNjaV6134hhmDmsKkkmDUEjeHeMs8\/s320\/SAM_2326.JPG\" width=\"320\" \/><\/a><\/td>\n<\/tr>\n<tr>\n<td class=\"tr-caption\" style=\"text-align: center\">LA IGUALDAD presenta una formaci\u00f3n 100% femenina<br \/>\nen la \u00faltima ronda de 1\u00aa divisi\u00f3n<\/td>\n<\/tr>\n<\/tbody>\n<\/table>\n<div class=\"MsoTitle\" style=\"text-align: justify\">\n<span style=\", serif\"><b>Como antes hemos indicado, entre el<br \/>\ntotal de 11 equipos que han disputado el Provincial de Toledo en 1\u00aa Divisi\u00f3n se<br \/>\nencuentran 3 m\u00e1s pertenecientes al proyecto de las escuelas de ajedrez de<br \/>\nAlc\u00e1zar y Villafranca. En dos de ellos, los \u201cB\u201d de EUROPA y de LA IGUALDAD, la<br \/>\nmayor\u00eda de sus jugadores son todav\u00eda sub-16, con la dificultad a\u00f1adida de<br \/>\nafrontar un torneo para jugadores de cualquier edad sin una experiencia<br \/>\ncontrastada. A pesar de todo, a\u00f1o atr\u00e1s a\u00f1o, estos chicos y chicas avanzan y<br \/>\nmejoran en la profundidad de su juego, superando con cierta frecuencia a<br \/>\najedrecistas de mayor rango y valoraci\u00f3n. <\/b><\/span><\/div>\n<table cellpadding=\"0\" cellspacing=\"0\" class=\"tr-caption-container\" style=\"float: right;margin-left: 1em;text-align: right\">\n<tbody>\n<tr>\n<td style=\"text-align: center\"><a href=\"https:\/\/www.bfv.cloud\/ajedrezeuropa\/wp-content\/uploads\/2015\/12\/SAM_2334.jpg\" style=\"clear: right;margin-bottom: 1em;margin-left: auto;margin-right: auto\"><img loading=\"lazy\" decoding=\"async\" border=\"0\" height=\"250\" src=\"https:\/\/blogger.googleusercontent.com\/img\/b\/R29vZ2xl\/AVvXsEi_yV7X7RH6hFHyIUdsQOqQyiSKua9-1r7XYhj5n1-C5OEEq4PVkCl5Oqivl7vCjQhd_97n_CfsOMcMVByezzPMC8b0LPKTaCnGigNAABkUuJ5XJPsGriXr7XM-ux0QubWCeG-GxeQ2zDo\/s400\/SAM_2334.JPG\" width=\"400\" \/><\/a><\/td>\n<\/tr>\n<tr>\n<td class=\"tr-caption\" style=\"text-align: center\">NUESTRO AJEDREZ POR LA IGUALDAD en la ronda 7 se enfrenta<br \/>\ncon el club de LOS NAVALMORALES<\/td>\n<\/tr>\n<\/tbody>\n<\/table>\n<div class=\"MsoTitle\" style=\"text-align: justify\">\n<span style=\", serif\"><b>Por el contrario, en LA IGUALDAD \u201cA\u201d,<br \/>\nse encuentran un par de jugadores veteranos como el Maestro FIDE Fernando<br \/>\nVisier y el AI Jos\u00e9 M\u00aa Redondo, que aportan sus expertos conocimientos al<br \/>\nresto, acompa\u00f1ados de antiguos alumnos de las escuelas municipales convertidos,<br \/>\nahora, en monitores de varias de las actividades del proyecto: Antonio Albo y<br \/>\nCarlos Romo.<\/b><\/span><\/div>\n<div class=\"MsoTitle\" style=\"text-align: justify\">\n<span style=\", serif\"><b><br \/><\/b><\/span><\/div>\n<div class=\"MsoTitle\" style=\"text-align: justify\">\n<\/div>\n<div class=\"MsoTitle\" style=\"text-align: justify\">\n<span style=\", serif\"><i><u>EN<br \/>\nEL CAMPEONATO DE PROMOCI\u00d3N TAMBI\u00c9N ENTRE LOS MEJORES<\/u><\/i><\/span><\/div>\n<div class=\"MsoTitle\" style=\"text-align: justify\">\n<\/div>\n<p><span style=\", serif\"><span id=\"goog_1487692363\"><\/span><span id=\"goog_1487692364\"><\/span><\/p>\n<p><\/span><\/p>\n<table cellpadding=\"0\" cellspacing=\"0\" class=\"tr-caption-container\" style=\"float: right;text-align: right\">\n<tbody>\n<tr>\n<td style=\"text-align: center\"><a href=\"https:\/\/www.bfv.cloud\/ajedrezeuropa\/wp-content\/uploads\/2015\/12\/SAM_2345.jpg\" style=\"clear: right;margin-bottom: 1em;margin-left: auto;margin-right: auto\"><img loading=\"lazy\" decoding=\"async\" border=\"0\" height=\"377\" src=\"https:\/\/blogger.googleusercontent.com\/img\/b\/R29vZ2xl\/AVvXsEiJ03PTw19PoFpreXwBeWVEqeuhTte2e4lf5jMyqzYXvjXQK3N47RafGVfHHWZSDVJre1sOvyzAfw-qKlTIMJO7obCG0ntJjOGs7vL-AFIPZYIthZZIPCHbbjsd0_UR0t6kkKZEXODAlgA\/s400\/SAM_2345.JPG\" width=\"400\" \/><\/a><\/td>\n<\/tr>\n<tr>\n<td class=\"tr-caption\" style=\"text-align: center\">\u00daltima ronda en el Campeonato de Promoci\u00f3n.<br \/>\nNuestros dos equipos frente a frente<\/td>\n<\/tr>\n<\/tbody>\n<\/table>\n<div class=\"MsoTitle\" style=\"text-align: justify\">\n<span style=\", serif\"><b>En el Campeonato de Promoci\u00f3n de<br \/>\nToledo, los equipos \u201cC\u201d de EUROPA y LA IGUALDAD han luchado hasta la \u00faltima<br \/>\nronda por alcanzar los 3 primeros puestos de la categor\u00eda. S\u00f3lo un<br \/>\nemparejamiento final en el que tuvieron que enfrentarse entre ambos evit\u00f3 un<br \/>\nresultado mejor para uno de ellos. En la clasificaci\u00f3n definitiva EUROPA \u201cC\u201d<br \/>\nempataba a 9 puntos de encuentro con el primero, OL\u00cdAS DEL REY \u201cA\u201d, continuaba<br \/>\nempatado a 17,5 por el resultado global de&nbsp;<br \/>\ntableros e incluso igualaba en el segundo criterio de desempate, el resultado<br \/>\nparticular, tras quedar 2-2 en la ronda que les enfrent\u00f3. Tuvo que ser el 3er.<br \/>\ndesempate el que decidiera, por una corta ventaja, el primer puesto. Por su<br \/>\nparte, los peque\u00f1os jugadores de LA IGUALDAD \u201cC\u201d, ocupaban la 5\u00aa plaza de un<br \/>\ntotal de 14 equipos, demostrando a lo largo del torneo una notable&nbsp; progresi\u00f3n en su juego que les llev\u00f3 a estar<br \/>\nsiempre situados entre los 3 mejores clasificados. Es indudable que estos<br \/>\nchicos y chicas son el futuro&nbsp; cercano de<br \/>\n\u201cnuestro ajedrez\u201d y que merece la pena seguir invirtiendo en su formaci\u00f3n y<br \/>\npreparaci\u00f3n. El esfuerzo inversor tambi\u00e9n debe ir dirigido a multiplicar la<br \/>\nparticipaci\u00f3n de aficionados de cualquier edad en las competiciones de ajedrez,<br \/>\nestos campeonatos por equipos de Toledo han contado con 40 jugadores de entre<br \/>\n9 y 74 a\u00f1os de edad del proyecto Nuestro Ajedrez en Europa.<\/b><\/span><span style=\"font-size: 12pt\"><\/span><\/div>\n<div class=\"MsoTitle\" style=\"text-align: justify\">\n<span style=\", serif\"><b><br \/><\/b><\/span><\/div>\n<table align=\"center\" cellpadding=\"0\" cellspacing=\"0\" class=\"tr-caption-container\" style=\"margin-left: auto;margin-right: auto;text-align: center\">\n<tbody>\n<tr>\n<td style=\"text-align: center\"><a href=\"https:\/\/www.bfv.cloud\/ajedrezeuropa\/wp-content\/uploads\/2015\/12\/SAM_2356.jpg\" style=\"margin-left: auto;margin-right: auto\"><img loading=\"lazy\" decoding=\"async\" border=\"0\" height=\"478\" src=\"https:\/\/blogger.googleusercontent.com\/img\/b\/R29vZ2xl\/AVvXsEgVU-fss2hkdCa0kIL5O9kOri560PmOoQkEEFCExd0dAh5W-VKd_2kv3o3iue5Ws5J2L_SeDZtf3FsaFUP_v4gUaV5bIFdhVUXZXWl6ubOhIR1Zy_PVrhLH-9peCj8S0h7SZfZNT9jiEyc\/s640\/SAM_2356.JPG\" width=\"640\" \/><\/a><\/td>\n<\/tr>\n<tr>\n<td class=\"tr-caption\" style=\"text-align: center\">El que fuera director t\u00e9cnico de la FACLM recibe el reconocimiento del mundo del ajedrez toledano por su dilatado <br \/>\ntrabajo con las j\u00f3venes promesas catellano-manchegas.<br \/>\nGracias al pte. del club Todom\u00f3vil Talavera, David Corrochano, promotor de este acto honor\u00edfico al actual<br \/>\njugador de NUESTRO AJEDREZ POR LA IGUALDAD.<br \/>\nAgradecer por \u00faltimo a Juan Jos\u00e9 Sobrino, nuevo delegado de Toledo de la FACLM, y al propio ayuntamiento<br \/>\nde Toledo su participaci\u00f3n en este acto.<\/td>\n<\/tr>\n<\/tbody>\n<\/table>\n<div class=\"MsoTitle\" style=\"text-align: justify\">\n<span style=\", serif\"><b><br \/><\/b><\/span><\/div>\n","protected":false},"excerpt":{"rendered":"<p>El grupo de jugadores de nuestros equipos en la \u00faltima jornada del Provincial por Equipos de Toledo El equipo&nbsp; absoluto de NUESTRO AJEDREZ EN EUROPA \u201cA\u201d&nbsp; ha revalidado el titulo de campe\u00f3n en el Provincial por Equipos de 1\u00aa Divisi\u00f3n de Toledo tras la \u00faltima jornada celebrada el domingo 13 de diciembre. Este segundo oro [&hellip;]<\/p>\n","protected":false},"author":1,"featured_media":4173,"comment_status":"open","ping_status":"closed","sticky":false,"template":"","format":"standard","meta":{"footnotes":""},"categories":[1],"tags":[],"class_list":["post-4172","post","type-post","status-publish","format-standard","has-post-thumbnail","hentry","category-noticias"],"_links":{"self":[{"href":"https:\/\/www.bfv.cloud\/ajedrezeuropa\/wp-json\/wp\/v2\/posts\/4172","targetHints":{"allow":["GET"]}}],"collection":[{"href":"https:\/\/www.bfv.cloud\/ajedrezeuropa\/wp-json\/wp\/v2\/posts"}],"about":[{"href":"https:\/\/www.bfv.cloud\/ajedrezeuropa\/wp-json\/wp\/v2\/types\/post"}],"author":[{"embeddable":true,"href":"https:\/\/www.bfv.cloud\/ajedrezeuropa\/wp-json\/wp\/v2\/users\/1"}],"replies":[{"embeddable":true,"href":"https:\/\/www.bfv.cloud\/ajedrezeuropa\/wp-json\/wp\/v2\/comments?post=4172"}],"version-history":[{"count":1,"href":"https:\/\/www.bfv.cloud\/ajedrezeuropa\/wp-json\/wp\/v2\/posts\/4172\/revisions"}],"predecessor-version":[{"id":4179,"href":"https:\/\/www.bfv.cloud\/ajedrezeuropa\/wp-json\/wp\/v2\/posts\/4172\/revisions\/4179"}],"wp:featuredmedia":[{"embeddable":true,"href":"https:\/\/www.bfv.cloud\/ajedrezeuropa\/wp-json\/wp\/v2\/media\/4173"}],"wp:attachment":[{"href":"https:\/\/www.bfv.cloud\/ajedrezeuropa\/wp-json\/wp\/v2\/media?parent=4172"}],"wp:term":[{"taxonomy":"category","embeddable":true,"href":"https:\/\/www.bfv.cloud\/ajedrezeuropa\/wp-json\/wp\/v2\/categories?post=4172"},{"taxonomy":"post_tag","embeddable":true,"href":"https:\/\/www.bfv.cloud\/ajedrezeuropa\/wp-json\/wp\/v2\/tags?post=4172"}],"curies":[{"name":"wp","href":"https:\/\/api.w.org\/{rel}","templated":true}]}}