{"id":4188,"date":"2022-08-03T16:17:00","date_gmt":"2022-08-03T16:17:00","guid":{"rendered":"https:\/\/www.bfv.cloud\/ajedrezeuropa\/index.php\/2022\/08\/03\/reportaje-sobre-nuestro-xv-campus-de-ajedrez\/"},"modified":"2025-11-20T11:13:18","modified_gmt":"2025-11-20T11:13:18","slug":"reportaje-sobre-nuestro-xv-campus-de-ajedrez","status":"publish","type":"post","link":"https:\/\/www.bfv.cloud\/ajedrezeuropa\/reportaje-sobre-nuestro-xv-campus-de-ajedrez\/","title":{"rendered":"REPORTAJE SOBRE NUESTRO XV CAMPUS DE AJEDREZ"},"content":{"rendered":"<p>&nbsp;<\/p>\n<div class=\"separator\" style=\"clear: both;text-align: center\"><iframe allowfullscreen=\"\" class=\"BLOG_video_class\" height=\"366\" src=\"https:\/\/www.youtube.com\/embed\/xxydYCV3gUw\" width=\"440\" youtube-src-id=\"xxydYCV3gUw\"><\/iframe><\/div>\n<p>&nbsp;<\/p>\n<p><span style=\"font-size: large\">Aqu\u00ed ten\u00e9is la noticia sobre nuestro campus que ha emitido hoy en su programa informativo Mancha Centro TV. A partir del pr\u00f3ximo lunes tambi\u00e9n estar\u00e1 disponible un reportaje m\u00e1s amplio.<\/span><\/p>\n<p><span style=\"font-size: large\">A continuaci\u00f3n subimos unas fotograf\u00edas de distintos momentos de la inauguraci\u00f3n del campus 2022.<\/span><\/p>\n<table align=\"center\" cellpadding=\"0\" cellspacing=\"0\" class=\"tr-caption-container\" style=\"margin-left: auto;margin-right: auto\">\n<tbody>\n<tr>\n<td style=\"text-align: center\"><a href=\"https:\/\/www.bfv.cloud\/ajedrezeuropa\/wp-content\/uploads\/2022\/08\/120GRUPO20EN20INTUR.jpeg\" style=\"margin-left: auto;margin-right: auto\"><img fetchpriority=\"high\" decoding=\"async\" border=\"0\" data-original-height=\"706\" data-original-width=\"1626\" height=\"278\" src=\"https:\/\/blogger.googleusercontent.com\/img\/b\/R29vZ2xl\/AVvXsEj1BGYSEp-L2HysBUnddjreLfA_HZhGYhjBz5MfcSCack0NXdLcc3Ail4ag_6KXZVNfzoN_NQ50TuVXe8q8ya0GBKFZKKnI2CMRpyLr_YdZG6i7FTGMJnYKPxbIfQPC9bVBR2uui_TYuP3ZUwZ4mGrW5aaqk6ZOraFUiScl1Xk1YFlLv5h7Fzb0CNXG\/w640-h278\/1%20GRUPO%20EN%20INTUR.jpeg\" width=\"640\" \/><\/a><\/td>\n<\/tr>\n<tr>\n<td class=\"tr-caption\" style=\"text-align: center\">Grupo en la entrada al Intur<\/p>\n<p><\/td>\n<\/tr>\n<\/tbody>\n<\/table>\n<p><\/p>\n<table align=\"center\" cellpadding=\"0\" cellspacing=\"0\" class=\"tr-caption-container\" style=\"margin-left: auto;margin-right: auto\">\n<tbody>\n<tr>\n<td style=\"text-align: center\"><a href=\"https:\/\/www.bfv.cloud\/ajedrezeuropa\/wp-content\/uploads\/2022\/08\/920EN20LA20COMIDA20DEL20INTUR.jpg\" style=\"margin-left: auto;margin-right: auto\"><img decoding=\"async\" border=\"0\" data-original-height=\"610\" data-original-width=\"1312\" height=\"298\" src=\"https:\/\/blogger.googleusercontent.com\/img\/b\/R29vZ2xl\/AVvXsEhpeSkcDvUfbTx6DTPIGV3Rro39nwNiNpI1XH-iy2n7qqptOiLKpSjDspzAa0DlCfw6v_RymZH2o2TY_tHT9AvrS4FE83iDAgUTFkzzz2EkWkXN9VnjQ00I7cL0EjmligN-A41hrl_Ik9zKMIHAjyVbzAJjW9B96KR4fMOR2S_bi6M-1bEuUFGECO6q\/w640-h298\/9%20EN%20LA%20COMIDA%20DEL%20INTUR.jpg\" width=\"640\" \/><\/a><\/td>\n<\/tr>\n<tr>\n<td class=\"tr-caption\" style=\"text-align: center\">Durante la comida<\/td>\n<\/tr>\n<\/tbody>\n<\/table>\n<p><\/p>\n<table align=\"center\" cellpadding=\"0\" cellspacing=\"0\" class=\"tr-caption-container\" style=\"margin-left: auto;margin-right: auto\">\n<tbody>\n<tr>\n<td style=\"text-align: center\"><a href=\"https:\/\/www.bfv.cloud\/ajedrezeuropa\/wp-content\/uploads\/2022\/08\/720EN20INAGURACION20CAMPUS.jpg\" style=\"margin-left: auto;margin-right: auto\"><img decoding=\"async\" border=\"0\" data-original-height=\"611\" data-original-width=\"1389\" height=\"282\" src=\"https:\/\/blogger.googleusercontent.com\/img\/b\/R29vZ2xl\/AVvXsEhkApjnjCcGUWQJstda1mdhHiYdx7gbl07gNSU4_QOVXSGEOaU54M-wegQ7M3tQjztgJ_a5WtU3MCBvDmgPklOScCP_IT8xtkrV0sCjWn0BFH2rukGrxaur0FiD5qEzhkZ144oJqArUkWHZBMOBbu6nq5TW9E-8jn2SLfpfRRivgs2-K35OCiJV5W-m\/w640-h282\/7%20EN%20INAGURACION%20CAMPUS.jpg\" width=\"640\" \/><\/a><\/td>\n<\/tr>\n<tr>\n<td class=\"tr-caption\" style=\"text-align: center\">En el sal\u00f3n de actos del Centro Joven Covadonga<\/p>\n<\/td>\n<\/tr>\n<\/tbody>\n<\/table>\n<p><\/p>\n<table align=\"center\" cellpadding=\"0\" cellspacing=\"0\" class=\"tr-caption-container\" style=\"margin-left: auto;margin-right: auto\">\n<tbody>\n<tr>\n<td style=\"text-align: center\"><a href=\"https:\/\/www.bfv.cloud\/ajedrezeuropa\/wp-content\/uploads\/2022\/08\/1220ESCENARIO20SALON20DE20ACTOS.jpg\" style=\"margin-left: auto;margin-right: auto\"><img loading=\"lazy\" decoding=\"async\" border=\"0\" data-original-height=\"1536\" data-original-width=\"2048\" height=\"480\" src=\"https:\/\/blogger.googleusercontent.com\/img\/b\/R29vZ2xl\/AVvXsEgNq77dZ4phCY3jPcaWezA4ksiynMVWOyWNBpdlystx-RJqRY09EXRc4hP6ipx_FWqp9_AYgFDNTc21cmZIBqZ2kFRomufaU4IIpgD-GQB08yt0HTLf388UsdnXRCUiVF9N7S3x-QFBzFRr97NRyq68itdRFmV4_zyFCn9wvQDZPlno5fm_Px06qcmy\/w640-h480\/12%20ESCENARIO%20SALON%20DE%20ACTOS.jpg\" width=\"640\" \/><\/a><\/td>\n<\/tr>\n<tr>\n<td class=\"tr-caption\" style=\"text-align: center\">Escenario del sal\u00f3n de actos<\/td>\n<\/tr>\n<\/tbody>\n<\/table>\n<p><span style=\"font-size: large\"><br \/><\/span><\/p>\n","protected":false},"excerpt":{"rendered":"<p>&nbsp; &nbsp; Aqu\u00ed ten\u00e9is la noticia sobre nuestro campus que ha emitido hoy en su programa informativo Mancha Centro TV. A partir del pr\u00f3ximo lunes tambi\u00e9n estar\u00e1 disponible un reportaje m\u00e1s amplio. A continuaci\u00f3n subimos unas fotograf\u00edas de distintos momentos de la inauguraci\u00f3n del campus 2022. Grupo en la entrada al Intur Durante la comida [&hellip;]<\/p>\n","protected":false},"author":1,"featured_media":4189,"comment_status":"open","ping_status":"closed","sticky":false,"template":"","format":"standard","meta":{"footnotes":""},"categories":[1],"tags":[],"class_list":["post-4188","post","type-post","status-publish","format-standard","has-post-thumbnail","hentry","category-noticias"],"_links":{"self":[{"href":"https:\/\/www.bfv.cloud\/ajedrezeuropa\/wp-json\/wp\/v2\/posts\/4188","targetHints":{"allow":["GET"]}}],"collection":[{"href":"https:\/\/www.bfv.cloud\/ajedrezeuropa\/wp-json\/wp\/v2\/posts"}],"about":[{"href":"https:\/\/www.bfv.cloud\/ajedrezeuropa\/wp-json\/wp\/v2\/types\/post"}],"author":[{"embeddable":true,"href":"https:\/\/www.bfv.cloud\/ajedrezeuropa\/wp-json\/wp\/v2\/users\/1"}],"replies":[{"embeddable":true,"href":"https:\/\/www.bfv.cloud\/ajedrezeuropa\/wp-json\/wp\/v2\/comments?post=4188"}],"version-history":[{"count":1,"href":"https:\/\/www.bfv.cloud\/ajedrezeuropa\/wp-json\/wp\/v2\/posts\/4188\/revisions"}],"predecessor-version":[{"id":4193,"href":"https:\/\/www.bfv.cloud\/ajedrezeuropa\/wp-json\/wp\/v2\/posts\/4188\/revisions\/4193"}],"wp:featuredmedia":[{"embeddable":true,"href":"https:\/\/www.bfv.cloud\/ajedrezeuropa\/wp-json\/wp\/v2\/media\/4189"}],"wp:attachment":[{"href":"https:\/\/www.bfv.cloud\/ajedrezeuropa\/wp-json\/wp\/v2\/media?parent=4188"}],"wp:term":[{"taxonomy":"category","embeddable":true,"href":"https:\/\/www.bfv.cloud\/ajedrezeuropa\/wp-json\/wp\/v2\/categories?post=4188"},{"taxonomy":"post_tag","embeddable":true,"href":"https:\/\/www.bfv.cloud\/ajedrezeuropa\/wp-json\/wp\/v2\/tags?post=4188"}],"curies":[{"name":"wp","href":"https:\/\/api.w.org\/{rel}","templated":true}]}}