{"id":4194,"date":"2024-06-28T10:33:00","date_gmt":"2024-06-28T10:33:00","guid":{"rendered":"https:\/\/www.bfv.cloud\/ajedrezeuropa\/index.php\/2024\/06\/28\/finaliza-un-mes-dedicado-a-dar-visibilidad-social-y-mediatica-a-nuestro-proyecto\/"},"modified":"2025-11-20T11:14:04","modified_gmt":"2025-11-20T11:14:04","slug":"finaliza-un-mes-dedicado-a-dar-visibilidad-social-y-mediatica-a-nuestro-proyecto","status":"publish","type":"post","link":"https:\/\/www.bfv.cloud\/ajedrezeuropa\/finaliza-un-mes-dedicado-a-dar-visibilidad-social-y-mediatica-a-nuestro-proyecto\/","title":{"rendered":"FINALIZA UN MES DEDICADO A DAR VISIBILIDAD SOCIAL Y MEDI\u00c1TICA A NUESTRO PROYECTO"},"content":{"rendered":"<p><span style=\"font-family: Open Sans;font-size: large\"><b><u>La medalla de plata del ajedrez en la educaci\u00f3n<\/u><\/b><\/span><\/p>\n<p><span style=\"font-family: Open Sans;font-size: large\">Este mes de junio que est\u00e1 a punto de finalizar nos ha permitido dar visibilidad social y medi\u00e1tica al proyecto educativo que desarrollamos en colaboraci\u00f3n con el ayuntamiento de Illescas en los 7 colegios p\u00fablicos de la localidad.&nbsp;<\/span><\/p>\n<p><span style=\"font-family: Open Sans;font-size: large\">La medalla de plata concedida por la Comisi\u00f3n del Ajedrez en la Educaci\u00f3n de la Federaci\u00f3n Internacional de Ajedrez (FIDE) en la primera edici\u00f3n de los premios a los mejores proyectos de ajedrez educativo implantados en el mundo, ha llevado a varios medios de comunicaci\u00f3n de la regi\u00f3n a interesarse por el trabajo que venimos realizando durante los \u00faltimos 8 a\u00f1os en Illescas. \u00abEl ajedrez en la escuela, una estrategia educativa\u00bb est\u00e1 consolidado en la educaci\u00f3n p\u00fablica de Illescas gracias a la colaboraci\u00f3n de los 7 colegios y de la corporaci\u00f3n municipal. Esta distinci\u00f3n es una de las 22 otorgadas entre los 201 pa\u00edses afiliados a la FIDE y destaca la labor que se realiza en materias tan diversas como la atenci\u00f3n a la diversidad, la integraci\u00f3n del ajedrez en las competencias curriculares o la organizaci\u00f3n diferenciada en el campo educativo y en el deportivo, entre otras.<\/span><\/p>\n<p><span style=\"font-family: Open Sans;font-size: large\">Pincha en el siguiente enlace para ver la entrevista que mantuvimos en Castilla-La Mancha despierta el pasado 18 de junio.<\/span><\/p>\n<p>&nbsp;<a href=\"https:\/\/www.cmmedia.es\/play\/tv\/castilla-la-mancha-despierta\/entrevista-felix-toribio.html\" target=\"_blank\">ENTREVISTA EN CMMEDIA DESPIERTA<\/a><\/p>\n<div class=\"separator\" style=\"clear: both;text-align: center\"><a href=\"https:\/\/www.bfv.cloud\/ajedrezeuropa\/wp-content\/uploads\/2024\/06\/FOTO20ENTREVISTA20CMMEDIA.jpg\" style=\"margin-left: 1em;margin-right: 1em\"><img fetchpriority=\"high\" decoding=\"async\" border=\"0\" data-original-height=\"576\" data-original-width=\"1024\" height=\"212\" src=\"https:\/\/blogger.googleusercontent.com\/img\/b\/R29vZ2xl\/AVvXsEg-2ynAYp7O0e-_cQsQnz0ar9QKWJyrmM4PtDfm2n1V_XXr0d63WEXFu0YoTOrIPhB_8KrtGMTjeJSNuRlOImPrxCWra0y22TUlR2zQVuBEF-k9oepRjGjTTw2O2WaqQj73iib_prpNm5Yxi4NLFmDPcjy95BcVO7O1WEiU9OrIMlpcVunjHrRhVF7XWXg\/w377-h212\/FOTO%20ENTREVISTA%20CMMEDIA.jpg\" width=\"377\" \/><\/a><\/div>\n<p><\/p>\n<p><span style=\"font-family: Open Sans;font-size: large\">Y sobre el siguiente enlace para escuchar la entrevista de Marcos Galv\u00e1n en Onda Cero La Mancha del 13 de junio<\/span><\/p>\n<p><a href=\"https:\/\/fb.watch\/sGBtDircE5\/\" target=\"_blank\">ENTREVISTA EN ONDA CERO LA MANCHA<\/a><\/p>\n<div class=\"separator\" style=\"clear: both;text-align: center\"><a href=\"https:\/\/www.bfv.cloud\/ajedrezeuropa\/wp-content\/uploads\/2024\/06\/FOTO20ENTREVISTA20ONDA20CERO20ALCAZAR.jpg\" style=\"margin-left: 1em;margin-right: 1em\"><img decoding=\"async\" border=\"0\" data-original-height=\"311\" data-original-width=\"552\" height=\"201\" src=\"https:\/\/blogger.googleusercontent.com\/img\/b\/R29vZ2xl\/AVvXsEhfFVshW_1oSk82m0Cys6KRkxWVa3prQ5jOPsISeOznPRgNMZEGOycbulHTPYX2btNkvG_J3UpD1jKRil9nvUW_3n-WyuI2npHDjwOu5-kimvo3HTpRMTyPasrgQHjf4g-acJnme6H8BiXqXtXhIpiFezqbijOStr8R0yWhlbgcqVeg8K2z_ithv4LaBVU\/w357-h201\/FOTO%20ENTREVISTA%20ONDA%20CERO%20ALCAZAR.jpg\" width=\"357\" \/><\/a><\/div>\n<p><\/p>\n<p><span style=\"font-family: Open Sans;font-size: large\"><b><u>Conferencia de ajedrez educativo en Le\u00f3n<\/u><\/b><\/span><\/p>\n<\/p>\n<div class=\"separator\" style=\"clear: both;text-align: center\"><a href=\"https:\/\/www.bfv.cloud\/ajedrezeuropa\/wp-content\/uploads\/2024\/06\/CON20LEONTXO20Y20MARIA.jpg\" style=\"clear: left;float: left;margin-bottom: 1em;margin-right: 1em\"><img decoding=\"async\" border=\"0\" data-original-height=\"464\" data-original-width=\"502\" height=\"296\" src=\"https:\/\/blogger.googleusercontent.com\/img\/b\/R29vZ2xl\/AVvXsEi7luUug-3WgsiZzqrLNbDraN3wOuiMDfWr_gRQyqtzqwaHuIlp-LPoZMFWO9mSSbrSUQw5QHjmlJGQ6VfPqytgE4k7BRTjJI3U4GOtRcPcJAyB1twViEWhx-toXfizl8YhvI5rHjwKk8WQEgkjMuWXuyD3ePLMK-4CeQJ64e-BVr-MFTn2hB3D-8I3XdA\/s320\/CON%20LEONTXO%20Y%20MARIA.jpg\" width=\"320\" \/><\/a><\/div>\n<p><span style=\"font-size: x-large\">Adem\u00e1s, el fin de semana del 15 y 16 de junio fuimos invitados por la empresa RMD, organizadora de uno de los espect\u00e1culos de ajedrez actualmente m\u00e1s interesantes: \u00abPeque\u00f1os gigantes\u00bb, a participar junto al periodista del diario El Pa\u00eds y gran comunicador, Leontxo Garc\u00eda, y al profesor, \u00c1ngel Garc\u00eda, en una conferencia para docentes que tuvo lugar en el Palacio de Gaviria de Le\u00f3n. La conferencia est\u00e1 enmarcada en las actividades previas al torneo Magistral de Le\u00f3n, reconocido internacionalmente a lo largo de sus 37 a\u00f1os de historia.<\/span><\/p>\n<p><span style=\"font-family: Open Sans;font-size: large\"><\/span><\/p>\n<div class=\"separator\" style=\"clear: both;text-align: center\"><span style=\"font-family: Open Sans;font-size: large\"><a href=\"https:\/\/www.bfv.cloud\/ajedrezeuropa\/wp-content\/uploads\/2024\/06\/PONENTES20LEON-scaled.jpg\" style=\"margin-left: 1em;margin-right: 1em\"><img loading=\"lazy\" decoding=\"async\" border=\"0\" data-original-height=\"4000\" data-original-width=\"6000\" height=\"426\" src=\"https:\/\/blogger.googleusercontent.com\/img\/b\/R29vZ2xl\/AVvXsEjbeD7BCbElj1g7eWzx-Zzjyg5Lr-kjLZbbzrBusRLJxmOxZA_MrzpTZw0WcbtEnQblW4atyQRQ9AXayU1-PVQxGIXOYqs7bdL_S700a8UF5qZNK7YJ0Z64Y10Iy7JgOXWbn0TO9Me_d6BTjWMG942mphRP1sBCOyV3y1j4Ut62VUNs2eNb4eO8HExZDSY\/w640-h426\/PONENTES%20LEON.JPG\" width=\"640\" \/><\/a><\/span><\/div>\n<\/p>\n<div class=\"separator\" style=\"clear: both;text-align: center\"><a href=\"https:\/\/www.bfv.cloud\/ajedrezeuropa\/wp-content\/uploads\/2024\/06\/presentacion20emociones-scaled.jpg\" style=\"margin-left: 1em;margin-right: 1em\"><img loading=\"lazy\" decoding=\"async\" border=\"0\" data-original-height=\"4000\" data-original-width=\"6000\" height=\"426\" src=\"https:\/\/blogger.googleusercontent.com\/img\/b\/R29vZ2xl\/AVvXsEgcUDpgEbSxlWOJF3BPGgBi1oYjb-ZeWx-XP2d7PveN2Jd1pRNdfRAZg4UwdRqigJ3m9XTH_j6zKOoAKfa64BHH5H1sI7GwmKTYbj3FYHGa-u3VFqF8fTY5OoOj7WNYdcc3Izo_K7iRr33uHzj1vZgIIpW55aL0_TALeN6us1klHmwkwFiAftS_Xa-Qtjk\/w640-h426\/presentacion%20emociones.JPG\" width=\"640\" \/><\/a><\/div>\n<p><span style=\"font-family: Open Sans;font-size: large\"><b><u>Recepci\u00f3n de los jugadores participantes en el Campeonato de Espa\u00f1a por Edades en el ayuntamiento de Alc\u00e1zar de San Juan<\/u><\/b><\/span><\/p>\n<p><span style=\"font-family: Open Sans;font-size: large\"><b><\/b><\/span><\/p>\n<div class=\"separator\" style=\"clear: both;text-align: center\"><span style=\"font-family: Open Sans;font-size: large\"><b><a href=\"https:\/\/www.bfv.cloud\/ajedrezeuropa\/wp-content\/uploads\/2024\/06\/ANGEL20ALON20Y20JAIME.jpeg\" style=\"margin-left: 1em;margin-right: 1em\"><img loading=\"lazy\" decoding=\"async\" border=\"0\" data-original-height=\"1366\" data-original-width=\"2048\" height=\"426\" src=\"https:\/\/blogger.googleusercontent.com\/img\/b\/R29vZ2xl\/AVvXsEhUYQH44mFQeJ7Kp1-AthYz_xwK_2Pm2pHB72s2LQ32O9wM8OYgLg3q8wGdFIDTgLnozpIw3tuMCD1Bma3Es-1RcxZR_JQER00Tn-n7Ee8DZmhlmtbQ77WOxamjZEuQD3NRY0lrSDYcDpJFEqyTIynxu6RrLSmIqggxTnnJei80mb18yOV7KCRnsxFi9xk\/w640-h426\/ANGEL,%20ALON%20Y%20JAIME.jpeg\" width=\"640\" \/><\/a><\/b><\/span><\/div>\n<p><span style=\"font-size: x-large\"><\/p>\n<p>Alonso L\u00f3pez, \u00c1ngel Collado y Jaime Vila fueron recibidos en el ayuntamiento de Alc\u00e1zar de San Juan por la alcaldesa, Rosa Melchor, el concejal de deportes, Javier Ortega, el alcalde de Villafranca de los Caballeros, Juli\u00e1n Bola\u00f1os, y la concejala de deportes del municipio toledano, Mayfe \u00dabeda. El acto se celebr\u00f3 el 19 de junio y los 3 ajedrecistas que representar\u00e1n al proyecto Nuestro Ajedrez en Europa en los respectivos campeonatos nacionales sub18 y sub12, tuvieron tiempo de contar sus impresiones del \u00faltimo campeonato regional donde \u00c1ngel y Alonso, lograron ser oro y bronce en la categor\u00eda juvenil. Por su parte, Jaime, habl\u00f3 de su reciente t\u00edtulo de campe\u00f3n de Castilla-La Mancha sub12.&nbsp;<\/p>\n<p><\/span><\/p>\n<\/p>\n<div class=\"separator\" style=\"clear: both;text-align: center\"><a href=\"https:\/\/www.bfv.cloud\/ajedrezeuropa\/wp-content\/uploads\/2024\/06\/GRUPO20COMPLETO20SENTADO.jpeg\" style=\"margin-left: 1em;margin-right: 1em\"><img loading=\"lazy\" decoding=\"async\" border=\"0\" data-original-height=\"1366\" data-original-width=\"2048\" height=\"426\" src=\"https:\/\/blogger.googleusercontent.com\/img\/b\/R29vZ2xl\/AVvXsEg-BygYgirN_cNBV7z9AcGV_Ij9ioPDV7enFhIBEwmlsLBvQQX2eZ63L4hXRtmWpO7WKXCur8lvAk0X67PZ2mtv8VyZSQKpnKZzNo7SpYhlQ0x87Rdt09isHHNF69V6L97WjIIi5gtz7P4Rt3ubzVyhwU8HZd2kjHFYCSeAwQG_b3tln2EQJMFt7zYEyn0\/w640-h426\/GRUPO%20COMPLETO%20SENTADO.jpeg\" width=\"640\" \/><\/a><\/div>\n<p><\/p>\n<div class=\"separator\" style=\"clear: both;text-align: center\"><a href=\"https:\/\/www.bfv.cloud\/ajedrezeuropa\/wp-content\/uploads\/2024\/06\/GRUPO20COMPLETO20DE20PIE.jpeg\" style=\"margin-left: 1em;margin-right: 1em\"><img loading=\"lazy\" decoding=\"async\" border=\"0\" data-original-height=\"1366\" data-original-width=\"2048\" height=\"426\" src=\"https:\/\/blogger.googleusercontent.com\/img\/b\/R29vZ2xl\/AVvXsEhkqa7YEsbs54SdK9USMGXIQuXsK8D5HPokxS2OdIBBhZJt_1wSCVISFs_ZXVFp0VyoTCTpnu3p0f8ee3X5-SzTNLsKxQ0SeL3moIoxWDNAfwCNUgvCAcVBu9mE_UwihX2p_XyHCJn4FCIQ-f2mYLQtQgw1mTGw2pXi_0HpPSLtDhtd65rJ2yF-35P8CQo\/w640-h426\/GRUPO%20COMPLETO%20DE%20PIE.jpeg\" width=\"640\" \/><\/a><\/div>\n<p><span style=\"font-family: Open Sans;font-size: large\"><br \/><\/span><\/p>\n","protected":false},"excerpt":{"rendered":"<p>La medalla de plata del ajedrez en la educaci\u00f3n Este mes de junio que est\u00e1 a punto de finalizar nos ha permitido dar visibilidad social y medi\u00e1tica al proyecto educativo que desarrollamos en colaboraci\u00f3n con el ayuntamiento de Illescas en los 7 colegios p\u00fablicos de la localidad.&nbsp; La medalla de plata concedida por la Comisi\u00f3n [&hellip;]<\/p>\n","protected":false},"author":1,"featured_media":4195,"comment_status":"open","ping_status":"closed","sticky":false,"template":"","format":"standard","meta":{"footnotes":""},"categories":[1],"tags":[],"class_list":["post-4194","post","type-post","status-publish","format-standard","has-post-thumbnail","hentry","category-noticias"],"_links":{"self":[{"href":"https:\/\/www.bfv.cloud\/ajedrezeuropa\/wp-json\/wp\/v2\/posts\/4194","targetHints":{"allow":["GET"]}}],"collection":[{"href":"https:\/\/www.bfv.cloud\/ajedrezeuropa\/wp-json\/wp\/v2\/posts"}],"about":[{"href":"https:\/\/www.bfv.cloud\/ajedrezeuropa\/wp-json\/wp\/v2\/types\/post"}],"author":[{"embeddable":true,"href":"https:\/\/www.bfv.cloud\/ajedrezeuropa\/wp-json\/wp\/v2\/users\/1"}],"replies":[{"embeddable":true,"href":"https:\/\/www.bfv.cloud\/ajedrezeuropa\/wp-json\/wp\/v2\/comments?post=4194"}],"version-history":[{"count":1,"href":"https:\/\/www.bfv.cloud\/ajedrezeuropa\/wp-json\/wp\/v2\/posts\/4194\/revisions"}],"predecessor-version":[{"id":4203,"href":"https:\/\/www.bfv.cloud\/ajedrezeuropa\/wp-json\/wp\/v2\/posts\/4194\/revisions\/4203"}],"wp:featuredmedia":[{"embeddable":true,"href":"https:\/\/www.bfv.cloud\/ajedrezeuropa\/wp-json\/wp\/v2\/media\/4195"}],"wp:attachment":[{"href":"https:\/\/www.bfv.cloud\/ajedrezeuropa\/wp-json\/wp\/v2\/media?parent=4194"}],"wp:term":[{"taxonomy":"category","embeddable":true,"href":"https:\/\/www.bfv.cloud\/ajedrezeuropa\/wp-json\/wp\/v2\/categories?post=4194"},{"taxonomy":"post_tag","embeddable":true,"href":"https:\/\/www.bfv.cloud\/ajedrezeuropa\/wp-json\/wp\/v2\/tags?post=4194"}],"curies":[{"name":"wp","href":"https:\/\/api.w.org\/{rel}","templated":true}]}}