{"id":420,"date":"2023-06-07T11:33:00","date_gmt":"2023-06-07T11:33:00","guid":{"rendered":"https:\/\/www.bfv.cloud\/ajedrezeuropa\/index.php\/2023\/06\/07\/el-xvi-campus-de-verano-se-celebrara-del-7-al-12-de-agosto\/"},"modified":"2025-11-20T10:17:26","modified_gmt":"2025-11-20T10:17:26","slug":"el-xvi-campus-de-verano-se-celebrara-del-7-al-12-de-agosto","status":"publish","type":"post","link":"https:\/\/www.bfv.cloud\/ajedrezeuropa\/el-xvi-campus-de-verano-se-celebrara-del-7-al-12-de-agosto\/","title":{"rendered":"EL XVI CAMPUS DE VERANO SE CELEBRAR\u00c1 DEL 7 AL 12 DE AGOSTO"},"content":{"rendered":"<\/p>\n<div class=\"separator\" style=\"clear: both;text-align: center\"><a href=\"https:\/\/www.bfv.cloud\/ajedrezeuropa\/wp-content\/uploads\/2023\/06\/020CARTEL20XVI20CAMPUS20VERANO_001.jpg\" style=\"clear: left;float: left;margin-bottom: 1em;margin-right: 1em\"><img fetchpriority=\"high\" decoding=\"async\" border=\"0\" data-original-height=\"842\" data-original-width=\"595\" height=\"640\" src=\"https:\/\/blogger.googleusercontent.com\/img\/b\/R29vZ2xl\/AVvXsEhXXB7UmhtwaK7gNeDR8GoK4HBplkrgpQTYWJxo3f7TwqzqtDlykoEOTZ5aB2BLf_JYVlLz82dyLZjppFr-2pLOopmiJEpR-C4YKm_QbfPhSJN838sAadY5S3-tMBJnK1b0PWB-3nri9s8OJjWJl2T1bTt1K4eFDbYPQd8o0edGxb6O-kEFV0cezvHN\/w452-h640\/0%20CARTEL%20XVI%20CAMPUS%20VERANO_001.jpg\" width=\"452\" \/><\/a><\/div>\n<p><span style=\"font-family: Open Sans;font-size: large\">La <b><i>16\u00aa edici\u00f3n del campus de verano de Nuestro Ajedrez en Europa tendr\u00e1 lugar del 7 al 12 de agosto<\/i><\/b> y contar\u00e1 con la presencia del equipo habitual de entrenadores y entrenadoras.&nbsp;<\/span><\/p>\n<p><span style=\"font-family: Open Sans;font-size: large\">El compromiso con el proyecto de los grandes maestros, <i><b>Elizbar Ubilava<\/b><\/i> y <i><b>Herminio Herr\u00e1iz<\/b><\/i>, ha sido constante a lo largo de todos estos a\u00f1os. Desde 2007 hasta hoy, el campus no ha faltado nunca a su cita, ni siquiera en los a\u00f1os de la pandemia, y all\u00ed estuvieron estos dos grandes entrenadores, junto al estupendo conjunto de preparadores y preparadoras que les acompa\u00f1an en las clases: <i style=\"font-weight: bold\">Ana Isabel Gonz\u00e1lez, Antonio Albo, Roberto L\u00f3pez, Silvia Toribio <\/i>y <i style=\"font-weight: bold\">M\u00aa Luisa Camu\u00f1as<\/i>, como encargada de las actividades de tiempo libre y recreativas que se realizan en las instalaciones del hotel Intur y en la piscina municipal de Villafranca.<\/span><\/p>\n<p><span style=\"font-family: Open Sans;font-size: large\">Algunos datos importantes a tener en cuenta en esta nueva edici\u00f3n son: <b>el periodo de preinscripci\u00f3n es del 24 al 30 de junio<\/b> y <b>las inscripciones definitivas se producir\u00e1n del 5 al 15 de julio. <\/b>Se mantienen los precios de las ediciones m\u00e1s recientes, con ayudas especiales para todo el alumnado de las escuelas de ajedrez organizadas y gestionadas por Nuestro Ajedrez en Europa. En este aspecto conviene recordar que <b>el campus dispone de un n\u00famero limitado de plazas para chicos y chicas que no pertenecen a estas escuelas<\/b>, con cuotas que tambi\u00e9n est\u00e1n subvencionadas.<\/span><\/p>\n<p><span style=\"font-family: Open Sans;font-size: large\">Es importante resaltar tambi\u00e9n la continuidad del apoyo institucional a lo largo de un periodo tan amplio. Esta apuesta sostenida en el tiempo ha hecho posible que las escuelas deportivas de Alc\u00e1zar de San Juan y Villafranca de los Caballeros mantengan un gran nivel de alumnado, tanto en n\u00famero como en calidad. Por su parte, los clubes ligados al proyecto, siguen participando en las competiciones m\u00e1s importantes de \u00e1mbito nacional en las categor\u00edas juvenil y sub12, mientras que los equipos absolutos est\u00e1n presentes en los campeonatos federados de Castilla-La Mancha y Toledo.&nbsp;<\/span><\/p>\n<p><span style=\"font-family: Open Sans;font-size: large\">Pod\u00e9is encontrar informaci\u00f3n m\u00e1s detallada en el d\u00edptico que publicamos a continuaci\u00f3n:<\/span><\/p>\n<\/p>\n<div class=\"separator\" style=\"clear: both;text-align: center\"><a href=\"https:\/\/www.bfv.cloud\/ajedrezeuropa\/wp-content\/uploads\/2023\/06\/120TRIPTICO20XVI20CAMPUS202023_001.jpg\" style=\"margin-left: 1em;margin-right: 1em\"><img decoding=\"async\" border=\"0\" data-original-height=\"595\" data-original-width=\"842\" height=\"452\" src=\"https:\/\/blogger.googleusercontent.com\/img\/b\/R29vZ2xl\/AVvXsEiNCq1RKSrBlZ1xwprFYDla8pqs6sFm6s3fUQv9TPNDew-zOF4IgDCHb1GhoTbXIq2X_CbStqXojM9bK30xJE7cqGZee5oD5vib_t_oYaPdyWqIWMcA1SYV5g79UKlTcP0HrAbnJwVxf6UA-lZ0vhaRZMHSjrp2inbAMCwbl-P34XjrG1K5DBVSoYEJ\/w640-h452\/1%20TRIPTICO%20XVI%20CAMPUS%202023_001.jpg\" width=\"640\" \/><\/a><\/div>\n<p><\/p>\n<div class=\"separator\" style=\"clear: both;text-align: center\"><a href=\"https:\/\/www.bfv.cloud\/ajedrezeuropa\/wp-content\/uploads\/2023\/06\/120TRIPTICO20XVI20CAMPUS202023_002.jpg\" style=\"margin-left: 1em;margin-right: 1em\"><img decoding=\"async\" border=\"0\" data-original-height=\"595\" data-original-width=\"842\" height=\"452\" src=\"https:\/\/blogger.googleusercontent.com\/img\/b\/R29vZ2xl\/AVvXsEit7VxCZpPxW7db8aU5_BxGrbrF7Yy7oMFg2bCVM-__UwL8KnwXecF-lkdvgL3orsm60FTj2VDn1FR5SPPiS4eE1Wsj1h7Safy7yVZkdC7be_NDfFj5e5pmTHL5vl0pWn1hFst6uwOQDyn2OveAt7pGMMRN3GKAqYU_U7c5L_vlaFT-VER2ntbqER6K\/w640-h452\/1%20TRIPTICO%20XVI%20CAMPUS%202023_002.jpg\" width=\"640\" \/><\/a><\/div>\n<p><span style=\"font-family: Open Sans;font-size: large\"><br \/><\/span>&nbsp;<\/p>\n","protected":false},"excerpt":{"rendered":"<p>La 16\u00aa edici\u00f3n del campus de verano de Nuestro Ajedrez en Europa tendr\u00e1 lugar del 7 al 12 de agosto y contar\u00e1 con la presencia del equipo habitual de entrenadores y entrenadoras.&nbsp; El compromiso con el proyecto de los grandes maestros, Elizbar Ubilava y Herminio Herr\u00e1iz, ha sido constante a lo largo de todos estos [&hellip;]<\/p>\n","protected":false},"author":1,"featured_media":421,"comment_status":"open","ping_status":"closed","sticky":false,"template":"","format":"standard","meta":{"footnotes":""},"categories":[1],"tags":[],"class_list":["post-420","post","type-post","status-publish","format-standard","has-post-thumbnail","hentry","category-noticias"],"_links":{"self":[{"href":"https:\/\/www.bfv.cloud\/ajedrezeuropa\/wp-json\/wp\/v2\/posts\/420","targetHints":{"allow":["GET"]}}],"collection":[{"href":"https:\/\/www.bfv.cloud\/ajedrezeuropa\/wp-json\/wp\/v2\/posts"}],"about":[{"href":"https:\/\/www.bfv.cloud\/ajedrezeuropa\/wp-json\/wp\/v2\/types\/post"}],"author":[{"embeddable":true,"href":"https:\/\/www.bfv.cloud\/ajedrezeuropa\/wp-json\/wp\/v2\/users\/1"}],"replies":[{"embeddable":true,"href":"https:\/\/www.bfv.cloud\/ajedrezeuropa\/wp-json\/wp\/v2\/comments?post=420"}],"version-history":[{"count":1,"href":"https:\/\/www.bfv.cloud\/ajedrezeuropa\/wp-json\/wp\/v2\/posts\/420\/revisions"}],"predecessor-version":[{"id":424,"href":"https:\/\/www.bfv.cloud\/ajedrezeuropa\/wp-json\/wp\/v2\/posts\/420\/revisions\/424"}],"wp:featuredmedia":[{"embeddable":true,"href":"https:\/\/www.bfv.cloud\/ajedrezeuropa\/wp-json\/wp\/v2\/media\/421"}],"wp:attachment":[{"href":"https:\/\/www.bfv.cloud\/ajedrezeuropa\/wp-json\/wp\/v2\/media?parent=420"}],"wp:term":[{"taxonomy":"category","embeddable":true,"href":"https:\/\/www.bfv.cloud\/ajedrezeuropa\/wp-json\/wp\/v2\/categories?post=420"},{"taxonomy":"post_tag","embeddable":true,"href":"https:\/\/www.bfv.cloud\/ajedrezeuropa\/wp-json\/wp\/v2\/tags?post=420"}],"curies":[{"name":"wp","href":"https:\/\/api.w.org\/{rel}","templated":true}]}}