{"id":4204,"date":"2015-01-11T16:32:00","date_gmt":"2015-01-11T16:32:00","guid":{"rendered":"https:\/\/www.bfv.cloud\/ajedrezeuropa\/index.php\/2015\/01\/11\/calendario-de-competiciones-para-enero-febrero-y-marzo-en-ciudad-real-y-toledo\/"},"modified":"2025-11-20T11:14:06","modified_gmt":"2025-11-20T11:14:06","slug":"calendario-de-competiciones-para-enero-febrero-y-marzo-en-ciudad-real-y-toledo","status":"publish","type":"post","link":"https:\/\/www.bfv.cloud\/ajedrezeuropa\/calendario-de-competiciones-para-enero-febrero-y-marzo-en-ciudad-real-y-toledo\/","title":{"rendered":"CALENDARIO DE COMPETICIONES PARA ENERO, FEBRERO Y MARZO EN CIUDAD REAL Y TOLEDO"},"content":{"rendered":"<div class=\"separator\" style=\"clear: both;text-align: center\">\n<a href=\"https:\/\/www.bfv.cloud\/ajedrezeuropa\/wp-content\/uploads\/2015\/01\/CALENDARIOENEROFEBREROYMARZOALCC381ZARYVILLAFRANCA.jpg\" style=\"margin-left: 1em;margin-right: 1em\"><img fetchpriority=\"high\" decoding=\"async\" border=\"0\" src=\"https:\/\/www.bfv.cloud\/ajedrezeuropa\/wp-content\/uploads\/2015\/01\/CALENDARIOENEROFEBREROYMARZOALCC381ZARYVILLAFRANCA.jpg\" height=\"307\" width=\"640\" \/><\/a><\/div>\n<p><span style=\"font-family: Georgia, Times New Roman, serif\"><b>Publicamos el calendario de competiciones previstas para el primer trimestre del a\u00f1o en las provincias de Toledo y Ciudad Real. El primer torneo en comenzar ser\u00e1 el Campeonato Regional del Deporte en Edad Escolar (CRDEE) en sus fases provinciales. El pr\u00f3ximo fin de semana ya celebrar\u00e1n la 1\u00aa jornada, teniendo en la Casa de la Cultura de Mora el lugar de juego del provincial de Toledo y en el Centro de Exposiciones y Representaciones Esc\u00e9nicas de Miguelturra el de la provincia de Ciudad Real.<\/b><\/span><br \/>\n<span style=\"font-family: Georgia, Times New Roman, serif\"><b><br \/><\/b><\/span><br \/>\n<span style=\"font-family: Georgia, Times New Roman, serif\"><i><u>Deporte en Edad Escolar y Provincial por Edades de Toledo<\/u><\/i><\/span><br \/>\n<span style=\"font-family: Georgia, Times New Roman, serif\"><i><u><br \/><\/u><\/i><\/span><br \/>\n<span style=\"font-family: Georgia, Times New Roman, serif\"><b>Como es habitual en la provincia de Toledo, el resultado final de la fase provincial del Deporte en Edad Escolar servir\u00e1 para definir tambi\u00e9n la clasificaci\u00f3n del Campeonato por Edades. La asamblea de la FACLM decide hoy el coste que tendr\u00e1n las licencias para esta temporada en las distintas categor\u00edas, aunque lo que s\u00ed sabemos es que los clubes deber\u00e1n tener abonados <u><span style=\"color: #cc0000\">los importes correspondientes a las fichas de sus jugadores antes del 13 de febrero<\/span><\/u>. En nuestro caso, pasaremos una circular a todos los alumnos de las escuelas de ajedrez de Alc\u00e1zar y Villafranca junto a los jugadores de nuestros clubes, informando de todo lo relativo a las licencias de 2015 en cuanto nos informen de las decisiones acordadas en la asamblea federativa regional.<\/b><\/span><br \/>\n<span style=\"font-family: Georgia, Times New Roman, serif\"><b><br \/><\/b><\/span><br \/>\n<span style=\"font-family: Georgia, Times New Roman, serif\"><i><u>Campeonato Provincial por Edades de Ciudad Real<\/u><\/i><\/span><br \/>\n<span style=\"font-family: Georgia, Times New Roman, serif\"><i><u><br \/><\/u><\/i><\/span><br \/>\n<span style=\"font-family: Georgia, Times New Roman, serif\"><b>Los domingos: 1, 8 y 15 de marzo, se disputar\u00e1 en Provincial por Edades de Ciudad Real en la poblaci\u00f3n de Valdepe\u00f1as. Cuando est\u00e9 disponible toda la informaci\u00f3n la colgaremos en esta p\u00e1gina para ir adelantando la organizaci\u00f3n de los desplazamientos y participantes.<\/b><\/span><br \/>\n<span style=\"font-family: Georgia, Times New Roman, serif\"><b><br \/><\/b><\/span><br \/>\n<span style=\"font-family: Georgia, Times New Roman, serif\"><b>En pr\u00f3ximas semanas publicaremos el calendario de competiciones para los meses de abril, mayo y junio, cuando tienen lugar los campeonatos regionales, a poder ser con las respectivas sedes de celebraci\u00f3n una vez que sean designadas.<\/b><\/span><br \/>\n<span style=\"font-family: Georgia, Times New Roman, serif\"><b><br \/><\/b><\/span><\/p>\n<div style=\"text-align: center\">\n<span style=\"color: #741b47;font-family: Georgia, Times New Roman, serif\"><b><u>CARLOS \u00c1LVAREZ REALIZA UNA BUENA ACTUACI\u00d3N EN EL&nbsp;<\/u><\/b><\/span><\/div>\n<div style=\"text-align: center\">\n<span style=\"color: #741b47;font-family: Georgia, Times New Roman, serif\"><b><u>TORNEO DE ROQUETAS DE MAR<\/u><\/b><\/span><\/div>\n<div style=\"text-align: center\">\n<span style=\"color: #741b47;font-family: Georgia, Times New Roman, serif\"><b>El pasado 6 de enero finalizaba en Roquetas de Mar la 3\u00aa edici\u00f3n del torneo abierto para jugadores de hasta 2150 de ELO FIDE. El jugador ciudarreale\u00f1o del equipo absoluto de NUESTRO AJEDREZ EN EUROPA, Carlos \u00c1lvarez Serrano, realiz\u00f3 una buena actuaci\u00f3n tras sumar 5,5 puntos y quedar clasificado en la 8\u00aa posici\u00f3n, ganando 16 puntos de valoraci\u00f3n internacional.<\/b><\/span><\/div>\n<div style=\"text-align: center\">\n<span style=\"color: #741b47;font-family: Georgia, Times New Roman, serif\"><b>Carlos es uno de los jugadores que el mes pasado se proclamaban campeones provinciales por equipos en la categor\u00eda absoluta de la 1\u00aa divisi\u00f3n toledana representando al club de \u00abNUESTRO AJEDREZ EN EUROPA\u00bb.<\/b><\/span><\/div>\n<div style=\"text-align: center\">\n<span style=\"color: #741b47;font-family: Georgia, Times New Roman, serif\"><b><u><br \/><\/u><\/b><\/span><\/div>\n<p><span style=\"font-family: Georgia, Times New Roman, serif\"><i><u><br \/><\/u><\/i><\/span><\/p>\n","protected":false},"excerpt":{"rendered":"<p>Publicamos el calendario de competiciones previstas para el primer trimestre del a\u00f1o en las provincias de Toledo y Ciudad Real. El primer torneo en comenzar ser\u00e1 el Campeonato Regional del Deporte en Edad Escolar (CRDEE) en sus fases provinciales. El pr\u00f3ximo fin de semana ya celebrar\u00e1n la 1\u00aa jornada, teniendo en la Casa de la [&hellip;]<\/p>\n","protected":false},"author":1,"featured_media":4205,"comment_status":"open","ping_status":"closed","sticky":false,"template":"","format":"standard","meta":{"footnotes":""},"categories":[1],"tags":[],"class_list":["post-4204","post","type-post","status-publish","format-standard","has-post-thumbnail","hentry","category-noticias"],"_links":{"self":[{"href":"https:\/\/www.bfv.cloud\/ajedrezeuropa\/wp-json\/wp\/v2\/posts\/4204","targetHints":{"allow":["GET"]}}],"collection":[{"href":"https:\/\/www.bfv.cloud\/ajedrezeuropa\/wp-json\/wp\/v2\/posts"}],"about":[{"href":"https:\/\/www.bfv.cloud\/ajedrezeuropa\/wp-json\/wp\/v2\/types\/post"}],"author":[{"embeddable":true,"href":"https:\/\/www.bfv.cloud\/ajedrezeuropa\/wp-json\/wp\/v2\/users\/1"}],"replies":[{"embeddable":true,"href":"https:\/\/www.bfv.cloud\/ajedrezeuropa\/wp-json\/wp\/v2\/comments?post=4204"}],"version-history":[{"count":1,"href":"https:\/\/www.bfv.cloud\/ajedrezeuropa\/wp-json\/wp\/v2\/posts\/4204\/revisions"}],"predecessor-version":[{"id":4206,"href":"https:\/\/www.bfv.cloud\/ajedrezeuropa\/wp-json\/wp\/v2\/posts\/4204\/revisions\/4206"}],"wp:featuredmedia":[{"embeddable":true,"href":"https:\/\/www.bfv.cloud\/ajedrezeuropa\/wp-json\/wp\/v2\/media\/4205"}],"wp:attachment":[{"href":"https:\/\/www.bfv.cloud\/ajedrezeuropa\/wp-json\/wp\/v2\/media?parent=4204"}],"wp:term":[{"taxonomy":"category","embeddable":true,"href":"https:\/\/www.bfv.cloud\/ajedrezeuropa\/wp-json\/wp\/v2\/categories?post=4204"},{"taxonomy":"post_tag","embeddable":true,"href":"https:\/\/www.bfv.cloud\/ajedrezeuropa\/wp-json\/wp\/v2\/tags?post=4204"}],"curies":[{"name":"wp","href":"https:\/\/api.w.org\/{rel}","templated":true}]}}