{"id":4209,"date":"2011-09-20T13:40:00","date_gmt":"2011-09-20T13:40:00","guid":{"rendered":"https:\/\/www.bfv.cloud\/ajedrezeuropa\/index.php\/2011\/09\/20\/inicio-de-las-clases-en-las-escuelas-de-alcazar-y-villafranca-encuentro-con-el-club-de-ajedrez-de-san-fernando-de-henares\/"},"modified":"2025-11-20T11:14:09","modified_gmt":"2025-11-20T11:14:09","slug":"inicio-de-las-clases-en-las-escuelas-de-alcazar-y-villafranca-encuentro-con-el-club-de-ajedrez-de-san-fernando-de-henares","status":"publish","type":"post","link":"https:\/\/www.bfv.cloud\/ajedrezeuropa\/inicio-de-las-clases-en-las-escuelas-de-alcazar-y-villafranca-encuentro-con-el-club-de-ajedrez-de-san-fernando-de-henares\/","title":{"rendered":"INICIO DE LAS CLASES EN LAS ESCUELAS DE ALC\u00c1ZAR Y VILLAFRANCA. ENCUENTRO CON EL CLUB DE AJEDREZ DE SAN FERNANDO DE HENARES"},"content":{"rendered":"<p>\ufeff\ufeff <strong><span style=\", sans-serif\">El pr\u00f3ximo s\u00e1bado 24 de septiembre se inaugurar\u00e1 la temporada 2011\/2012 en nuestras escuelas deportivas municipales de Alc\u00e1zar y Villafranca. Los horarios en los que se desarrollar\u00e1n las clases ser\u00e1n los habituales de a\u00f1os anteriores:<\/span><\/strong><br \/>\n<strong><span style=\"font-family: Trebuchet MS\">&#8211; Alc\u00e1zar (grupos de iniciaci\u00f3n): de 10,30 a 12 de la ma\u00f1ana.<\/span><\/strong><br \/>\n<strong><span style=\"font-family: Trebuchet MS\">&nbsp;&nbsp;&nbsp;&nbsp;&nbsp;&nbsp;&nbsp;&nbsp;&nbsp;&nbsp;&nbsp;&nbsp;&nbsp;&nbsp; (grupo de perfeccionamiento): de 12 a 13,30 del mediod\u00eda.<\/span><\/strong><br \/>\n<strong><span style=\"font-family: Trebuchet MS\">&#8211; Villafranca (grupos de iniciaci\u00f3n): de 16,30 a 17,45 horas.<\/span><\/strong><br \/>\n<strong><span style=\"font-family: Trebuchet MS\">&nbsp;&nbsp;&nbsp;&nbsp;&nbsp;&nbsp;&nbsp;&nbsp;&nbsp;&nbsp;&nbsp;&nbsp;&nbsp;&nbsp;&nbsp;&nbsp;&nbsp;&nbsp;&nbsp;(grupo de perfeccionamiento): de 17,45 a 20 horas.<\/span><\/strong><br \/>\n<strong><span style=\"font-family: Trebuchet MS\">El periodo de inscripci\u00f3n est\u00e1 abierto ya tanto en Alc\u00e1zar como en Villafranca.<\/span><\/strong><\/p>\n<table cellpadding=\"0\" cellspacing=\"0\" class=\"tr-caption-container\" style=\"float: right;margin-left: 1em;text-align: right\">\n<tbody>\n<tr>\n<td style=\"text-align: center\"><a href=\"https:\/\/www.bfv.cloud\/ajedrezeuropa\/wp-content\/uploads\/2011\/09\/torneodeferias2011001.jpg\" style=\"clear: right;margin-bottom: 1em;margin-left: auto;margin-right: auto\"><img decoding=\"async\" border=\"0\" height=\"240px\" src=\"https:\/\/blogger.googleusercontent.com\/img\/b\/R29vZ2xl\/AVvXsEjabUovewyGpH0TNJ8fxYqkQL4z-ogMjmBMDlgJU2QASe9rWyVVASzfflzreClDyUk1CpGnDsaQp3ZTP2iOuqBNwrDIeMvyGtnl95Ezf81Lt8a_6A2wM21bhX3ogO7WyDKMTtkCaqI92PY\/s320\/torneo+de+ferias+2011+001.jpg\" width=\"320px\" \/><\/a><\/td>\n<\/tr>\n<tr>\n<td class=\"tr-caption\" style=\"text-align: center\">El alcalde de Villafranca, Andr\u00e9s Beldad, y el concejal<br \/>\nde deportes, Juanjo Marchante, junto a 4 de los miembros<br \/>\n&nbsp;del equipo sub-16 de&nbsp;\u00abNuestro Ajedrez en Europa\u00bb,<br \/>\nrecientes campeones regionales por 2\u00ba a\u00f1o<br \/>\nconsecutivo<\/td>\n<\/tr>\n<\/tbody>\n<\/table>\n<p>\ufeff\ufeff\ufeff <br \/>\n\ufeff\ufeff <\/p>\n<table cellpadding=\"0\" cellspacing=\"0\" class=\"tr-caption-container\" style=\"float: left;margin-right: 1em;text-align: left\">\n<tbody>\n<tr>\n<td style=\"text-align: center\"><a href=\"https:\/\/www.bfv.cloud\/ajedrezeuropa\/wp-content\/uploads\/2011\/09\/CARTELDELENCUENTROCONSANFERNANDO.png\" style=\"clear: left;margin-bottom: 1em;margin-left: auto;margin-right: auto\"><img decoding=\"async\" border=\"0\" height=\"320px\" src=\"https:\/\/blogger.googleusercontent.com\/img\/b\/R29vZ2xl\/AVvXsEhw1PSkyWPrXSUfcjjWLAKtBkTI-EUes-ZH_jRzDwUMOC9mWVDr2-H1bzJsfv68s7ppuDF9uiYodZLZOzdj_xX5SFlm5Rh5Un_cwJvMA7swdLeoEPyaK4yYjPKpXc4zKiSPWpDMgDy4jm0\/s320\/CARTEL+DEL+ENCUENTRO+CON+SAN+FERNANDO.png\" width=\"225px\" \/><\/a><\/td>\n<\/tr>\n<tr>\n<td class=\"tr-caption\" style=\"text-align: center\">Este es el cartel elaborado por el<br \/>\nclub de San Fernando para el <br \/>\nEncuentro<\/td>\n<\/tr>\n<\/tbody>\n<\/table>\n<p>\ufeff\ufeff \ufeff<\/p>\n<p>\n<strong><span style=\"font-family: Arial, Helvetica, sans-serif\">Sobre estas l\u00edneas pod\u00e9is ver el cartel del Encuentro que hemos preparado con el Club de Ajedrez San Fernando de Henares, como inicio de la preparaci\u00f3n de nuestros j\u00f3venes ajedrecistas para la fase final del Campeonato de Espa\u00f1a por Equipos sub-16. La primera parte de este Encuentro a doble vuelta tendr\u00e1 lugar el pr\u00f3ximo domingo 25 de septiembre en las aulas de ajedrez de la Casa de la Cultura de Villafranca. Nuestros 2 clubes integrados en el proyecto disputar\u00e1n 4 partidas contra los repectivos equipos de San Fernando, 2 aqu\u00ed y otras 2 un domingo de octubre en la localidad madrile\u00f1a.&nbsp;Las rondas&nbsp;enfrentar\u00e1n a 5 tableros por equipo, a ritmo ol\u00edmpico (1 hora y media por jugador con 30 segundos de incremento desde la 1\u00aa jugada).<\/span><\/strong><br \/>\n<strong><span style=\"font-family: Arial\">Queremos agradecer la iniciativa del Club de San Fernando, en especial&nbsp;el trabajo de coordinaci\u00f3n&nbsp;de Ricardo Recuero, para que podamos&nbsp;realizar esta actividad que resulta tan interesante para el entrenamiento y preparaci\u00f3n de nuestros chicos y de nuestras chicas. En pr\u00f3ximos d\u00edas os informaremos de los emparejamientos para esta 1\u00aa jornada.<\/span><\/strong><\/p>\n","protected":false},"excerpt":{"rendered":"<p>\ufeff\ufeff El pr\u00f3ximo s\u00e1bado 24 de septiembre se inaugurar\u00e1 la temporada 2011\/2012 en nuestras escuelas deportivas municipales de Alc\u00e1zar y Villafranca. Los horarios en los que se desarrollar\u00e1n las clases ser\u00e1n los habituales de a\u00f1os anteriores: &#8211; Alc\u00e1zar (grupos de iniciaci\u00f3n): de 10,30 a 12 de la ma\u00f1ana. &nbsp;&nbsp;&nbsp;&nbsp;&nbsp;&nbsp;&nbsp;&nbsp;&nbsp;&nbsp;&nbsp;&nbsp;&nbsp;&nbsp; (grupo de perfeccionamiento): de 12 a [&hellip;]<\/p>\n","protected":false},"author":1,"featured_media":4210,"comment_status":"open","ping_status":"closed","sticky":false,"template":"","format":"standard","meta":{"footnotes":""},"categories":[1],"tags":[],"class_list":["post-4209","post","type-post","status-publish","format-standard","has-post-thumbnail","hentry","category-noticias"],"_links":{"self":[{"href":"https:\/\/www.bfv.cloud\/ajedrezeuropa\/wp-json\/wp\/v2\/posts\/4209","targetHints":{"allow":["GET"]}}],"collection":[{"href":"https:\/\/www.bfv.cloud\/ajedrezeuropa\/wp-json\/wp\/v2\/posts"}],"about":[{"href":"https:\/\/www.bfv.cloud\/ajedrezeuropa\/wp-json\/wp\/v2\/types\/post"}],"author":[{"embeddable":true,"href":"https:\/\/www.bfv.cloud\/ajedrezeuropa\/wp-json\/wp\/v2\/users\/1"}],"replies":[{"embeddable":true,"href":"https:\/\/www.bfv.cloud\/ajedrezeuropa\/wp-json\/wp\/v2\/comments?post=4209"}],"version-history":[{"count":1,"href":"https:\/\/www.bfv.cloud\/ajedrezeuropa\/wp-json\/wp\/v2\/posts\/4209\/revisions"}],"predecessor-version":[{"id":4212,"href":"https:\/\/www.bfv.cloud\/ajedrezeuropa\/wp-json\/wp\/v2\/posts\/4209\/revisions\/4212"}],"wp:featuredmedia":[{"embeddable":true,"href":"https:\/\/www.bfv.cloud\/ajedrezeuropa\/wp-json\/wp\/v2\/media\/4210"}],"wp:attachment":[{"href":"https:\/\/www.bfv.cloud\/ajedrezeuropa\/wp-json\/wp\/v2\/media?parent=4209"}],"wp:term":[{"taxonomy":"category","embeddable":true,"href":"https:\/\/www.bfv.cloud\/ajedrezeuropa\/wp-json\/wp\/v2\/categories?post=4209"},{"taxonomy":"post_tag","embeddable":true,"href":"https:\/\/www.bfv.cloud\/ajedrezeuropa\/wp-json\/wp\/v2\/tags?post=4209"}],"curies":[{"name":"wp","href":"https:\/\/api.w.org\/{rel}","templated":true}]}}