{"id":4213,"date":"2017-08-31T17:37:00","date_gmt":"2017-08-31T17:37:00","guid":{"rendered":"https:\/\/www.bfv.cloud\/ajedrezeuropa\/index.php\/2017\/08\/31\/ya-esta-en-juego-el-regional-por-equipos-sub-18-y-sub-12\/"},"modified":"2025-11-20T11:14:13","modified_gmt":"2025-11-20T11:14:13","slug":"ya-esta-en-juego-el-regional-por-equipos-sub-18-y-sub-12","status":"publish","type":"post","link":"https:\/\/www.bfv.cloud\/ajedrezeuropa\/ya-esta-en-juego-el-regional-por-equipos-sub-18-y-sub-12\/","title":{"rendered":"\u00a1YA EST\u00c1 EN JUEGO EL REGIONAL POR EQUIPOS SUB-18 Y SUB-12!!"},"content":{"rendered":"<table align=\"center\" cellpadding=\"0\" cellspacing=\"0\" class=\"tr-caption-container\" style=\"margin-left: auto;margin-right: auto;text-align: center\">\n<tbody>\n<tr>\n<td style=\"text-align: center\"><a href=\"https:\/\/www.bfv.cloud\/ajedrezeuropa\/wp-content\/uploads\/2017\/08\/IMG-20170831-WA035.jpg\" style=\"margin-left: auto;margin-right: auto\"><img fetchpriority=\"high\" decoding=\"async\" border=\"0\" data-original-height=\"996\" data-original-width=\"1249\" height=\"510\" src=\"https:\/\/blogger.googleusercontent.com\/img\/b\/R29vZ2xl\/AVvXsEgvNs1_E1BE3_5NTuZdXqfuWvzvrA4nsUuXt6mlNufpf6PUIiywFSKMOY5MIdEq-q9Wqfzs4hLmMwVGI2K6P2W4UHXD0uGG_NLyEz5WtqBHsKjA7eaNhGMoFaHi0QicVZKIGJCiODFGk2I\/s640\/IMG-20170831-WA035.jpg\" width=\"640\" \/><\/a><\/td>\n<\/tr>\n<tr>\n<td class=\"tr-caption\" style=\"text-align: center\">NUESTRO AJEDREZ EN EUROPA SUB-18: Javier Valdepe\u00f1as, Roberto L\u00f3pez, Alfredo Amador y Arturo Mate (sentados); Irene Sim\u00f3n (de pie)&nbsp;<\/td>\n<\/tr>\n<\/tbody>\n<\/table>\n<p>&nbsp;<span style=\"font-family: Arial, Helvetica, sans-serif;font-size: large\"><b>A las 5 de la tarde ha comenzado en Albacete el Campeonato Regional por Equipos Sub-18 y Sub-12. Son 20 los equipos participantes entre las dos categor\u00edas, con 3 representantes de nuestro proyecto.<\/b><\/span><\/p>\n<table align=\"center\" cellpadding=\"0\" cellspacing=\"0\" class=\"tr-caption-container\" style=\"margin-left: auto;margin-right: auto;text-align: center\">\n<tbody>\n<tr>\n<td style=\"text-align: center\"><a href=\"https:\/\/www.bfv.cloud\/ajedrezeuropa\/wp-content\/uploads\/2017\/08\/IMG-20170831-WA037.jpg\" style=\"margin-left: auto;margin-right: auto\"><img decoding=\"async\" border=\"0\" data-original-height=\"882\" data-original-width=\"1274\" height=\"442\" src=\"https:\/\/blogger.googleusercontent.com\/img\/b\/R29vZ2xl\/AVvXsEhz3bGjB1gLLGNtGmra1LkHhr4YglYCFmcC-4ex5nvZAedpuQe2UeIrwdLKFue7Xw8zldBl_2AXif6LRK_db_Q3rO9jtrlSo8vCd4Gfdlb2-25aEBO3XERNs6C5tsgi9b-8nVJDPpgJ2-I\/s640\/IMG-20170831-WA037.jpg\" width=\"640\" \/><\/a><\/td>\n<\/tr>\n<tr>\n<td class=\"tr-caption\" style=\"text-align: center\">NUESTRO AJEDREZ POR LA IGUALDAD SUB-18: Enrique Velasco, Roberto Yeghiazaryan, Daniel Climent e<br \/>Isabel Marcos-Alberca (sentados); Mar\u00eda Oliver y Clara Vela (de pie)<\/td>\n<\/tr>\n<\/tbody>\n<\/table>\n<p><span style=\"font-family: Arial, Helvetica, sans-serif;font-size: large\"><b>La categor\u00eda Sub-18 cuenta con un total de 12 equipos participantes. El club Nuestro Ajedrez en Europa parte de la 2\u00aa posici\u00f3n del ranking inicial y su primer emparejamiento es con el CP La Roda, mientras que el equipo de Nuestro Ajedrez por la Igualdad es 11\u00ba en el orden de partida y se enfrenta a los toledanos de Bargas-Soliss.<\/b><\/span><br \/>\n<span style=\"font-family: Arial, Helvetica, sans-serif;font-size: large\"><b>Recordemos que en 2016 los equipos juveniles de nuestros dos clubes ocuparon la 3\u00aa posici\u00f3n (Nuestro Ajedrez en Europa) y la 8\u00aa plaza (Nuestro Ajedrez por la Igualdad) y que el torneo cont\u00f3 con 10 participantes.<\/b><\/span><br \/>\n<span style=\"font-family: Arial, Helvetica, sans-serif;font-size: large\"><b>Este es el enlace para seguir los resultados y la clasificaci\u00f3n del sub-18:<\/b><\/span><\/p>\n<div style=\"text-align: center\">\n<span style=\"font-family: Arial, Helvetica, sans-serif;font-size: large\"><b><a href=\"http:\/\/www.chess-results.com\/tnr297634.aspx?lan=2\">INFORMACI\u00d3N SUB-18 EN CHESS-RESULTS<\/a><\/b><\/span><\/div>\n<div style=\"text-align: center\">\n<span style=\"font-family: Arial, Helvetica, sans-serif;font-size: large\"><br \/><\/span><\/div>\n<table align=\"center\" cellpadding=\"0\" cellspacing=\"0\" class=\"tr-caption-container\" style=\"margin-left: auto;margin-right: auto;text-align: center\">\n<tbody>\n<tr>\n<td style=\"text-align: center\"><a href=\"https:\/\/www.bfv.cloud\/ajedrezeuropa\/wp-content\/uploads\/2017\/08\/IMG-20170831-WA039.jpg\" style=\"margin-left: auto;margin-right: auto\"><img decoding=\"async\" border=\"0\" data-original-height=\"900\" data-original-width=\"1066\" height=\"540\" src=\"https:\/\/blogger.googleusercontent.com\/img\/b\/R29vZ2xl\/AVvXsEgTTWBucjv3yTY3Q4Y4gPiwQhzV_bt8ErvlrtC4gmyOfHTNmlafUfFsxDqeJmz6O1SF6NzK0wV9J5jQXHuSKPyeTl2DcFw0tUjXo8wmlGzONHhQ3IDtgkANOArlv0TGvRdCTLlnBCGsnGE\/s640\/IMG-20170831-WA039.jpg\" width=\"640\" \/><\/a><\/td>\n<\/tr>\n<tr>\n<td class=\"tr-caption\" style=\"text-align: center\">NUESTRO AJEDREZ POR LA IGUALDAD SUB-12: Alonso L\u00f3pez, Carlos P\u00e9rez, Gabriel Amador y<br \/>Adri\u00e1n Alhambra<\/td>\n<\/tr>\n<\/tbody>\n<\/table>\n<p><span style=\"font-family: Arial, Helvetica, sans-serif;font-size: large\"><b>En la categor\u00eda Sub-12 son 8 los clubes de Castilla-La Mancha que asisten a este campeonato. El club Nuestro Ajedrez por la Igualdad participa por primera vez en este regional, situ\u00e1ndose en la 6\u00aa plaza del ranking inicial.&nbsp;<\/b><\/span><br \/>\n<span style=\"font-family: Arial, Helvetica, sans-serif;font-size: large\"><b>Ya en la ronda 1, nuestros chicos se ponen cara a cara con el equipo campe\u00f3n de Toledo, Coordinadora.<\/b><\/span><br \/>\n<span style=\"font-family: Arial, Helvetica, sans-serif;font-size: large\"><b>Buena suerte a los 15 jugadores (11 chicos y 4 chicas) que componen nuestros equipos y buenos entrenamientos a sus preparadores: Isaac Lozano y Silvia Toribio.<\/b><\/span><br \/>\n<span style=\"font-family: Arial, Helvetica, sans-serif;font-size: large\"><b>\u00a1\u00a1Muy buen torneo a todos!!<\/b><\/span><br \/>\n<span style=\"font-family: Arial, Helvetica, sans-serif;font-size: large\"><b>El enlace para seguir la informaci\u00f3n del sub-12 es el siguiente:<\/b><\/span><\/p>\n<div style=\"text-align: center\">\n<span style=\"font-family: Arial, Helvetica, sans-serif;font-size: large\"><b><a href=\"http:\/\/www.chess-results.com\/tnr297633.aspx?lan=2\">INFORMACI\u00d3N DEL SUB-12 EN CHESS-RESULTS<\/a><\/b><\/span><\/div>\n<div style=\"text-align: center\">\n<span style=\"font-family: Arial, Helvetica, sans-serif;font-size: large\"><br \/><\/span><\/div>\n","protected":false},"excerpt":{"rendered":"<p>NUESTRO AJEDREZ EN EUROPA SUB-18: Javier Valdepe\u00f1as, Roberto L\u00f3pez, Alfredo Amador y Arturo Mate (sentados); Irene Sim\u00f3n (de pie)&nbsp; &nbsp;A las 5 de la tarde ha comenzado en Albacete el Campeonato Regional por Equipos Sub-18 y Sub-12. Son 20 los equipos participantes entre las dos categor\u00edas, con 3 representantes de nuestro proyecto. NUESTRO AJEDREZ POR [&hellip;]<\/p>\n","protected":false},"author":1,"featured_media":4214,"comment_status":"open","ping_status":"closed","sticky":false,"template":"","format":"standard","meta":{"footnotes":""},"categories":[1],"tags":[],"class_list":["post-4213","post","type-post","status-publish","format-standard","has-post-thumbnail","hentry","category-noticias"],"_links":{"self":[{"href":"https:\/\/www.bfv.cloud\/ajedrezeuropa\/wp-json\/wp\/v2\/posts\/4213","targetHints":{"allow":["GET"]}}],"collection":[{"href":"https:\/\/www.bfv.cloud\/ajedrezeuropa\/wp-json\/wp\/v2\/posts"}],"about":[{"href":"https:\/\/www.bfv.cloud\/ajedrezeuropa\/wp-json\/wp\/v2\/types\/post"}],"author":[{"embeddable":true,"href":"https:\/\/www.bfv.cloud\/ajedrezeuropa\/wp-json\/wp\/v2\/users\/1"}],"replies":[{"embeddable":true,"href":"https:\/\/www.bfv.cloud\/ajedrezeuropa\/wp-json\/wp\/v2\/comments?post=4213"}],"version-history":[{"count":1,"href":"https:\/\/www.bfv.cloud\/ajedrezeuropa\/wp-json\/wp\/v2\/posts\/4213\/revisions"}],"predecessor-version":[{"id":4217,"href":"https:\/\/www.bfv.cloud\/ajedrezeuropa\/wp-json\/wp\/v2\/posts\/4213\/revisions\/4217"}],"wp:featuredmedia":[{"embeddable":true,"href":"https:\/\/www.bfv.cloud\/ajedrezeuropa\/wp-json\/wp\/v2\/media\/4214"}],"wp:attachment":[{"href":"https:\/\/www.bfv.cloud\/ajedrezeuropa\/wp-json\/wp\/v2\/media?parent=4213"}],"wp:term":[{"taxonomy":"category","embeddable":true,"href":"https:\/\/www.bfv.cloud\/ajedrezeuropa\/wp-json\/wp\/v2\/categories?post=4213"},{"taxonomy":"post_tag","embeddable":true,"href":"https:\/\/www.bfv.cloud\/ajedrezeuropa\/wp-json\/wp\/v2\/tags?post=4213"}],"curies":[{"name":"wp","href":"https:\/\/api.w.org\/{rel}","templated":true}]}}