{"id":4218,"date":"2018-07-31T16:13:00","date_gmt":"2018-07-31T16:13:00","guid":{"rendered":"https:\/\/www.bfv.cloud\/ajedrezeuropa\/index.php\/2018\/07\/31\/el-campus-de-ajedrez-abre-su-undecima-edicion\/"},"modified":"2025-11-20T11:14:19","modified_gmt":"2025-11-20T11:14:19","slug":"el-campus-de-ajedrez-abre-su-undecima-edicion","status":"publish","type":"post","link":"https:\/\/www.bfv.cloud\/ajedrezeuropa\/el-campus-de-ajedrez-abre-su-undecima-edicion\/","title":{"rendered":"EL CAMPUS DE AJEDREZ ABRE SU UND\u00c9CIMA EDICI\u00d3N"},"content":{"rendered":"<div class=\"separator\" style=\"clear: both;text-align: center\">\n<iframe width=\"320\" height=\"266\" class=\"YOUTUBE-iframe-video\" src=\"https:\/\/www.youtube.com\/embed\/_V-tMH9mb2A?feature=player_embedded\" frameborder=\"0\" allowfullscreen><\/iframe><\/div>\n<div style=\"text-align: center\">\n<\/div>\n<div style=\"text-align: center\">\n<span style=\"font-family: Verdana, sans-serif;font-size: large\">Ayer comenzaba en el CIJ Covadonga de Alc\u00e1zar de San Juan la und\u00e9cima edici\u00f3n del campus de tecnificaci\u00f3n y perfeccionamiento \u00abNuestro Ajedrez en Europa\u00bb. Hasta el pr\u00f3ximo s\u00e1bado, los 25 chicos y chicas que participan en las distintas actividades que se organizan, disfrutar\u00e1n aprendiendo y jugando de la mano de los grandes maestros: Elizbar Ubilava y Herminio Herr\u00e1iz; de las entrenadoras y monitoras: Ana Isabel Gonz\u00e1lez y Silvia Toribio; y de los entrenadores: Antonio Albo y Luismi Monreal.<\/span><\/div>\n<div style=\"text-align: center\">\n<span style=\"font-family: Verdana, sans-serif;font-size: large\"><br \/><\/span><\/div>\n<table cellpadding=\"0\" cellspacing=\"0\" class=\"tr-caption-container\" style=\"float: right;text-align: center\">\n<tbody>\n<tr>\n<td><a href=\"https:\/\/www.bfv.cloud\/ajedrezeuropa\/wp-content\/uploads\/2018\/07\/IMG_2015.jpg\" style=\"margin-left: auto;margin-right: auto\"><img fetchpriority=\"high\" decoding=\"async\" border=\"0\" data-original-height=\"1067\" data-original-width=\"1600\" height=\"426\" src=\"https:\/\/blogger.googleusercontent.com\/img\/b\/R29vZ2xl\/AVvXsEi-xo2A13GUjocb04LF7InIISjHihi7EpNZdzgPAqq_j5lcpQrLkSp9bdAkt1Qal-ve3JbzDqQtin-ilCaZIAGPqzwJb8CQEh-d45GLiLa7DcLnXjs8Ckt0lVGE6g2Wg1ZThvf7GfEacI4\/s640\/IMG_2015.JPG\" width=\"640\" \/><\/a><\/td>\n<\/tr>\n<tr>\n<td class=\"tr-caption\" style=\"font-size: 12.8px\">La presentaci\u00f3n del campus para familias y alumn@s<\/td>\n<\/tr>\n<\/tbody>\n<\/table>\n<div style=\"text-align: center\">\n<span style=\"font-family: Verdana, sans-serif;font-size: large\"><br \/><\/span><\/div>\n<div style=\"text-align: center\">\n<span style=\"font-family: Verdana, sans-serif;font-size: large\"><br \/><\/span><\/div>\n<div style=\"text-align: center\">\n<span style=\"font-family: Verdana, sans-serif;font-size: large\"><br \/><\/span><\/div>\n<div style=\"text-align: center\">\n<span style=\"font-family: Verdana, sans-serif;font-size: large\"><br \/><\/span><\/div>\n<div style=\"text-align: center\">\n<span style=\"font-family: Verdana, sans-serif;font-size: large\"><br \/><\/span><\/div>\n<div style=\"text-align: center\">\n<span style=\"font-family: Verdana, sans-serif;font-size: large\"><br \/><\/span><\/div>\n<div style=\"text-align: center\">\n<span style=\"font-family: Verdana, sans-serif;font-size: large\"><br \/><\/span><\/div>\n<div style=\"text-align: center\">\n<span style=\"font-family: Verdana, sans-serif;font-size: large\"><br \/><\/span><\/div>\n<div style=\"text-align: center\">\n<span style=\"font-family: Verdana, sans-serif;font-size: large\"><br \/><\/span><\/div>\n<div style=\"text-align: center\">\n<span style=\"font-family: Verdana, sans-serif;font-size: large\"><br \/><\/span><\/div>\n<div style=\"text-align: center\">\n<span style=\"font-family: Verdana, sans-serif;font-size: large\"><br \/><\/span><\/div>\n<div style=\"text-align: center\">\n<span style=\"font-family: Verdana, sans-serif;font-size: large\"><br \/><\/span><\/div>\n<div style=\"text-align: center\">\n<span style=\"font-family: Verdana, sans-serif;font-size: large\"><br \/><\/span><\/div>\n<div style=\"text-align: center\">\n<span style=\"font-family: Verdana, sans-serif;font-size: large\"><br \/><\/span><\/div>\n<div style=\"text-align: center\">\n<span style=\"font-family: Verdana, sans-serif;font-size: large\"><br \/><\/span><\/div>\n<div style=\"text-align: center\">\n<span style=\"font-family: Verdana, sans-serif;font-size: large\"><br \/><\/span><\/div>\n<div style=\"text-align: center\">\n<span style=\"font-family: Verdana, sans-serif;font-size: large\"><br \/><\/span><\/div>\n<div style=\"text-align: center\">\n<span style=\"font-family: Verdana, sans-serif;font-size: large\"><br \/><\/span><\/div>\n<div style=\"text-align: center\">\n<span style=\"font-family: Verdana, sans-serif;font-size: large\">En la parte superior de esta noticia aparece el v\u00eddeo informativo que sobre la jornada inaugural ha realizado Mancha Media. Tambi\u00e9n pub<\/span><span style=\"font-family: Verdana, sans-serif;font-size: large\">licamos varias fotos tomadas por este mismo medio informativo durante la rueda de prensa.<\/span><\/div>\n<table cellpadding=\"0\" cellspacing=\"0\" class=\"tr-caption-container\" style=\"float: right;text-align: right\">\n<tbody>\n<tr>\n<td style=\"text-align: center\"><a href=\"https:\/\/www.bfv.cloud\/ajedrezeuropa\/wp-content\/uploads\/2018\/07\/IMG_2008.jpg\" style=\"clear: right;margin-bottom: 1em;margin-left: auto;margin-right: auto\"><img decoding=\"async\" border=\"0\" data-original-height=\"928\" data-original-width=\"1600\" height=\"231\" src=\"https:\/\/blogger.googleusercontent.com\/img\/b\/R29vZ2xl\/AVvXsEjKy6qpquBW1TQ7e1I0BCLhmV74hMf12vdHgdg_XVo1-ygEWJcbnD241jdK4-s5Exgjb3I_ZiDvzfQb1wUie6Bi3YOl_6gwFGyXxD3visHLbXlbB-BLMrMC9MNxbm-g0bxMK45l4aBfqXA\/s400\/IMG_2008.JPG\" width=\"400\" \/><\/a><\/td>\n<\/tr>\n<tr>\n<td class=\"tr-caption\" style=\"text-align: center\">En clase y ante el tablero<\/td>\n<\/tr>\n<\/tbody>\n<\/table>\n<div style=\"text-align: center\">\n<span style=\"font-family: Verdana, sans-serif;font-size: large\">Ya son 11 a\u00f1os de existencia del proyecto&nbsp;<\/span><\/div>\n<div style=\"text-align: center\">\n<span style=\"font-family: Verdana, sans-serif;font-size: large\">Nuestro Ajedrez en Europa<\/span><\/div>\n<div style=\"text-align: center\">\n<span style=\"font-family: Verdana, sans-serif;font-size: large\">y queremos reconocer el compromiso de los entrenadores y monitores que nos acompa\u00f1an en la tarea de la formaci\u00f3n de nuestr@s chic@s, as\u00ed como de las instituciones que nos respaldan y apoyan. Desde 2007, los ayuntamientos de Alc\u00e1zar de San Juan y Villafranca de los Caballeros han estado muy cerca de todas nuestras actividades. En esta ocasi\u00f3n, la inauguraci\u00f3n cont\u00f3 con la presencia de la teniente de alcalde, Rosa Idalia Cruz, y la concejala de Bienestar social, Patricia Benito, por parte de Alc\u00e1zar, y de Juli\u00e1n Bola\u00f1os por Villafranca de los Caballeros.<\/span><\/div>\n<div style=\"text-align: center\">\n<span style=\"font-family: Verdana, sans-serif;font-size: large\"><br \/><\/span><\/div>\n<table align=\"center\" cellpadding=\"0\" cellspacing=\"0\" class=\"tr-caption-container\" style=\"margin-left: auto;margin-right: auto;text-align: center\">\n<tbody>\n<tr>\n<td style=\"text-align: center\"><a href=\"https:\/\/www.bfv.cloud\/ajedrezeuropa\/wp-content\/uploads\/2018\/07\/IMG_2010.jpg\" style=\"margin-left: auto;margin-right: auto\"><img decoding=\"async\" border=\"0\" data-original-height=\"753\" data-original-width=\"1600\" height=\"300\" src=\"https:\/\/blogger.googleusercontent.com\/img\/b\/R29vZ2xl\/AVvXsEgmV0_yt5i3fztLL_cjuNdWEeTnY7NGZV-SBNJvyMtyBPT5C5be_scOqf0BilhhtrW_32bwd79gFfYbEXwyWkDnZVW3BtbH8yuxbFUsLnECPi71MIHN3XgqsVjEBAg-qgZxphOPb2uDtRY\/s640\/IMG_2010.JPG\" width=\"640\" \/><\/a><\/td>\n<\/tr>\n<tr>\n<td class=\"tr-caption\" style=\"text-align: center\">En la rueda prensa se habl\u00f3 de los distintos programas en los que trabaja el proyecto<\/td>\n<\/tr>\n<\/tbody>\n<\/table>\n<div style=\"text-align: center\">\n<span style=\"font-family: Verdana, sans-serif;font-size: large\">El trabajo y esfuerzo de estos a\u00f1os nos han convertido en un proyecto de ajedrez \u00fanico en Castilla-La Mancha con un trabajo intensivo en el mundo de la educaci\u00f3n y con una segunda vertiente muy asentada en el plano deportivo.<\/span><\/div>\n<table align=\"center\" cellpadding=\"0\" cellspacing=\"0\" class=\"tr-caption-container\" style=\"margin-left: auto;margin-right: auto;text-align: center\">\n<tbody>\n<tr>\n<td style=\"text-align: center\"><a href=\"https:\/\/www.bfv.cloud\/ajedrezeuropa\/wp-content\/uploads\/2018\/07\/IMG_2022.jpg\" style=\"margin-left: auto;margin-right: auto\"><img loading=\"lazy\" decoding=\"async\" border=\"0\" data-original-height=\"884\" data-original-width=\"1572\" height=\"354\" src=\"https:\/\/blogger.googleusercontent.com\/img\/b\/R29vZ2xl\/AVvXsEj6pBK4UoOarkdMrhenHpD2poOMIWof6j4UNBS5VdeZINXxXG5ZusW-WvJGh6J-g5Hzs8jD5vgRE4d2mmvG3MsI_QTsxfV5FDq0Y9YYYWFglknnI0xqt1jvppXZ7lh8Z1r-m14g2ohaLDA\/s640\/IMG_2022.JPG\" width=\"640\" \/><\/a><\/td>\n<\/tr>\n<tr>\n<td class=\"tr-caption\" style=\"text-align: center\">El alumnado del campus en el sal\u00f3n de actos del CIJ Covadonga<\/td>\n<\/tr>\n<\/tbody>\n<\/table>\n<div style=\"text-align: center\">\n<span style=\"font-family: Verdana, sans-serif;font-size: large\">El proyecto manchego, con una incuestionable presencia y vitalidad dentro de la regi\u00f3n, tiene por delante uno de sus mayores retos: alcanzar la cifra de 2.800 j\u00f3venes, ni\u00f1os y ni\u00f1as vinculados a sus actividades educativas, culturales, sociales y deportivas, a partir del comienzo del nuevo curso escolar 18\/19.<\/span><\/div>\n<table align=\"center\" cellpadding=\"0\" cellspacing=\"0\" class=\"tr-caption-container\" style=\"margin-left: auto;margin-right: auto;text-align: center\">\n<tbody>\n<tr>\n<td style=\"text-align: center\"><a href=\"https:\/\/www.bfv.cloud\/ajedrezeuropa\/wp-content\/uploads\/2018\/07\/IMG_2021.jpg\" style=\"margin-left: auto;margin-right: auto\"><img loading=\"lazy\" decoding=\"async\" border=\"0\" data-original-height=\"715\" data-original-width=\"1600\" height=\"286\" src=\"https:\/\/blogger.googleusercontent.com\/img\/b\/R29vZ2xl\/AVvXsEgXm09achuTFls3OQQxkq5IFNPjqNoehaqWCuu4mFp9ObAqekIEs2LJV7N5RzTPGt4O4lu2ggBOo8eFwRoK01hnXAaOXDkARbxtZ-ghhK4vtFmiHXA7yI8v57QahufZBGJD5Dso2j-5h3w\/s640\/IMG_2021.JPG\" width=\"640\" \/><\/a><\/td>\n<\/tr>\n<tr>\n<td class=\"tr-caption\" style=\"text-align: center\">Un grupo de alumnos atiende al desarrollo del acto inaugural<\/td>\n<\/tr>\n<\/tbody>\n<\/table>\n<div style=\"text-align: center\">\n<span style=\"font-family: Verdana, sans-serif;font-size: large\"><br \/><\/span><\/div>\n","protected":false},"excerpt":{"rendered":"<p>Ayer comenzaba en el CIJ Covadonga de Alc\u00e1zar de San Juan la und\u00e9cima edici\u00f3n del campus de tecnificaci\u00f3n y perfeccionamiento \u00abNuestro Ajedrez en Europa\u00bb. Hasta el pr\u00f3ximo s\u00e1bado, los 25 chicos y chicas que participan en las distintas actividades que se organizan, disfrutar\u00e1n aprendiendo y jugando de la mano de los grandes maestros: Elizbar Ubilava [&hellip;]<\/p>\n","protected":false},"author":1,"featured_media":4219,"comment_status":"open","ping_status":"closed","sticky":false,"template":"","format":"standard","meta":{"footnotes":""},"categories":[1],"tags":[],"class_list":["post-4218","post","type-post","status-publish","format-standard","has-post-thumbnail","hentry","category-noticias"],"_links":{"self":[{"href":"https:\/\/www.bfv.cloud\/ajedrezeuropa\/wp-json\/wp\/v2\/posts\/4218","targetHints":{"allow":["GET"]}}],"collection":[{"href":"https:\/\/www.bfv.cloud\/ajedrezeuropa\/wp-json\/wp\/v2\/posts"}],"about":[{"href":"https:\/\/www.bfv.cloud\/ajedrezeuropa\/wp-json\/wp\/v2\/types\/post"}],"author":[{"embeddable":true,"href":"https:\/\/www.bfv.cloud\/ajedrezeuropa\/wp-json\/wp\/v2\/users\/1"}],"replies":[{"embeddable":true,"href":"https:\/\/www.bfv.cloud\/ajedrezeuropa\/wp-json\/wp\/v2\/comments?post=4218"}],"version-history":[{"count":1,"href":"https:\/\/www.bfv.cloud\/ajedrezeuropa\/wp-json\/wp\/v2\/posts\/4218\/revisions"}],"predecessor-version":[{"id":4224,"href":"https:\/\/www.bfv.cloud\/ajedrezeuropa\/wp-json\/wp\/v2\/posts\/4218\/revisions\/4224"}],"wp:featuredmedia":[{"embeddable":true,"href":"https:\/\/www.bfv.cloud\/ajedrezeuropa\/wp-json\/wp\/v2\/media\/4219"}],"wp:attachment":[{"href":"https:\/\/www.bfv.cloud\/ajedrezeuropa\/wp-json\/wp\/v2\/media?parent=4218"}],"wp:term":[{"taxonomy":"category","embeddable":true,"href":"https:\/\/www.bfv.cloud\/ajedrezeuropa\/wp-json\/wp\/v2\/categories?post=4218"},{"taxonomy":"post_tag","embeddable":true,"href":"https:\/\/www.bfv.cloud\/ajedrezeuropa\/wp-json\/wp\/v2\/tags?post=4218"}],"curies":[{"name":"wp","href":"https:\/\/api.w.org\/{rel}","templated":true}]}}