{"id":4227,"date":"2014-01-13T23:16:00","date_gmt":"2014-01-13T23:16:00","guid":{"rendered":"https:\/\/www.bfv.cloud\/ajedrezeuropa\/index.php\/2014\/01\/13\/fin-de-semana-de-competiciones-escolares-el-domingo-comienza-el-provincial-de-ciudad-real\/"},"modified":"2025-11-20T11:14:22","modified_gmt":"2025-11-20T11:14:22","slug":"fin-de-semana-de-competiciones-escolares-el-domingo-comienza-el-provincial-de-ciudad-real","status":"publish","type":"post","link":"https:\/\/www.bfv.cloud\/ajedrezeuropa\/fin-de-semana-de-competiciones-escolares-el-domingo-comienza-el-provincial-de-ciudad-real\/","title":{"rendered":"FIN DE SEMANA DE COMPETICIONES ESCOLARES: EL DOMINGO COMIENZA EL PROVINCIAL DE CIUDAD REAL"},"content":{"rendered":"<div class=\"separator\" style=\"clear: both;text-align: center\">\n<\/div>\n<div class=\"separator\" style=\"clear: both;text-align: center\">\n<a href=\"https:\/\/www.bfv.cloud\/ajedrezeuropa\/wp-content\/uploads\/2014\/01\/nuevologotipodiputa5.jpg\" style=\"clear: right;float: right;margin-bottom: 1em;margin-left: 1em\"><img decoding=\"async\" border=\"0\" src=\"https:\/\/www.bfv.cloud\/ajedrezeuropa\/wp-content\/uploads\/2014\/01\/nuevologotipodiputa5.jpg\" height=\"113\" width=\"200\" \/><\/a><\/div>\n<p><img decoding=\"async\" alt=\"Castilla La Mancha. Este enlace se abrir\u00e1 en una ventana nueva.\" src=\"http:\/\/www.educa.jccm.es\/es\/banners\/144827-logoCM.png\" height=\"107\" width=\"200\" \/><\/p>\n<p><span style=\"font-family: Verdana, sans-serif\"><b>Este domingo dar\u00e1 comienzo el Campeonato del Deporte en Edad Escolar en su fase provincial en Toledo y Ciudad Real. La competici\u00f3n ciudarreale\u00f1a tendr\u00e1 su \u00fanica sede en el CERE (Palacio del Carnaval) de Miguelturra, durante 4 domingos: 19 y 26 de enero; 2 y 9 de febrero. Por el momento, tenemos la previsi\u00f3n de desplazamientos y jugadores de esta competici\u00f3n para el domingo 19, que reunir\u00e1 un n\u00famero aproximado a 115 jugadores entre la categor\u00eda cadete e infantil, 16 y 99 inicialmente. En esta primera jornada, nuestra escuela de ajedrez de Alc\u00e1zar viajar\u00e1 acompa\u00f1ada de la escuela de Campo de Criptana y del colegio de Trinitarias en el autob\u00fas que saldr\u00e1 de la m\u00e1quina del tren del parque Alces a las 8,15 de la ma\u00f1ana. La expedici\u00f3n de la escuela alcazare\u00f1a estar\u00e1 formada por estos 12 chicos y chicas:<\/b><\/span><br \/>\n<span style=\"font-family: Verdana, sans-serif\"><b>Javier Valdepe\u00f1as, Julio M\u00e9rida, Isabel Marcos-Alberca, Arturo Mate, \u00c1lvaro S\u00e1nchez-Mateos, Rub\u00e9n Monge, Pablo Vela, Enrique Velasco, Julia Meza, Horacio del Barco, Samuel Ortiz y Marta Espinosa.<\/b><\/span><br \/>\n<span style=\"font-family: Verdana, sans-serif\"><b>Estamos a la espera de poder informar sobre la organizaci\u00f3n del escolar toledano, que adem\u00e1s se celebrar\u00e1 simult\u00e1neamente al sub-18, y que este a\u00f1o se va a jugar en Mora en estos 4 s\u00e1bados: 18 y 25 de enero; 8 y 15 de febrero. En las pr\u00f3ximas horas facilitaremos datos m\u00e1s precisos al respecto. &nbsp;<\/b><\/span><\/p>\n","protected":false},"excerpt":{"rendered":"<p>Este domingo dar\u00e1 comienzo el Campeonato del Deporte en Edad Escolar en su fase provincial en Toledo y Ciudad Real. La competici\u00f3n ciudarreale\u00f1a tendr\u00e1 su \u00fanica sede en el CERE (Palacio del Carnaval) de Miguelturra, durante 4 domingos: 19 y 26 de enero; 2 y 9 de febrero. Por el momento, tenemos la previsi\u00f3n de [&hellip;]<\/p>\n","protected":false},"author":1,"featured_media":4228,"comment_status":"open","ping_status":"closed","sticky":false,"template":"","format":"standard","meta":{"footnotes":""},"categories":[1],"tags":[],"class_list":["post-4227","post","type-post","status-publish","format-standard","has-post-thumbnail","hentry","category-noticias"],"_links":{"self":[{"href":"https:\/\/www.bfv.cloud\/ajedrezeuropa\/wp-json\/wp\/v2\/posts\/4227","targetHints":{"allow":["GET"]}}],"collection":[{"href":"https:\/\/www.bfv.cloud\/ajedrezeuropa\/wp-json\/wp\/v2\/posts"}],"about":[{"href":"https:\/\/www.bfv.cloud\/ajedrezeuropa\/wp-json\/wp\/v2\/types\/post"}],"author":[{"embeddable":true,"href":"https:\/\/www.bfv.cloud\/ajedrezeuropa\/wp-json\/wp\/v2\/users\/1"}],"replies":[{"embeddable":true,"href":"https:\/\/www.bfv.cloud\/ajedrezeuropa\/wp-json\/wp\/v2\/comments?post=4227"}],"version-history":[{"count":1,"href":"https:\/\/www.bfv.cloud\/ajedrezeuropa\/wp-json\/wp\/v2\/posts\/4227\/revisions"}],"predecessor-version":[{"id":4229,"href":"https:\/\/www.bfv.cloud\/ajedrezeuropa\/wp-json\/wp\/v2\/posts\/4227\/revisions\/4229"}],"wp:featuredmedia":[{"embeddable":true,"href":"https:\/\/www.bfv.cloud\/ajedrezeuropa\/wp-json\/wp\/v2\/media\/4228"}],"wp:attachment":[{"href":"https:\/\/www.bfv.cloud\/ajedrezeuropa\/wp-json\/wp\/v2\/media?parent=4227"}],"wp:term":[{"taxonomy":"category","embeddable":true,"href":"https:\/\/www.bfv.cloud\/ajedrezeuropa\/wp-json\/wp\/v2\/categories?post=4227"},{"taxonomy":"post_tag","embeddable":true,"href":"https:\/\/www.bfv.cloud\/ajedrezeuropa\/wp-json\/wp\/v2\/tags?post=4227"}],"curies":[{"name":"wp","href":"https:\/\/api.w.org\/{rel}","templated":true}]}}