{"id":4230,"date":"2010-07-06T09:22:00","date_gmt":"2010-07-06T09:22:00","guid":{"rendered":"https:\/\/www.bfv.cloud\/ajedrezeuropa\/index.php\/2010\/07\/06\/campeonato-de-espana-sub-12\/"},"modified":"2025-11-20T11:14:24","modified_gmt":"2025-11-20T11:14:24","slug":"campeonato-de-espana-sub-12","status":"publish","type":"post","link":"https:\/\/www.bfv.cloud\/ajedrezeuropa\/campeonato-de-espana-sub-12\/","title":{"rendered":"CAMPEONATO DE ESPA\u00d1A SUB 12"},"content":{"rendered":"<div class=\"separator\" style=\"clear: both;text-align: center\"><a href=\"https:\/\/www.bfv.cloud\/ajedrezeuropa\/wp-content\/uploads\/2010\/07\/100_0243.jpg\" style=\"clear: left;float: left;margin-bottom: 1em;margin-right: 1em\"><img decoding=\"async\" border=\"0\" src=\"https:\/\/blogger.googleusercontent.com\/img\/b\/R29vZ2xl\/AVvXsEioF1bdDnYwnxWKUlFXcO2OLmurniZyZeDUIy4KolIWr4Oy6rhatRhBzsegGLRO3M1J5VtKImjx-qYgs9ZaCZEvasLjc0wVUjlML-P4cjwtQx_Od-_iKI7DiVbLFYagryHtuvL2IsrVnBw\/s320\/100_0243.jpg\" \/><\/a>Acaba de comenzar en el Hotel An\u00edbal de Linares el Campeonato de Espa\u00f1a sub-12 con la presencia de nuestra jugadora Silvia Toribio Camu\u00f1as. Silvia acude por tercera vez consecutiva a estos campeonatos nacionales despu\u00e9s de quedar 3\u00aa clasificada en el regional de Castilla-La Mancha. La foto corresponde al enfrentamiento con la canaria Ana Pozo Vinuesa disputada en la 1\u00aa ronda.<\/div>\n<div class=\"separator\" style=\"border-bottom: medium none;border-left: medium none;border-right: medium none;border-top: medium none;clear: both;text-align: center\"><a href=\"https:\/\/www.bfv.cloud\/ajedrezeuropa\/wp-content\/uploads\/2010\/07\/IRENECAMPESPAC391A.jpg\" style=\"clear: right;float: right;margin-bottom: 1em;margin-left: 1em\"><img decoding=\"async\" border=\"0\" src=\"https:\/\/blogger.googleusercontent.com\/img\/b\/R29vZ2xl\/AVvXsEhe5X8BpNSO-VyXRCaczTAawGoFL-e5zTQM2auwUZuwpAsvTe6svKPs-ry7-d3JYtaoxrrn-qDWTuKknQsV1GYOu9gzuZbs3Etm5ph_DZOvNsEA0hyphenhyphenA0DbKRxPCXsqau-NTHdsok76BHoQ\/s320\/IRENE+CAMP+ESPA%C3%91A.jpg\" \/><\/a>Por otra parte, el pasado domingo, finalizaba el Campeonato de Espa\u00f1a sub-10 en el que ha participado Irene Sim\u00f3n, obteniendo finalmente 3,5 puntos de un total de 9. Su meritoria participaci\u00f3n en esta categoria tan competida, la impulsar\u00e1 a seguir trabajando en su formaci\u00f3n ajedrec\u00edstica con el coraje que acostumbra.<\/div>\n<div class=\"separator\" style=\"border-bottom: medium none;border-left: medium none;border-right: medium none;border-top: medium none;clear: both;text-align: center\"><\/div>\n","protected":false},"excerpt":{"rendered":"<p>Acaba de comenzar en el Hotel An\u00edbal de Linares el Campeonato de Espa\u00f1a sub-12 con la presencia de nuestra jugadora Silvia Toribio Camu\u00f1as. Silvia acude por tercera vez consecutiva a estos campeonatos nacionales despu\u00e9s de quedar 3\u00aa clasificada en el regional de Castilla-La Mancha. La foto corresponde al enfrentamiento con la canaria Ana Pozo Vinuesa [&hellip;]<\/p>\n","protected":false},"author":1,"featured_media":4231,"comment_status":"open","ping_status":"closed","sticky":false,"template":"","format":"standard","meta":{"footnotes":""},"categories":[1],"tags":[],"class_list":["post-4230","post","type-post","status-publish","format-standard","has-post-thumbnail","hentry","category-noticias"],"_links":{"self":[{"href":"https:\/\/www.bfv.cloud\/ajedrezeuropa\/wp-json\/wp\/v2\/posts\/4230","targetHints":{"allow":["GET"]}}],"collection":[{"href":"https:\/\/www.bfv.cloud\/ajedrezeuropa\/wp-json\/wp\/v2\/posts"}],"about":[{"href":"https:\/\/www.bfv.cloud\/ajedrezeuropa\/wp-json\/wp\/v2\/types\/post"}],"author":[{"embeddable":true,"href":"https:\/\/www.bfv.cloud\/ajedrezeuropa\/wp-json\/wp\/v2\/users\/1"}],"replies":[{"embeddable":true,"href":"https:\/\/www.bfv.cloud\/ajedrezeuropa\/wp-json\/wp\/v2\/comments?post=4230"}],"version-history":[{"count":1,"href":"https:\/\/www.bfv.cloud\/ajedrezeuropa\/wp-json\/wp\/v2\/posts\/4230\/revisions"}],"predecessor-version":[{"id":4233,"href":"https:\/\/www.bfv.cloud\/ajedrezeuropa\/wp-json\/wp\/v2\/posts\/4230\/revisions\/4233"}],"wp:featuredmedia":[{"embeddable":true,"href":"https:\/\/www.bfv.cloud\/ajedrezeuropa\/wp-json\/wp\/v2\/media\/4231"}],"wp:attachment":[{"href":"https:\/\/www.bfv.cloud\/ajedrezeuropa\/wp-json\/wp\/v2\/media?parent=4230"}],"wp:term":[{"taxonomy":"category","embeddable":true,"href":"https:\/\/www.bfv.cloud\/ajedrezeuropa\/wp-json\/wp\/v2\/categories?post=4230"},{"taxonomy":"post_tag","embeddable":true,"href":"https:\/\/www.bfv.cloud\/ajedrezeuropa\/wp-json\/wp\/v2\/tags?post=4230"}],"curies":[{"name":"wp","href":"https:\/\/api.w.org\/{rel}","templated":true}]}}