{"id":4234,"date":"2014-03-09T11:37:00","date_gmt":"2014-03-09T11:37:00","guid":{"rendered":"https:\/\/www.bfv.cloud\/ajedrezeuropa\/index.php\/2014\/03\/09\/campeonato-provincial-por-edades-de-ciudad-real\/"},"modified":"2025-11-20T11:14:25","modified_gmt":"2025-11-20T11:14:25","slug":"campeonato-provincial-por-edades-de-ciudad-real","status":"publish","type":"post","link":"https:\/\/www.bfv.cloud\/ajedrezeuropa\/campeonato-provincial-por-edades-de-ciudad-real\/","title":{"rendered":"CAMPEONATO PROVINCIAL POR EDADES DE CIUDAD REAL"},"content":{"rendered":"<div class=\"separator\" style=\"clear: both;text-align: center\">\n<a href=\"https:\/\/www.bfv.cloud\/ajedrezeuropa\/wp-content\/uploads\/2014\/03\/ProvincialCategorias.jpg\" style=\"clear: left;float: left;margin-bottom: 1em;margin-right: 1em\"><img decoding=\"async\" border=\"0\" src=\"https:\/\/www.bfv.cloud\/ajedrezeuropa\/wp-content\/uploads\/2014\/03\/ProvincialCategorias.jpg\" height=\"200\" width=\"142\" \/><\/a><\/div>\n<p><span style=\"font-family: Trebuchet MS, sans-serif\">El pr\u00f3ximo domingo, d\u00eda 16 de marzo, comenzar\u00e1 en el Pabell\u00f3n del Colegio Ferroviario del Parque Gasset de Ciudad Real el provincial por edades valedero para la temporada 2014. El campeonato se completar\u00e1 los d\u00edas 22 y 23 de marzo con sus siguientes jornadas; el s\u00e1bado en jornada de tarde, con comienzo a las 16,30, y el domingo finalizar\u00e1 con la disputa de sus \u00faltimas rondas a partir de las 10 de la ma\u00f1ana, estando prevista la entrega de trofeos a las 14 horas. Los participantes por parte de la escuela de ajedrez de Alc\u00e1zar ser\u00e1n los siguientes, distribuidos por categor\u00edas:<\/span><br \/>\n<span style=\"font-family: Georgia, Times New Roman, serif\"><br \/><\/span><br \/>\n<span style=\"font-family: Georgia, Times New Roman, serif\"><br \/><\/span><br \/>\n<span style=\"font-family: Georgia, Times New Roman, serif\"><br \/><\/span><\/p>\n<div style=\"text-align: center\">\n<span style=\"font-family: Georgia, Times New Roman, serif\"><b><u>Sub-18<\/u><\/b><\/span><\/div>\n<div style=\"text-align: center\">\n<span style=\"color: #38761d;font-family: Georgia, Times New Roman, serif\"><b>Carlos \u00c1lvarez y Cosimo Leonardo de Giorgi<\/b><\/span><\/div>\n<div style=\"text-align: center\">\n<span style=\"font-family: Georgia, Times New Roman, serif\"><b><u>Sub-16<\/u><\/b><\/span><\/div>\n<div style=\"text-align: center\">\n<span style=\"color: #38761d;font-family: Georgia, Times New Roman, serif\"><b>Javier Valdepe\u00f1as<\/b><\/span><\/div>\n<div style=\"text-align: center\">\n<span style=\"font-family: Georgia, Times New Roman, serif\"><b><u>Sub-14<\/u><\/b><\/span><\/div>\n<div style=\"text-align: center\">\n<span style=\"color: #38761d;font-family: Georgia, Times New Roman, serif\"><b>Samuel Ortiz, Marta Espinosa y Julio M\u00e9rida<\/b><\/span><\/div>\n<div style=\"text-align: center\">\n<span style=\"font-family: Georgia, Times New Roman, serif\"><b><u>Sub-12<\/u><\/b><\/span><\/div>\n<div style=\"text-align: center\">\n<span style=\"color: #38761d;font-family: Georgia, Times New Roman, serif\"><b>Isabel Marcos-Alberca, Julia Meza, Pablo Vela, Arturo Mate, Enrique Velasco y \u00c1lvaro S\u00e1nchez-Mateos<\/b><\/span><\/div>\n<div style=\"text-align: center\">\n<span style=\"font-family: Georgia, Times New Roman, serif\"><b><u>Sub-10<\/u><\/b><\/span><\/div>\n<div style=\"text-align: center\">\n<span style=\"color: #38761d;font-family: Georgia, Times New Roman, serif\"><b>Nuria Lozano<\/b><\/span><\/div>\n<div style=\"text-align: left\">\n<span style=\"font-family: Georgia, Times New Roman, serif\"><br \/><\/span><\/div>\n<div style=\"text-align: left\">\n<span style=\"font-family: Trebuchet MS, sans-serif\">Est\u00e1 previsto que las categor\u00edas sub-8 y sub-10 jueguen 8 rondas a 40 minutos por jugador, mientras que en sub-12, sub-14, sub-16 y sub-18 se disputar\u00e1n 6 rondas a un ritmo de 60 minutos a ca\u00edda de bandera. Seg\u00fan las bases de la competici\u00f3n se entregar\u00e1n 3 trofeos para chicos y 3 para chicas en cada categor\u00eda de edad.<\/span><\/div>\n","protected":false},"excerpt":{"rendered":"<p>El pr\u00f3ximo domingo, d\u00eda 16 de marzo, comenzar\u00e1 en el Pabell\u00f3n del Colegio Ferroviario del Parque Gasset de Ciudad Real el provincial por edades valedero para la temporada 2014. El campeonato se completar\u00e1 los d\u00edas 22 y 23 de marzo con sus siguientes jornadas; el s\u00e1bado en jornada de tarde, con comienzo a las 16,30, [&hellip;]<\/p>\n","protected":false},"author":1,"featured_media":4235,"comment_status":"open","ping_status":"closed","sticky":false,"template":"","format":"standard","meta":{"footnotes":""},"categories":[1],"tags":[],"class_list":["post-4234","post","type-post","status-publish","format-standard","has-post-thumbnail","hentry","category-noticias"],"_links":{"self":[{"href":"https:\/\/www.bfv.cloud\/ajedrezeuropa\/wp-json\/wp\/v2\/posts\/4234","targetHints":{"allow":["GET"]}}],"collection":[{"href":"https:\/\/www.bfv.cloud\/ajedrezeuropa\/wp-json\/wp\/v2\/posts"}],"about":[{"href":"https:\/\/www.bfv.cloud\/ajedrezeuropa\/wp-json\/wp\/v2\/types\/post"}],"author":[{"embeddable":true,"href":"https:\/\/www.bfv.cloud\/ajedrezeuropa\/wp-json\/wp\/v2\/users\/1"}],"replies":[{"embeddable":true,"href":"https:\/\/www.bfv.cloud\/ajedrezeuropa\/wp-json\/wp\/v2\/comments?post=4234"}],"version-history":[{"count":1,"href":"https:\/\/www.bfv.cloud\/ajedrezeuropa\/wp-json\/wp\/v2\/posts\/4234\/revisions"}],"predecessor-version":[{"id":4236,"href":"https:\/\/www.bfv.cloud\/ajedrezeuropa\/wp-json\/wp\/v2\/posts\/4234\/revisions\/4236"}],"wp:featuredmedia":[{"embeddable":true,"href":"https:\/\/www.bfv.cloud\/ajedrezeuropa\/wp-json\/wp\/v2\/media\/4235"}],"wp:attachment":[{"href":"https:\/\/www.bfv.cloud\/ajedrezeuropa\/wp-json\/wp\/v2\/media?parent=4234"}],"wp:term":[{"taxonomy":"category","embeddable":true,"href":"https:\/\/www.bfv.cloud\/ajedrezeuropa\/wp-json\/wp\/v2\/categories?post=4234"},{"taxonomy":"post_tag","embeddable":true,"href":"https:\/\/www.bfv.cloud\/ajedrezeuropa\/wp-json\/wp\/v2\/tags?post=4234"}],"curies":[{"name":"wp","href":"https:\/\/api.w.org\/{rel}","templated":true}]}}