{"id":4237,"date":"2017-08-13T11:32:00","date_gmt":"2017-08-13T11:32:00","guid":{"rendered":"https:\/\/www.bfv.cloud\/ajedrezeuropa\/index.php\/2017\/08\/13\/javier-valdepenas-finaliza-en-las-primeras-posiciones-del-open-internacional-de-mislata\/"},"modified":"2025-11-20T11:14:27","modified_gmt":"2025-11-20T11:14:27","slug":"javier-valdepenas-finaliza-en-las-primeras-posiciones-del-open-internacional-de-mislata","status":"publish","type":"post","link":"https:\/\/www.bfv.cloud\/ajedrezeuropa\/javier-valdepenas-finaliza-en-las-primeras-posiciones-del-open-internacional-de-mislata\/","title":{"rendered":"\u00a1\u00a1JAVIER VALDEPE\u00d1AS FINALIZA EN LAS PRIMERAS POSICIONES DEL OPEN INTERNACIONAL DE MISLATA!!"},"content":{"rendered":"<div class=\"separator\" style=\"clear: both;text-align: center\">\n<a href=\"https:\/\/www.bfv.cloud\/ajedrezeuropa\/wp-content\/uploads\/2017\/08\/SAM_3349.jpg\" style=\"clear: left;float: left;margin-bottom: 1em;margin-right: 1em\"><img fetchpriority=\"high\" decoding=\"async\" border=\"0\" data-original-height=\"1200\" data-original-width=\"1600\" height=\"300\" src=\"https:\/\/blogger.googleusercontent.com\/img\/b\/R29vZ2xl\/AVvXsEiwSmOymOpKu3t-rh7ZMM29EX8cm7qM_mnTl8iQbs6szWa2ahSnybc1LiD6LLwzdJr_GodSAfTVm-IA-JywXATT05nmytbVkT7yJYIujMYCVQQjFZSm0z9gi7bGClcmF_274Azoee6Qk5w\/s400\/SAM_3349.JPG\" width=\"400\" \/><\/a><\/div>\n<p><span style=\"font-family: Helvetica Neue, Arial, Helvetica, sans-serif;font-size: large\"><b>Javier Valdepe\u00f1as Octavio, primer tablero del equipo sub-18 de Nuestro Ajedrez en Europa, ha completado un gran torneo en la LI edici\u00f3n del Internacional de Mislata (Grupo B), alcanzado 6,5 puntos, mejorando en 47 puntos su valoraci\u00f3n FIDE y empatando a puntos con el 2\u00ba clasificado. Con 5 victorias, 3 tablas y una sola derrota ha quedado situado en la 4\u00aa posici\u00f3n de este prestigioso torneo internacional valenciano, partiendo de la 9\u00aa plaza del ranking inicial. Javier, est\u00e1 en su \u00faltimo a\u00f1o dentro de la categor\u00eda sub-18 y es uno de los exponentes del ajedrez castellano-manchego, al igual que anteriormente lo fueron otras generaciones de las escuelas de Alc\u00e1zar y Villafranca y en la actualidad lo son otr@s chicos y chicas de nuestros clubes.&nbsp;<\/b><\/span><br \/>\n<span style=\"font-family: Helvetica Neue, Arial, Helvetica, sans-serif;font-size: large\"><b>El presente del proyecto est\u00e1 avalado por la trayectoria de varios j\u00f3venes valores formados en el proyecto Nuestro Ajedrez en Europa, cuyo recorrido en la competici\u00f3n est\u00e1 creciendo y lo continuar\u00e1 haciendo en un futuro pr\u00f3ximo gracias al trabajo que desarrollan est@s chicos y chicas, y a la preparaci\u00f3n que les proporcionan nuestro equipo de entrenadores.<\/b><\/span><br \/>\n<span style=\"font-family: Helvetica Neue, Arial, Helvetica, sans-serif;font-size: large\"><b>\u00a1\u00a1Bravo, Javier!!<\/b><\/span><\/p>\n","protected":false},"excerpt":{"rendered":"<p>Javier Valdepe\u00f1as Octavio, primer tablero del equipo sub-18 de Nuestro Ajedrez en Europa, ha completado un gran torneo en la LI edici\u00f3n del Internacional de Mislata (Grupo B), alcanzado 6,5 puntos, mejorando en 47 puntos su valoraci\u00f3n FIDE y empatando a puntos con el 2\u00ba clasificado. Con 5 victorias, 3 tablas y una sola derrota [&hellip;]<\/p>\n","protected":false},"author":1,"featured_media":4238,"comment_status":"open","ping_status":"closed","sticky":false,"template":"","format":"standard","meta":{"footnotes":""},"categories":[1],"tags":[],"class_list":["post-4237","post","type-post","status-publish","format-standard","has-post-thumbnail","hentry","category-noticias"],"_links":{"self":[{"href":"https:\/\/www.bfv.cloud\/ajedrezeuropa\/wp-json\/wp\/v2\/posts\/4237","targetHints":{"allow":["GET"]}}],"collection":[{"href":"https:\/\/www.bfv.cloud\/ajedrezeuropa\/wp-json\/wp\/v2\/posts"}],"about":[{"href":"https:\/\/www.bfv.cloud\/ajedrezeuropa\/wp-json\/wp\/v2\/types\/post"}],"author":[{"embeddable":true,"href":"https:\/\/www.bfv.cloud\/ajedrezeuropa\/wp-json\/wp\/v2\/users\/1"}],"replies":[{"embeddable":true,"href":"https:\/\/www.bfv.cloud\/ajedrezeuropa\/wp-json\/wp\/v2\/comments?post=4237"}],"version-history":[{"count":1,"href":"https:\/\/www.bfv.cloud\/ajedrezeuropa\/wp-json\/wp\/v2\/posts\/4237\/revisions"}],"predecessor-version":[{"id":4239,"href":"https:\/\/www.bfv.cloud\/ajedrezeuropa\/wp-json\/wp\/v2\/posts\/4237\/revisions\/4239"}],"wp:featuredmedia":[{"embeddable":true,"href":"https:\/\/www.bfv.cloud\/ajedrezeuropa\/wp-json\/wp\/v2\/media\/4238"}],"wp:attachment":[{"href":"https:\/\/www.bfv.cloud\/ajedrezeuropa\/wp-json\/wp\/v2\/media?parent=4237"}],"wp:term":[{"taxonomy":"category","embeddable":true,"href":"https:\/\/www.bfv.cloud\/ajedrezeuropa\/wp-json\/wp\/v2\/categories?post=4237"},{"taxonomy":"post_tag","embeddable":true,"href":"https:\/\/www.bfv.cloud\/ajedrezeuropa\/wp-json\/wp\/v2\/tags?post=4237"}],"curies":[{"name":"wp","href":"https:\/\/api.w.org\/{rel}","templated":true}]}}